{"id":4621,"date":"2023-06-30T12:42:05","date_gmt":"2023-06-30T10:42:05","guid":{"rendered":"https:\/\/pizzastories.le5stagioni.com\/nicht-kategorisiert\/wer-wird-der-neue-aufstrebende-pizzabaecker-sein\/"},"modified":"2023-06-30T12:42:05","modified_gmt":"2023-06-30T10:42:05","slug":"wer-wird-der-neue-aufstrebende-pizzabaecker-sein","status":"publish","type":"post","link":"https:\/\/pizzastories.le5stagioni.com\/de\/aufstrebende-pizza\/wer-wird-der-neue-aufstrebende-pizzabaecker-sein\/","title":{"rendered":"Wer wird der neue aufstrebende Pizzab\u00e4cker sein?"},"content":{"rendered":"\n<div class=\"stripe-one-col-media fullwidth\">\n            <img decoding=\"async\" src=\"https:\/\/pizzastories.le5stagioni.com\/wp-content\/uploads\/2025\/05\/emergente-selezione-nord-24.jpg\" alt=\"\">\t\t<\/div>\n<div class=\"stripe-one-col-text \">\n<div class=\"text-description\">\n<p style=\"text-align: justify;\">Am <strong>4. und 5. Juli<\/strong> beginnt die neue Ausgabe von <strong>Emergente<\/strong> mit der <strong>Northern Selection<\/strong>: in der <strong>Villa Terzaghi<\/strong>, der Kochschule <strong>Maestro Martino<\/strong> unter der Leitung von <strong>Carlo Cracco<\/strong>.<\/p>\n<p style=\"text-align: justify;\">Die Ausgabe 2024 umfasst in der Regel drei Veranstaltungen: die Nord-Auswahl, die Zentral-S\u00fcd-Auswahl, die am 3. und 4. Oktober 2023 in der Universit\u00e4t der Aromen in Perugia stattfinden wird, und das Finale, das Anfang 2024 in der ALMA, einer Kochschule in der Reggia di Colorno, stattfinden wird. Die vier besten K\u00f6che und Pizzab\u00e4cker aus jeder der beiden Auswahlen werden zum Finale zugelassen. Die Finalisten werden von verschiedenen Jurys bestimmt, die sich aus Journalisten und Experten des Sektors zusammensetzen.  <\/p>\n<p style=\"text-align: justify;\"><strong>EmergentePizza<\/strong> findet in zwei Etappen statt: Am Dienstag, den 4. Juli, bereiten die Teilnehmer den Teig f\u00fcr den n\u00e4chsten Tag vor und haben als Thema Pizza Margherita. Am n\u00e4chsten Tag geht es um ein freies Thema mit dem am Vortag zubereiteten Teig. <\/p>\n<\/div><\/div>\n<div class=\"shared-content \">\n            \t\t<\/div>\n","protected":false},"excerpt":{"rendered":"<p>Am 4. und 5. Juli beginnt die neue Ausgabe von Emergente mit der Selezione Nord: in der Villa Terzaghi<\/p>\n","protected":false},"author":1,"featured_media":4622,"comment_status":"closed","ping_status":"closed","sticky":false,"template":"","format":"standard","meta":{"_acf_changed":false,"footnotes":""},"categories":[168],"tags":[],"class_list":["post-4621","post","type-post","status-publish","format-standard","has-post-thumbnail","hentry","category-aufstrebende-pizza"],"acf":[],"yoast_head":"<!-- This site is optimized with the Yoast SEO plugin v27.5 - https:\/\/yoast.com\/product\/yoast-seo-wordpress\/ -->\n<title>Wer wird der neue aufstrebende Pizzab\u00e4cker sein? - Pizza Stories<\/title>\n<meta name=\"robots\" content=\"index, follow, max-snippet:-1, max-image-preview:large, max-video-preview:-1\" \/>\n<link rel=\"canonical\" href=\"https:\/\/pizzastories.le5stagioni.com\/de\/aufstrebende-pizza\/wer-wird-der-neue-aufstrebende-pizzabaecker-sein\/\" \/>\n<meta property=\"og:locale\" content=\"de_DE\" \/>\n<meta property=\"og:type\" content=\"article\" \/>\n<meta property=\"og:title\" content=\"Wer wird der neue aufstrebende Pizzab\u00e4cker sein? - Pizza Stories\" \/>\n<meta property=\"og:description\" content=\"Am 4. und 5. Juli beginnt die neue Ausgabe von Emergente mit der Selezione Nord: in der Villa Terzaghi\" \/>\n<meta property=\"og:url\" content=\"https:\/\/pizzastories.le5stagioni.com\/de\/aufstrebende-pizza\/wer-wird-der-neue-aufstrebende-pizzabaecker-sein\/\" \/>\n<meta property=\"og:site_name\" content=\"Pizza Stories\" \/>\n<meta property=\"article:published_time\" content=\"2023-06-30T10:42:05+00:00\" \/>\n<meta property=\"og:image\" content=\"https:\/\/pizzastories.le5stagioni.com\/wp-content\/uploads\/2025\/05\/emergente-selezione-nord-24-1.jpg\" \/>\n\t<meta property=\"og:image:width\" content=\"1920\" \/>\n\t<meta property=\"og:image:height\" content=\"647\" \/>\n\t<meta property=\"og:image:type\" content=\"image\/jpeg\" \/>\n<meta name=\"author\" content=\"admin\" \/>\n<meta name=\"twitter:card\" content=\"summary_large_image\" \/>\n<meta name=\"twitter:label1\" content=\"Verfasst von\" \/>\n\t<meta name=\"twitter:data1\" content=\"admin\" \/>\n\t<meta name=\"twitter:label2\" content=\"Gesch\u00e4tzte Lesezeit\" \/>\n\t<meta name=\"twitter:data2\" content=\"1\u00a0Minute\" \/>\n<script type=\"application\/ld+json\" class=\"yoast-schema-graph\">{\"@context\":\"https:\\\/\\\/schema.org\",\"@graph\":[{\"@type\":\"Article\",\"@id\":\"https:\\\/\\\/pizzastories.le5stagioni.com\\\/de\\\/aufstrebende-pizza\\\/wer-wird-der-neue-aufstrebende-pizzabaecker-sein\\\/#article\",\"isPartOf\":{\"@id\":\"https:\\\/\\\/pizzastories.le5stagioni.com\\\/de\\\/aufstrebende-pizza\\\/wer-wird-der-neue-aufstrebende-pizzabaecker-sein\\\/\"},\"author\":{\"name\":\"admin\",\"@id\":\"https:\\\/\\\/pizzastories.le5stagioni.com\\\/de\\\/#\\\/schema\\\/person\\\/d29300c90b5517cd405edf2c907a69ba\"},\"headline\":\"Wer wird der neue aufstrebende Pizzab\u00e4cker sein?\",\"datePublished\":\"2023-06-30T10:42:05+00:00\",\"mainEntityOfPage\":{\"@id\":\"https:\\\/\\\/pizzastories.le5stagioni.com\\\/de\\\/aufstrebende-pizza\\\/wer-wird-der-neue-aufstrebende-pizzabaecker-sein\\\/\"},\"wordCount\":156,\"publisher\":{\"@id\":\"https:\\\/\\\/pizzastories.le5stagioni.com\\\/de\\\/#organization\"},\"image\":{\"@id\":\"https:\\\/\\\/pizzastories.le5stagioni.com\\\/de\\\/aufstrebende-pizza\\\/wer-wird-der-neue-aufstrebende-pizzabaecker-sein\\\/#primaryimage\"},\"thumbnailUrl\":\"https:\\\/\\\/pizzastories.le5stagioni.com\\\/wp-content\\\/uploads\\\/2025\\\/05\\\/emergente-selezione-nord-24-1.jpg\",\"articleSection\":[\"aufstrebende Pizza\"],\"inLanguage\":\"de\"},{\"@type\":\"WebPage\",\"@id\":\"https:\\\/\\\/pizzastories.le5stagioni.com\\\/de\\\/aufstrebende-pizza\\\/wer-wird-der-neue-aufstrebende-pizzabaecker-sein\\\/\",\"url\":\"https:\\\/\\\/pizzastories.le5stagioni.com\\\/de\\\/aufstrebende-pizza\\\/wer-wird-der-neue-aufstrebende-pizzabaecker-sein\\\/\",\"name\":\"Wer wird der neue aufstrebende Pizzab\u00e4cker sein? - Pizza Stories\",\"isPartOf\":{\"@id\":\"https:\\\/\\\/pizzastories.le5stagioni.com\\\/de\\\/#website\"},\"primaryImageOfPage\":{\"@id\":\"https:\\\/\\\/pizzastories.le5stagioni.com\\\/de\\\/aufstrebende-pizza\\\/wer-wird-der-neue-aufstrebende-pizzabaecker-sein\\\/#primaryimage\"},\"image\":{\"@id\":\"https:\\\/\\\/pizzastories.le5stagioni.com\\\/de\\\/aufstrebende-pizza\\\/wer-wird-der-neue-aufstrebende-pizzabaecker-sein\\\/#primaryimage\"},\"thumbnailUrl\":\"https:\\\/\\\/pizzastories.le5stagioni.com\\\/wp-content\\\/uploads\\\/2025\\\/05\\\/emergente-selezione-nord-24-1.jpg\",\"datePublished\":\"2023-06-30T10:42:05+00:00\",\"breadcrumb\":{\"@id\":\"https:\\\/\\\/pizzastories.le5stagioni.com\\\/de\\\/aufstrebende-pizza\\\/wer-wird-der-neue-aufstrebende-pizzabaecker-sein\\\/#breadcrumb\"},\"inLanguage\":\"de\",\"potentialAction\":[{\"@type\":\"ReadAction\",\"target\":[\"https:\\\/\\\/pizzastories.le5stagioni.com\\\/de\\\/aufstrebende-pizza\\\/wer-wird-der-neue-aufstrebende-pizzabaecker-sein\\\/\"]}]},{\"@type\":\"ImageObject\",\"inLanguage\":\"de\",\"@id\":\"https:\\\/\\\/pizzastories.le5stagioni.com\\\/de\\\/aufstrebende-pizza\\\/wer-wird-der-neue-aufstrebende-pizzabaecker-sein\\\/#primaryimage\",\"url\":\"https:\\\/\\\/pizzastories.le5stagioni.com\\\/wp-content\\\/uploads\\\/2025\\\/05\\\/emergente-selezione-nord-24-1.jpg\",\"contentUrl\":\"https:\\\/\\\/pizzastories.le5stagioni.com\\\/wp-content\\\/uploads\\\/2025\\\/05\\\/emergente-selezione-nord-24-1.jpg\",\"width\":1920,\"height\":647,\"caption\":\"Chi sar\u00e0 il nuovo pizzaiolo emergente?\"},{\"@type\":\"BreadcrumbList\",\"@id\":\"https:\\\/\\\/pizzastories.le5stagioni.com\\\/de\\\/aufstrebende-pizza\\\/wer-wird-der-neue-aufstrebende-pizzabaecker-sein\\\/#breadcrumb\",\"itemListElement\":[{\"@type\":\"ListItem\",\"position\":1,\"name\":\"Home\",\"item\":\"https:\\\/\\\/pizzastories.le5stagioni.com\\\/de\\\/\"},{\"@type\":\"ListItem\",\"position\":2,\"name\":\"Wer wird der neue aufstrebende Pizzab\u00e4cker sein?\"}]},{\"@type\":\"WebSite\",\"@id\":\"https:\\\/\\\/pizzastories.le5stagioni.com\\\/de\\\/#website\",\"url\":\"https:\\\/\\\/pizzastories.le5stagioni.com\\\/de\\\/\",\"name\":\"Pizza Stories\",\"description\":\"La community degli amanti della pizza\",\"publisher\":{\"@id\":\"https:\\\/\\\/pizzastories.le5stagioni.com\\\/de\\\/#organization\"},\"potentialAction\":[{\"@type\":\"SearchAction\",\"target\":{\"@type\":\"EntryPoint\",\"urlTemplate\":\"https:\\\/\\\/pizzastories.le5stagioni.com\\\/de\\\/?s={search_term_string}\"},\"query-input\":{\"@type\":\"PropertyValueSpecification\",\"valueRequired\":true,\"valueName\":\"search_term_string\"}}],\"inLanguage\":\"de\"},{\"@type\":\"Organization\",\"@id\":\"https:\\\/\\\/pizzastories.le5stagioni.com\\\/de\\\/#organization\",\"name\":\"Pizza Stories\",\"url\":\"https:\\\/\\\/pizzastories.le5stagioni.com\\\/de\\\/\",\"logo\":{\"@type\":\"ImageObject\",\"inLanguage\":\"de\",\"@id\":\"https:\\\/\\\/pizzastories.le5stagioni.com\\\/de\\\/#\\\/schema\\\/logo\\\/image\\\/\",\"url\":\"https:\\\/\\\/pizzastories.le5stagioni.com\\\/wp-content\\\/uploads\\\/2025\\\/05\\\/cropped-pizza-stories-logo.png\",\"contentUrl\":\"https:\\\/\\\/pizzastories.le5stagioni.com\\\/wp-content\\\/uploads\\\/2025\\\/05\\\/cropped-pizza-stories-logo.png\",\"width\":512,\"height\":512,\"caption\":\"Pizza Stories\"},\"image\":{\"@id\":\"https:\\\/\\\/pizzastories.le5stagioni.com\\\/de\\\/#\\\/schema\\\/logo\\\/image\\\/\"}},{\"@type\":\"Person\",\"@id\":\"https:\\\/\\\/pizzastories.le5stagioni.com\\\/de\\\/#\\\/schema\\\/person\\\/d29300c90b5517cd405edf2c907a69ba\",\"name\":\"admin\",\"image\":{\"@type\":\"ImageObject\",\"inLanguage\":\"de\",\"@id\":\"https:\\\/\\\/secure.gravatar.com\\\/avatar\\\/5edb4df5e2959cba313f23cb81d70d9233dad5fed62a756d80df55fa53e32990?s=96&d=mm&r=g\",\"url\":\"https:\\\/\\\/secure.gravatar.com\\\/avatar\\\/5edb4df5e2959cba313f23cb81d70d9233dad5fed62a756d80df55fa53e32990?s=96&d=mm&r=g\",\"contentUrl\":\"https:\\\/\\\/secure.gravatar.com\\\/avatar\\\/5edb4df5e2959cba313f23cb81d70d9233dad5fed62a756d80df55fa53e32990?s=96&d=mm&r=g\",\"caption\":\"admin\"},\"sameAs\":[\"https:\\\/\\\/pizzastories.le5stagioni.com\"],\"url\":\"https:\\\/\\\/pizzastories.le5stagioni.com\\\/de\\\/author\\\/eperrone_1lnrhwgg\\\/\"}]}<\/script>\n<!-- \/ Yoast SEO plugin. -->","yoast_head_json":{"title":"Wer wird der neue aufstrebende Pizzab\u00e4cker sein? - Pizza Stories","robots":{"index":"index","follow":"follow","max-snippet":"max-snippet:-1","max-image-preview":"max-image-preview:large","max-video-preview":"max-video-preview:-1"},"canonical":"https:\/\/pizzastories.le5stagioni.com\/de\/aufstrebende-pizza\/wer-wird-der-neue-aufstrebende-pizzabaecker-sein\/","og_locale":"de_DE","og_type":"article","og_title":"Wer wird der neue aufstrebende Pizzab\u00e4cker sein? - Pizza Stories","og_description":"Am 4. und 5. Juli beginnt die neue Ausgabe von Emergente mit der Selezione Nord: in der Villa Terzaghi","og_url":"https:\/\/pizzastories.le5stagioni.com\/de\/aufstrebende-pizza\/wer-wird-der-neue-aufstrebende-pizzabaecker-sein\/","og_site_name":"Pizza Stories","article_published_time":"2023-06-30T10:42:05+00:00","og_image":[{"width":1920,"height":647,"url":"https:\/\/pizzastories.le5stagioni.com\/wp-content\/uploads\/2025\/05\/emergente-selezione-nord-24-1.jpg","type":"image\/jpeg"}],"author":"admin","twitter_card":"summary_large_image","twitter_misc":{"Verfasst von":"admin","Gesch\u00e4tzte Lesezeit":"1\u00a0Minute"},"schema":{"@context":"https:\/\/schema.org","@graph":[{"@type":"Article","@id":"https:\/\/pizzastories.le5stagioni.com\/de\/aufstrebende-pizza\/wer-wird-der-neue-aufstrebende-pizzabaecker-sein\/#article","isPartOf":{"@id":"https:\/\/pizzastories.le5stagioni.com\/de\/aufstrebende-pizza\/wer-wird-der-neue-aufstrebende-pizzabaecker-sein\/"},"author":{"name":"admin","@id":"https:\/\/pizzastories.le5stagioni.com\/de\/#\/schema\/person\/d29300c90b5517cd405edf2c907a69ba"},"headline":"Wer wird der neue aufstrebende Pizzab\u00e4cker sein?","datePublished":"2023-06-30T10:42:05+00:00","mainEntityOfPage":{"@id":"https:\/\/pizzastories.le5stagioni.com\/de\/aufstrebende-pizza\/wer-wird-der-neue-aufstrebende-pizzabaecker-sein\/"},"wordCount":156,"publisher":{"@id":"https:\/\/pizzastories.le5stagioni.com\/de\/#organization"},"image":{"@id":"https:\/\/pizzastories.le5stagioni.com\/de\/aufstrebende-pizza\/wer-wird-der-neue-aufstrebende-pizzabaecker-sein\/#primaryimage"},"thumbnailUrl":"https:\/\/pizzastories.le5stagioni.com\/wp-content\/uploads\/2025\/05\/emergente-selezione-nord-24-1.jpg","articleSection":["aufstrebende Pizza"],"inLanguage":"de"},{"@type":"WebPage","@id":"https:\/\/pizzastories.le5stagioni.com\/de\/aufstrebende-pizza\/wer-wird-der-neue-aufstrebende-pizzabaecker-sein\/","url":"https:\/\/pizzastories.le5stagioni.com\/de\/aufstrebende-pizza\/wer-wird-der-neue-aufstrebende-pizzabaecker-sein\/","name":"Wer wird der neue aufstrebende Pizzab\u00e4cker sein? - Pizza Stories","isPartOf":{"@id":"https:\/\/pizzastories.le5stagioni.com\/de\/#website"},"primaryImageOfPage":{"@id":"https:\/\/pizzastories.le5stagioni.com\/de\/aufstrebende-pizza\/wer-wird-der-neue-aufstrebende-pizzabaecker-sein\/#primaryimage"},"image":{"@id":"https:\/\/pizzastories.le5stagioni.com\/de\/aufstrebende-pizza\/wer-wird-der-neue-aufstrebende-pizzabaecker-sein\/#primaryimage"},"thumbnailUrl":"https:\/\/pizzastories.le5stagioni.com\/wp-content\/uploads\/2025\/05\/emergente-selezione-nord-24-1.jpg","datePublished":"2023-06-30T10:42:05+00:00","breadcrumb":{"@id":"https:\/\/pizzastories.le5stagioni.com\/de\/aufstrebende-pizza\/wer-wird-der-neue-aufstrebende-pizzabaecker-sein\/#breadcrumb"},"inLanguage":"de","potentialAction":[{"@type":"ReadAction","target":["https:\/\/pizzastories.le5stagioni.com\/de\/aufstrebende-pizza\/wer-wird-der-neue-aufstrebende-pizzabaecker-sein\/"]}]},{"@type":"ImageObject","inLanguage":"de","@id":"https:\/\/pizzastories.le5stagioni.com\/de\/aufstrebende-pizza\/wer-wird-der-neue-aufstrebende-pizzabaecker-sein\/#primaryimage","url":"https:\/\/pizzastories.le5stagioni.com\/wp-content\/uploads\/2025\/05\/emergente-selezione-nord-24-1.jpg","contentUrl":"https:\/\/pizzastories.le5stagioni.com\/wp-content\/uploads\/2025\/05\/emergente-selezione-nord-24-1.jpg","width":1920,"height":647,"caption":"Chi sar\u00e0 il nuovo pizzaiolo emergente?"},{"@type":"BreadcrumbList","@id":"https:\/\/pizzastories.le5stagioni.com\/de\/aufstrebende-pizza\/wer-wird-der-neue-aufstrebende-pizzabaecker-sein\/#breadcrumb","itemListElement":[{"@type":"ListItem","position":1,"name":"Home","item":"https:\/\/pizzastories.le5stagioni.com\/de\/"},{"@type":"ListItem","position":2,"name":"Wer wird der neue aufstrebende Pizzab\u00e4cker sein?"}]},{"@type":"WebSite","@id":"https:\/\/pizzastories.le5stagioni.com\/de\/#website","url":"https:\/\/pizzastories.le5stagioni.com\/de\/","name":"Pizza Stories","description":"La community degli amanti della pizza","publisher":{"@id":"https:\/\/pizzastories.le5stagioni.com\/de\/#organization"},"potentialAction":[{"@type":"SearchAction","target":{"@type":"EntryPoint","urlTemplate":"https:\/\/pizzastories.le5stagioni.com\/de\/?s={search_term_string}"},"query-input":{"@type":"PropertyValueSpecification","valueRequired":true,"valueName":"search_term_string"}}],"inLanguage":"de"},{"@type":"Organization","@id":"https:\/\/pizzastories.le5stagioni.com\/de\/#organization","name":"Pizza Stories","url":"https:\/\/pizzastories.le5stagioni.com\/de\/","logo":{"@type":"ImageObject","inLanguage":"de","@id":"https:\/\/pizzastories.le5stagioni.com\/de\/#\/schema\/logo\/image\/","url":"https:\/\/pizzastories.le5stagioni.com\/wp-content\/uploads\/2025\/05\/cropped-pizza-stories-logo.png","contentUrl":"https:\/\/pizzastories.le5stagioni.com\/wp-content\/uploads\/2025\/05\/cropped-pizza-stories-logo.png","width":512,"height":512,"caption":"Pizza Stories"},"image":{"@id":"https:\/\/pizzastories.le5stagioni.com\/de\/#\/schema\/logo\/image\/"}},{"@type":"Person","@id":"https:\/\/pizzastories.le5stagioni.com\/de\/#\/schema\/person\/d29300c90b5517cd405edf2c907a69ba","name":"admin","image":{"@type":"ImageObject","inLanguage":"de","@id":"https:\/\/secure.gravatar.com\/avatar\/5edb4df5e2959cba313f23cb81d70d9233dad5fed62a756d80df55fa53e32990?s=96&d=mm&r=g","url":"https:\/\/secure.gravatar.com\/avatar\/5edb4df5e2959cba313f23cb81d70d9233dad5fed62a756d80df55fa53e32990?s=96&d=mm&r=g","contentUrl":"https:\/\/secure.gravatar.com\/avatar\/5edb4df5e2959cba313f23cb81d70d9233dad5fed62a756d80df55fa53e32990?s=96&d=mm&r=g","caption":"admin"},"sameAs":["https:\/\/pizzastories.le5stagioni.com"],"url":"https:\/\/pizzastories.le5stagioni.com\/de\/author\/eperrone_1lnrhwgg\/"}]}},"_links":{"self":[{"href":"https:\/\/pizzastories.le5stagioni.com\/de\/wp-json\/wp\/v2\/posts\/4621","targetHints":{"allow":["GET"]}}],"collection":[{"href":"https:\/\/pizzastories.le5stagioni.com\/de\/wp-json\/wp\/v2\/posts"}],"about":[{"href":"https:\/\/pizzastories.le5stagioni.com\/de\/wp-json\/wp\/v2\/types\/post"}],"author":[{"embeddable":true,"href":"https:\/\/pizzastories.le5stagioni.com\/de\/wp-json\/wp\/v2\/users\/1"}],"replies":[{"embeddable":true,"href":"https:\/\/pizzastories.le5stagioni.com\/de\/wp-json\/wp\/v2\/comments?post=4621"}],"version-history":[{"count":0,"href":"https:\/\/pizzastories.le5stagioni.com\/de\/wp-json\/wp\/v2\/posts\/4621\/revisions"}],"wp:featuredmedia":[{"embeddable":true,"href":"https:\/\/pizzastories.le5stagioni.com\/de\/wp-json\/wp\/v2\/media\/4622"}],"wp:attachment":[{"href":"https:\/\/pizzastories.le5stagioni.com\/de\/wp-json\/wp\/v2\/media?parent=4621"}],"wp:term":[{"taxonomy":"category","embeddable":true,"href":"https:\/\/pizzastories.le5stagioni.com\/de\/wp-json\/wp\/v2\/categories?post=4621"},{"taxonomy":"post_tag","embeddable":true,"href":"https:\/\/pizzastories.le5stagioni.com\/de\/wp-json\/wp\/v2\/tags?post=4621"}],"curies":[{"name":"wp","href":"https:\/\/api.w.org\/{rel}","templated":true}]}}