{"id":4722,"date":"2023-06-20T14:31:20","date_gmt":"2023-06-20T12:31:20","guid":{"rendered":"https:\/\/pizzastories.le5stagioni.com\/nicht-kategorisiert\/die-emergente-pizza-auswahl-fuer-das-zentrum-sued-ist-beendet\/"},"modified":"2023-06-20T14:31:20","modified_gmt":"2023-06-20T12:31:20","slug":"die-emergente-pizza-auswahl-fuer-das-zentrum-sued-ist-beendet","status":"publish","type":"post","link":"https:\/\/pizzastories.le5stagioni.com\/de\/aufstrebende-pizza\/die-emergente-pizza-auswahl-fuer-das-zentrum-sued-ist-beendet\/","title":{"rendered":"Die Emergente Pizza Auswahl f\u00fcr das Zentrum-S\u00fcd ist beendet"},"content":{"rendered":"\n<div class=\"stripe-one-col-media fullwidth\">\n            <img decoding=\"async\" src=\"https:\/\/pizzastories.le5stagioni.com\/wp-content\/uploads\/2025\/05\/emergenza-pizza-la-tappa-centro-sud-header.jpg\" alt=\"\">\t\t<\/div>\n<div class=\"stripe-one-col-text \">\n<div class=\"text-description\">\n<p style=\"text-align: justify;\">Die Mittel-S\u00fcd-Auswahl f\u00fcr den <strong>EMERGENT PIZZA 2023<\/strong> Award (ein Wettbewerb f\u00fcr junge K\u00f6che und Pizzab\u00e4cker unter 30 Jahren, der von Witaly konzipiert und organisiert wird) fand dieses Jahr an einem au\u00dfergew\u00f6hnlichen Ort statt: der<strong>Universit\u00e4t der Aromen in Perugia.<\/strong><\/p>\n<p style=\"text-align: justify;\">In der Kategorie EMERGENT PIZZA (erinnern Sie sich daran, dass das obligatorische Thema NO-WASTE laut Vorschrift war) haben sie die Runde bestanden:<\/p>\n<p style=\"text-align: justify;\"><strong>1.<\/strong> UMBERTO <strong>COSTA<\/strong> (Umberto in Lucca) mit der abfallfreien Pizza \u201eAutunno in una pizza &#8211; Vellutata di bufala blue, nduja, Thymian, K\u00fcrbiskernbl\u00e4tter und ger\u00f6stetes K\u00fcrbismark\u201c;<br \/>&nbsp;<\/p>\n<p style=\"text-align: justify;\"><strong>2. RAOUL ROTUNDO<\/strong> (Fiori di zucca in Rom) mit der abfallfreien Pizza \u201eNonna non butta niente &#8211; Salsa di ciliegino confit, Purpurkohl au naturel, Baccal\u00e0 mantecato-Kugeln mit hausgemachtem Crusco-Paprika, Tuscia-Kartoffelschalenchips\u201c;<\/p>\n<p style=\"text-align: justify;\"><strong>3. VINCENZO LA PORTA<\/strong> (Le Fontanelle in Raffadali &#8211; AG) mit der abfallfreien Pizza \u201eVariation von Norma &#8211; Gebratene Auberginencreme mit Basilikum, gebratene Auberginenchips, Fiordilatte, halbgetrocknete Pizzutello-Tomaten, frischer Schafsricotta, schwarzer Sesam, Basilikum\u201c;<\/p>\n<p style=\"text-align: justify;\"><strong>4. GIULIO PIERSANTI <\/strong>(A modo mio in Lugnano in Teverina) mit der abfallfreien Pizza \u201eProfumi di Terra Mia &#8211; Crema di castagne di Soriano del Cimino, fiordilatte, porcini della Valnerina, W\u00fcrste, ger\u00f6stete N\u00fcsse aus Porchiano del Monte\u201c.<\/p>\n<p style=\"text-align: justify;\">Emergente Pizza fand in zwei Etappen statt. Am <strong>Montag, den 10. Oktober<\/strong>, traten die Teilnehmer zum Thema der K\u00f6nigin der Pizzas, der Pizza Margherita, an. Am darauffolgenden Tag, <strong>Dienstag, den 11. Oktober<\/strong>, war die Herausforderung stattdessen ein freies Thema. <\/p>\n<p style=\"text-align: justify;\">Dies sind die Teilnehmer, die an dem Wettbewerb teilgenommen haben:<\/p>\n<p style=\"text-align: justify;\">Gabriele Tomassetti von Svario in Rom; Matteo Apollonio von Cotto&amp;Mangiato in Aradeo (LE); Vincenzo La Porta von Le Fontanelle in Raffadali (AG); Carmine Argenziano von Capuano in Caserta; Nicholas Pardini von Il Centro in Lido di Camaiore (LU); Raul Rotundo von Fiori di Zucca in Rom; Luca Tufano von PizzaArt in Battipaglia (NA); Giulio Piersanti von A modo mio in Lugnano (TR); Diego Caiazzo von Capriccio in Monsano (AN); Gabriele Saviello von Alchimia in Salerno; Pasquale Livello von O&#8217;Sbarazzino in Torre del Greco (NA); Umberto Costa von Da Umberto in Lucca.<\/p>\n<p style=\"text-align: justify;\">Die besten vier werden Anfang 2023 im Finale gegeneinander antreten.<\/p>\n<\/div><\/div>\n<div class=\"shared-content \">\n            \t\t<\/div>\n","protected":false},"excerpt":{"rendered":"<p>Die Mittel-S\u00fcd-Auswahl f\u00fcr den EMERGENT PIZZA 2023 Award (ein Wettbewerb f\u00fcr junge K\u00f6che und Pizzab\u00e4cker unter 30 Jahren, der von Witaly konzipiert und organisiert wird) fand dieses Jahr an einem au\u00dfergew\u00f6hnlichen Ort statt: der Universit\u00e4t der Aromen in Perugia.<\/p>\n","protected":false},"author":1,"featured_media":4724,"comment_status":"closed","ping_status":"closed","sticky":false,"template":"","format":"standard","meta":{"_acf_changed":false,"footnotes":""},"categories":[168],"tags":[],"class_list":["post-4722","post","type-post","status-publish","format-standard","has-post-thumbnail","hentry","category-aufstrebende-pizza"],"acf":[],"yoast_head":"<!-- This site is optimized with the Yoast SEO plugin v27.5 - https:\/\/yoast.com\/product\/yoast-seo-wordpress\/ -->\n<title>Die Emergente Pizza Auswahl f\u00fcr das Zentrum-S\u00fcd ist beendet - Pizza Stories<\/title>\n<meta name=\"robots\" content=\"index, follow, max-snippet:-1, max-image-preview:large, max-video-preview:-1\" \/>\n<link rel=\"canonical\" href=\"https:\/\/pizzastories.le5stagioni.com\/de\/aufstrebende-pizza\/die-emergente-pizza-auswahl-fuer-das-zentrum-sued-ist-beendet\/\" \/>\n<meta property=\"og:locale\" content=\"de_DE\" \/>\n<meta property=\"og:type\" content=\"article\" \/>\n<meta property=\"og:title\" content=\"Die Emergente Pizza Auswahl f\u00fcr das Zentrum-S\u00fcd ist beendet - Pizza Stories\" \/>\n<meta property=\"og:description\" content=\"Die Mittel-S\u00fcd-Auswahl f\u00fcr den EMERGENT PIZZA 2023 Award (ein Wettbewerb f\u00fcr junge K\u00f6che und Pizzab\u00e4cker unter 30 Jahren, der von Witaly konzipiert und organisiert wird) fand dieses Jahr an einem au\u00dfergew\u00f6hnlichen Ort statt: der Universit\u00e4t der Aromen in Perugia.\" \/>\n<meta property=\"og:url\" content=\"https:\/\/pizzastories.le5stagioni.com\/de\/aufstrebende-pizza\/die-emergente-pizza-auswahl-fuer-das-zentrum-sued-ist-beendet\/\" \/>\n<meta property=\"og:site_name\" content=\"Pizza Stories\" \/>\n<meta property=\"article:published_time\" content=\"2023-06-20T12:31:20+00:00\" \/>\n<meta property=\"og:image\" content=\"https:\/\/pizzastories.le5stagioni.com\/wp-content\/uploads\/2025\/05\/emergenza-pizza-la-tappa-centro-sud-header-5.jpg\" \/>\n\t<meta property=\"og:image:width\" content=\"1920\" \/>\n\t<meta property=\"og:image:height\" content=\"647\" \/>\n\t<meta property=\"og:image:type\" content=\"image\/jpeg\" \/>\n<meta name=\"author\" content=\"admin\" \/>\n<meta name=\"twitter:card\" content=\"summary_large_image\" \/>\n<meta name=\"twitter:label1\" content=\"Verfasst von\" \/>\n\t<meta name=\"twitter:data1\" content=\"admin\" \/>\n\t<meta name=\"twitter:label2\" content=\"Gesch\u00e4tzte Lesezeit\" \/>\n\t<meta name=\"twitter:data2\" content=\"2\u00a0Minuten\" \/>\n<script type=\"application\/ld+json\" class=\"yoast-schema-graph\">{\"@context\":\"https:\\\/\\\/schema.org\",\"@graph\":[{\"@type\":\"Article\",\"@id\":\"https:\\\/\\\/pizzastories.le5stagioni.com\\\/de\\\/aufstrebende-pizza\\\/die-emergente-pizza-auswahl-fuer-das-zentrum-sued-ist-beendet\\\/#article\",\"isPartOf\":{\"@id\":\"https:\\\/\\\/pizzastories.le5stagioni.com\\\/de\\\/aufstrebende-pizza\\\/die-emergente-pizza-auswahl-fuer-das-zentrum-sued-ist-beendet\\\/\"},\"author\":{\"name\":\"admin\",\"@id\":\"https:\\\/\\\/pizzastories.le5stagioni.com\\\/de\\\/#\\\/schema\\\/person\\\/d29300c90b5517cd405edf2c907a69ba\"},\"headline\":\"Die Emergente Pizza Auswahl f\u00fcr das Zentrum-S\u00fcd ist beendet\",\"datePublished\":\"2023-06-20T12:31:20+00:00\",\"mainEntityOfPage\":{\"@id\":\"https:\\\/\\\/pizzastories.le5stagioni.com\\\/de\\\/aufstrebende-pizza\\\/die-emergente-pizza-auswahl-fuer-das-zentrum-sued-ist-beendet\\\/\"},\"wordCount\":356,\"publisher\":{\"@id\":\"https:\\\/\\\/pizzastories.le5stagioni.com\\\/de\\\/#organization\"},\"image\":{\"@id\":\"https:\\\/\\\/pizzastories.le5stagioni.com\\\/de\\\/aufstrebende-pizza\\\/die-emergente-pizza-auswahl-fuer-das-zentrum-sued-ist-beendet\\\/#primaryimage\"},\"thumbnailUrl\":\"https:\\\/\\\/pizzastories.le5stagioni.com\\\/wp-content\\\/uploads\\\/2025\\\/05\\\/emergenza-pizza-la-tappa-centro-sud-header-5.jpg\",\"articleSection\":[\"aufstrebende Pizza\"],\"inLanguage\":\"de\"},{\"@type\":\"WebPage\",\"@id\":\"https:\\\/\\\/pizzastories.le5stagioni.com\\\/de\\\/aufstrebende-pizza\\\/die-emergente-pizza-auswahl-fuer-das-zentrum-sued-ist-beendet\\\/\",\"url\":\"https:\\\/\\\/pizzastories.le5stagioni.com\\\/de\\\/aufstrebende-pizza\\\/die-emergente-pizza-auswahl-fuer-das-zentrum-sued-ist-beendet\\\/\",\"name\":\"Die Emergente Pizza Auswahl f\u00fcr das Zentrum-S\u00fcd ist beendet - Pizza Stories\",\"isPartOf\":{\"@id\":\"https:\\\/\\\/pizzastories.le5stagioni.com\\\/de\\\/#website\"},\"primaryImageOfPage\":{\"@id\":\"https:\\\/\\\/pizzastories.le5stagioni.com\\\/de\\\/aufstrebende-pizza\\\/die-emergente-pizza-auswahl-fuer-das-zentrum-sued-ist-beendet\\\/#primaryimage\"},\"image\":{\"@id\":\"https:\\\/\\\/pizzastories.le5stagioni.com\\\/de\\\/aufstrebende-pizza\\\/die-emergente-pizza-auswahl-fuer-das-zentrum-sued-ist-beendet\\\/#primaryimage\"},\"thumbnailUrl\":\"https:\\\/\\\/pizzastories.le5stagioni.com\\\/wp-content\\\/uploads\\\/2025\\\/05\\\/emergenza-pizza-la-tappa-centro-sud-header-5.jpg\",\"datePublished\":\"2023-06-20T12:31:20+00:00\",\"breadcrumb\":{\"@id\":\"https:\\\/\\\/pizzastories.le5stagioni.com\\\/de\\\/aufstrebende-pizza\\\/die-emergente-pizza-auswahl-fuer-das-zentrum-sued-ist-beendet\\\/#breadcrumb\"},\"inLanguage\":\"de\",\"potentialAction\":[{\"@type\":\"ReadAction\",\"target\":[\"https:\\\/\\\/pizzastories.le5stagioni.com\\\/de\\\/aufstrebende-pizza\\\/die-emergente-pizza-auswahl-fuer-das-zentrum-sued-ist-beendet\\\/\"]}]},{\"@type\":\"ImageObject\",\"inLanguage\":\"de\",\"@id\":\"https:\\\/\\\/pizzastories.le5stagioni.com\\\/de\\\/aufstrebende-pizza\\\/die-emergente-pizza-auswahl-fuer-das-zentrum-sued-ist-beendet\\\/#primaryimage\",\"url\":\"https:\\\/\\\/pizzastories.le5stagioni.com\\\/wp-content\\\/uploads\\\/2025\\\/05\\\/emergenza-pizza-la-tappa-centro-sud-header-5.jpg\",\"contentUrl\":\"https:\\\/\\\/pizzastories.le5stagioni.com\\\/wp-content\\\/uploads\\\/2025\\\/05\\\/emergenza-pizza-la-tappa-centro-sud-header-5.jpg\",\"width\":1920,\"height\":647,\"caption\":\"Si \u00e8 conclusa la selezione di Emergente Pizza per il Centro-Sud\"},{\"@type\":\"BreadcrumbList\",\"@id\":\"https:\\\/\\\/pizzastories.le5stagioni.com\\\/de\\\/aufstrebende-pizza\\\/die-emergente-pizza-auswahl-fuer-das-zentrum-sued-ist-beendet\\\/#breadcrumb\",\"itemListElement\":[{\"@type\":\"ListItem\",\"position\":1,\"name\":\"Home\",\"item\":\"https:\\\/\\\/pizzastories.le5stagioni.com\\\/de\\\/\"},{\"@type\":\"ListItem\",\"position\":2,\"name\":\"Die Emergente Pizza Auswahl f\u00fcr das Zentrum-S\u00fcd ist beendet\"}]},{\"@type\":\"WebSite\",\"@id\":\"https:\\\/\\\/pizzastories.le5stagioni.com\\\/de\\\/#website\",\"url\":\"https:\\\/\\\/pizzastories.le5stagioni.com\\\/de\\\/\",\"name\":\"Pizza Stories\",\"description\":\"La community degli amanti della pizza\",\"publisher\":{\"@id\":\"https:\\\/\\\/pizzastories.le5stagioni.com\\\/de\\\/#organization\"},\"potentialAction\":[{\"@type\":\"SearchAction\",\"target\":{\"@type\":\"EntryPoint\",\"urlTemplate\":\"https:\\\/\\\/pizzastories.le5stagioni.com\\\/de\\\/?s={search_term_string}\"},\"query-input\":{\"@type\":\"PropertyValueSpecification\",\"valueRequired\":true,\"valueName\":\"search_term_string\"}}],\"inLanguage\":\"de\"},{\"@type\":\"Organization\",\"@id\":\"https:\\\/\\\/pizzastories.le5stagioni.com\\\/de\\\/#organization\",\"name\":\"Pizza Stories\",\"url\":\"https:\\\/\\\/pizzastories.le5stagioni.com\\\/de\\\/\",\"logo\":{\"@type\":\"ImageObject\",\"inLanguage\":\"de\",\"@id\":\"https:\\\/\\\/pizzastories.le5stagioni.com\\\/de\\\/#\\\/schema\\\/logo\\\/image\\\/\",\"url\":\"https:\\\/\\\/pizzastories.le5stagioni.com\\\/wp-content\\\/uploads\\\/2025\\\/05\\\/cropped-pizza-stories-logo.png\",\"contentUrl\":\"https:\\\/\\\/pizzastories.le5stagioni.com\\\/wp-content\\\/uploads\\\/2025\\\/05\\\/cropped-pizza-stories-logo.png\",\"width\":512,\"height\":512,\"caption\":\"Pizza Stories\"},\"image\":{\"@id\":\"https:\\\/\\\/pizzastories.le5stagioni.com\\\/de\\\/#\\\/schema\\\/logo\\\/image\\\/\"}},{\"@type\":\"Person\",\"@id\":\"https:\\\/\\\/pizzastories.le5stagioni.com\\\/de\\\/#\\\/schema\\\/person\\\/d29300c90b5517cd405edf2c907a69ba\",\"name\":\"admin\",\"image\":{\"@type\":\"ImageObject\",\"inLanguage\":\"de\",\"@id\":\"https:\\\/\\\/secure.gravatar.com\\\/avatar\\\/5edb4df5e2959cba313f23cb81d70d9233dad5fed62a756d80df55fa53e32990?s=96&d=mm&r=g\",\"url\":\"https:\\\/\\\/secure.gravatar.com\\\/avatar\\\/5edb4df5e2959cba313f23cb81d70d9233dad5fed62a756d80df55fa53e32990?s=96&d=mm&r=g\",\"contentUrl\":\"https:\\\/\\\/secure.gravatar.com\\\/avatar\\\/5edb4df5e2959cba313f23cb81d70d9233dad5fed62a756d80df55fa53e32990?s=96&d=mm&r=g\",\"caption\":\"admin\"},\"sameAs\":[\"https:\\\/\\\/pizzastories.le5stagioni.com\"],\"url\":\"https:\\\/\\\/pizzastories.le5stagioni.com\\\/de\\\/author\\\/eperrone_1lnrhwgg\\\/\"}]}<\/script>\n<!-- \/ Yoast SEO plugin. -->","yoast_head_json":{"title":"Die Emergente Pizza Auswahl f\u00fcr das Zentrum-S\u00fcd ist beendet - Pizza Stories","robots":{"index":"index","follow":"follow","max-snippet":"max-snippet:-1","max-image-preview":"max-image-preview:large","max-video-preview":"max-video-preview:-1"},"canonical":"https:\/\/pizzastories.le5stagioni.com\/de\/aufstrebende-pizza\/die-emergente-pizza-auswahl-fuer-das-zentrum-sued-ist-beendet\/","og_locale":"de_DE","og_type":"article","og_title":"Die Emergente Pizza Auswahl f\u00fcr das Zentrum-S\u00fcd ist beendet - Pizza Stories","og_description":"Die Mittel-S\u00fcd-Auswahl f\u00fcr den EMERGENT PIZZA 2023 Award (ein Wettbewerb f\u00fcr junge K\u00f6che und Pizzab\u00e4cker unter 30 Jahren, der von Witaly konzipiert und organisiert wird) fand dieses Jahr an einem au\u00dfergew\u00f6hnlichen Ort statt: der Universit\u00e4t der Aromen in Perugia.","og_url":"https:\/\/pizzastories.le5stagioni.com\/de\/aufstrebende-pizza\/die-emergente-pizza-auswahl-fuer-das-zentrum-sued-ist-beendet\/","og_site_name":"Pizza Stories","article_published_time":"2023-06-20T12:31:20+00:00","og_image":[{"width":1920,"height":647,"url":"https:\/\/pizzastories.le5stagioni.com\/wp-content\/uploads\/2025\/05\/emergenza-pizza-la-tappa-centro-sud-header-5.jpg","type":"image\/jpeg"}],"author":"admin","twitter_card":"summary_large_image","twitter_misc":{"Verfasst von":"admin","Gesch\u00e4tzte Lesezeit":"2\u00a0Minuten"},"schema":{"@context":"https:\/\/schema.org","@graph":[{"@type":"Article","@id":"https:\/\/pizzastories.le5stagioni.com\/de\/aufstrebende-pizza\/die-emergente-pizza-auswahl-fuer-das-zentrum-sued-ist-beendet\/#article","isPartOf":{"@id":"https:\/\/pizzastories.le5stagioni.com\/de\/aufstrebende-pizza\/die-emergente-pizza-auswahl-fuer-das-zentrum-sued-ist-beendet\/"},"author":{"name":"admin","@id":"https:\/\/pizzastories.le5stagioni.com\/de\/#\/schema\/person\/d29300c90b5517cd405edf2c907a69ba"},"headline":"Die Emergente Pizza Auswahl f\u00fcr das Zentrum-S\u00fcd ist beendet","datePublished":"2023-06-20T12:31:20+00:00","mainEntityOfPage":{"@id":"https:\/\/pizzastories.le5stagioni.com\/de\/aufstrebende-pizza\/die-emergente-pizza-auswahl-fuer-das-zentrum-sued-ist-beendet\/"},"wordCount":356,"publisher":{"@id":"https:\/\/pizzastories.le5stagioni.com\/de\/#organization"},"image":{"@id":"https:\/\/pizzastories.le5stagioni.com\/de\/aufstrebende-pizza\/die-emergente-pizza-auswahl-fuer-das-zentrum-sued-ist-beendet\/#primaryimage"},"thumbnailUrl":"https:\/\/pizzastories.le5stagioni.com\/wp-content\/uploads\/2025\/05\/emergenza-pizza-la-tappa-centro-sud-header-5.jpg","articleSection":["aufstrebende Pizza"],"inLanguage":"de"},{"@type":"WebPage","@id":"https:\/\/pizzastories.le5stagioni.com\/de\/aufstrebende-pizza\/die-emergente-pizza-auswahl-fuer-das-zentrum-sued-ist-beendet\/","url":"https:\/\/pizzastories.le5stagioni.com\/de\/aufstrebende-pizza\/die-emergente-pizza-auswahl-fuer-das-zentrum-sued-ist-beendet\/","name":"Die Emergente Pizza Auswahl f\u00fcr das Zentrum-S\u00fcd ist beendet - Pizza Stories","isPartOf":{"@id":"https:\/\/pizzastories.le5stagioni.com\/de\/#website"},"primaryImageOfPage":{"@id":"https:\/\/pizzastories.le5stagioni.com\/de\/aufstrebende-pizza\/die-emergente-pizza-auswahl-fuer-das-zentrum-sued-ist-beendet\/#primaryimage"},"image":{"@id":"https:\/\/pizzastories.le5stagioni.com\/de\/aufstrebende-pizza\/die-emergente-pizza-auswahl-fuer-das-zentrum-sued-ist-beendet\/#primaryimage"},"thumbnailUrl":"https:\/\/pizzastories.le5stagioni.com\/wp-content\/uploads\/2025\/05\/emergenza-pizza-la-tappa-centro-sud-header-5.jpg","datePublished":"2023-06-20T12:31:20+00:00","breadcrumb":{"@id":"https:\/\/pizzastories.le5stagioni.com\/de\/aufstrebende-pizza\/die-emergente-pizza-auswahl-fuer-das-zentrum-sued-ist-beendet\/#breadcrumb"},"inLanguage":"de","potentialAction":[{"@type":"ReadAction","target":["https:\/\/pizzastories.le5stagioni.com\/de\/aufstrebende-pizza\/die-emergente-pizza-auswahl-fuer-das-zentrum-sued-ist-beendet\/"]}]},{"@type":"ImageObject","inLanguage":"de","@id":"https:\/\/pizzastories.le5stagioni.com\/de\/aufstrebende-pizza\/die-emergente-pizza-auswahl-fuer-das-zentrum-sued-ist-beendet\/#primaryimage","url":"https:\/\/pizzastories.le5stagioni.com\/wp-content\/uploads\/2025\/05\/emergenza-pizza-la-tappa-centro-sud-header-5.jpg","contentUrl":"https:\/\/pizzastories.le5stagioni.com\/wp-content\/uploads\/2025\/05\/emergenza-pizza-la-tappa-centro-sud-header-5.jpg","width":1920,"height":647,"caption":"Si \u00e8 conclusa la selezione di Emergente Pizza per il Centro-Sud"},{"@type":"BreadcrumbList","@id":"https:\/\/pizzastories.le5stagioni.com\/de\/aufstrebende-pizza\/die-emergente-pizza-auswahl-fuer-das-zentrum-sued-ist-beendet\/#breadcrumb","itemListElement":[{"@type":"ListItem","position":1,"name":"Home","item":"https:\/\/pizzastories.le5stagioni.com\/de\/"},{"@type":"ListItem","position":2,"name":"Die Emergente Pizza Auswahl f\u00fcr das Zentrum-S\u00fcd ist beendet"}]},{"@type":"WebSite","@id":"https:\/\/pizzastories.le5stagioni.com\/de\/#website","url":"https:\/\/pizzastories.le5stagioni.com\/de\/","name":"Pizza Stories","description":"La community degli amanti della pizza","publisher":{"@id":"https:\/\/pizzastories.le5stagioni.com\/de\/#organization"},"potentialAction":[{"@type":"SearchAction","target":{"@type":"EntryPoint","urlTemplate":"https:\/\/pizzastories.le5stagioni.com\/de\/?s={search_term_string}"},"query-input":{"@type":"PropertyValueSpecification","valueRequired":true,"valueName":"search_term_string"}}],"inLanguage":"de"},{"@type":"Organization","@id":"https:\/\/pizzastories.le5stagioni.com\/de\/#organization","name":"Pizza Stories","url":"https:\/\/pizzastories.le5stagioni.com\/de\/","logo":{"@type":"ImageObject","inLanguage":"de","@id":"https:\/\/pizzastories.le5stagioni.com\/de\/#\/schema\/logo\/image\/","url":"https:\/\/pizzastories.le5stagioni.com\/wp-content\/uploads\/2025\/05\/cropped-pizza-stories-logo.png","contentUrl":"https:\/\/pizzastories.le5stagioni.com\/wp-content\/uploads\/2025\/05\/cropped-pizza-stories-logo.png","width":512,"height":512,"caption":"Pizza Stories"},"image":{"@id":"https:\/\/pizzastories.le5stagioni.com\/de\/#\/schema\/logo\/image\/"}},{"@type":"Person","@id":"https:\/\/pizzastories.le5stagioni.com\/de\/#\/schema\/person\/d29300c90b5517cd405edf2c907a69ba","name":"admin","image":{"@type":"ImageObject","inLanguage":"de","@id":"https:\/\/secure.gravatar.com\/avatar\/5edb4df5e2959cba313f23cb81d70d9233dad5fed62a756d80df55fa53e32990?s=96&d=mm&r=g","url":"https:\/\/secure.gravatar.com\/avatar\/5edb4df5e2959cba313f23cb81d70d9233dad5fed62a756d80df55fa53e32990?s=96&d=mm&r=g","contentUrl":"https:\/\/secure.gravatar.com\/avatar\/5edb4df5e2959cba313f23cb81d70d9233dad5fed62a756d80df55fa53e32990?s=96&d=mm&r=g","caption":"admin"},"sameAs":["https:\/\/pizzastories.le5stagioni.com"],"url":"https:\/\/pizzastories.le5stagioni.com\/de\/author\/eperrone_1lnrhwgg\/"}]}},"_links":{"self":[{"href":"https:\/\/pizzastories.le5stagioni.com\/de\/wp-json\/wp\/v2\/posts\/4722","targetHints":{"allow":["GET"]}}],"collection":[{"href":"https:\/\/pizzastories.le5stagioni.com\/de\/wp-json\/wp\/v2\/posts"}],"about":[{"href":"https:\/\/pizzastories.le5stagioni.com\/de\/wp-json\/wp\/v2\/types\/post"}],"author":[{"embeddable":true,"href":"https:\/\/pizzastories.le5stagioni.com\/de\/wp-json\/wp\/v2\/users\/1"}],"replies":[{"embeddable":true,"href":"https:\/\/pizzastories.le5stagioni.com\/de\/wp-json\/wp\/v2\/comments?post=4722"}],"version-history":[{"count":0,"href":"https:\/\/pizzastories.le5stagioni.com\/de\/wp-json\/wp\/v2\/posts\/4722\/revisions"}],"wp:featuredmedia":[{"embeddable":true,"href":"https:\/\/pizzastories.le5stagioni.com\/de\/wp-json\/wp\/v2\/media\/4724"}],"wp:attachment":[{"href":"https:\/\/pizzastories.le5stagioni.com\/de\/wp-json\/wp\/v2\/media?parent=4722"}],"wp:term":[{"taxonomy":"category","embeddable":true,"href":"https:\/\/pizzastories.le5stagioni.com\/de\/wp-json\/wp\/v2\/categories?post=4722"},{"taxonomy":"post_tag","embeddable":true,"href":"https:\/\/pizzastories.le5stagioni.com\/de\/wp-json\/wp\/v2\/tags?post=4722"}],"curies":[{"name":"wp","href":"https:\/\/api.w.org\/{rel}","templated":true}]}}