{"id":5582,"date":"2025-06-20T15:44:53","date_gmt":"2025-06-20T13:44:53","guid":{"rendered":"https:\/\/pizzastories.le5stagioni.com\/nicht-kategorisiert\/vom-baecker-zum-baeckereichef\/"},"modified":"2025-07-01T16:21:12","modified_gmt":"2025-07-01T14:21:12","slug":"vom-baecker-zum-baeckereichef","status":"publish","type":"post","link":"https:\/\/pizzastories.le5stagioni.com\/de\/lebensstil\/vom-baecker-zum-baeckereichef\/","title":{"rendered":"Vom B\u00e4cker zum B\u00e4ckereichef"},"content":{"rendered":"\t\t<div data-elementor-type=\"wp-post\" data-elementor-id=\"5582\" class=\"elementor elementor-5582 elementor-5551\" data-elementor-post-type=\"post\">\n\t\t\t\t<div class=\"elementor-element elementor-element-227c5592 e-flex e-con-boxed e-con e-parent\" data-id=\"227c5592\" data-element_type=\"container\" data-e-type=\"container\">\n\t\t\t\t\t<div class=\"e-con-inner\">\n\t\t<div class=\"elementor-element elementor-element-d87c127 e-con-full e-flex e-con e-child\" data-id=\"d87c127\" data-element_type=\"container\" data-e-type=\"container\">\n\t\t\t\t<div class=\"elementor-element elementor-element-485cc4a elementor-widget elementor-widget-text-editor\" data-id=\"485cc4a\" data-element_type=\"widget\" data-e-type=\"widget\" data-widget_type=\"text-editor.default\">\n\t\t\t\t<div class=\"elementor-widget-container\">\n\t\t\t\t\t\t\t\t\t<p>Wie sich der Beruf des B\u00e4ckers im Zeitalter der bewussten Ern\u00e4hrung zwischen Tradition, Innovation und Gesundheitsbewusstsein ver\u00e4ndert<\/p>\t\t\t\t\t\t\t\t<\/div>\n\t\t\t\t<\/div>\n\t\t\t\t<\/div>\n\t\t\t\t<div class=\"elementor-element elementor-element-7e534579 elementor-widget elementor-widget-image\" data-id=\"7e534579\" data-element_type=\"widget\" data-e-type=\"widget\" data-widget_type=\"image.default\">\n\t\t\t\t<div class=\"elementor-widget-container\">\n\t\t\t\t\t\t\t\t\t\t\t\t\t\t\t<img decoding=\"async\" src=\"https:\/\/pizzastories.le5stagioni.com\/wp-content\/plugins\/elementor\/assets\/images\/placeholder.png\" title=\"\" alt=\"\" loading=\"lazy\" \/>\t\t\t\t\t\t\t\t\t\t\t\t\t\t\t<\/div>\n\t\t\t\t<\/div>\n\t\t\t\t\t<\/div>\n\t\t\t\t<\/div>\n\t\t<div class=\"elementor-element elementor-element-4ca9b608 e-flex e-con-boxed e-con e-parent\" data-id=\"4ca9b608\" data-element_type=\"container\" data-e-type=\"container\">\n\t\t\t\t\t<div class=\"e-con-inner\">\n\t\t\t\t<div class=\"elementor-element elementor-element-3632ff3e elementor-widget elementor-widget-text-editor\" data-id=\"3632ff3e\" data-element_type=\"widget\" data-e-type=\"widget\" data-widget_type=\"text-editor.default\">\n\t\t\t\t<div class=\"elementor-widget-container\">\n\t\t\t\t\t\t\t\t\t<p>Der Markt f\u00fcr Backwaren kennt keine Krise: Sch\u00e4tzungen zufolge \u00fcbersteigt der weltweite Umsatz 340 Milliarden Dollar, wobei Europa dank der fl\u00e4chendeckenden Pr\u00e4senz von handwerklichen B\u00e4ckereien f\u00fchrend ist. In Italien stammen 85% des t\u00e4glich konsumierten Brotes aus rund 24.000 handwerklichen B\u00e4ckereien, die mehr als 250 Brotsorten herstellen und damit ein weltweit einzigartiges kulturelles und gastronomisches Erbe bezeugen.   <span style=\"color: var( --e-global-color-text ); font-family: var( --e-global-typography-text-font-family ), Sans-serif; font-size: var( --e-global-typography-text-font-size ); font-weight: var( --e-global-typography-text-font-weight ); text-align: var(--text-align); background-color: var( --e-global-color-0945e81 );\">Die Verbraucher zeigen eine klare Vorliebe f\u00fcr Backwaren mit ausgew\u00e4hlten Zutaten und traditionellen Rezepten, die oft mit l\u00e4ndlichen Erinnerungen und der Verwendung von Sauerteig verbunden sind.  <\/span><\/p><p><span style=\"color: var( --e-global-color-text ); font-family: var( --e-global-typography-text-font-family ), Sans-serif; font-size: var( --e-global-typography-text-font-size ); font-weight: var( --e-global-typography-text-font-weight ); text-align: var(--text-align); background-color: var( --e-global-color-0945e81 );\">Es handelt sich um authentische Produkte, die mit dem Territorium, der Saisonalit\u00e4t und der Veredelung lokaler Rohstoffe verbunden sind und die sich gegen Modeerscheinungen behaupten k\u00f6nnen. Gleichzeitig entstehen neue Konsum- und Verkaufsmodelle, bei denen die traditionelle B\u00e4ckerei in ein hybrides Format umgewandelt wird, in dem eine Cafeteria, eine Pizzeria oder eine Patisserie integriert sind, um ein umfassenderes und abwechslungsreicheres Erlebnis zu bieten.   <\/span><\/p><p><span style=\"color: var( --e-global-color-text ); font-family: var( --e-global-typography-text-font-family ), Sans-serif; font-size: var( --e-global-typography-text-font-size ); font-weight: var( --e-global-typography-text-font-weight ); text-align: var(--text-align); background-color: var( --e-global-color-0945e81 );\">In diesem sich entwickelnden Szenario verwandelt sich die Figur des B\u00e4ckers in den B\u00e4ckereichef: ein kreativer Fachmann mit einem profunden Wissen \u00fcber Backtechniken, Techniken und Rohstoffe, der in der Lage ist, Brot, Focaccia, Pizza, Kekse und andere Backwaren mit einem aufmerksamen Ansatz f\u00fcr Ern\u00e4hrung und Nachhaltigkeit herzustellen. Der zeitgen\u00f6ssische B\u00e4cker f\u00fchrt eine neue Art der Konzeption von Backwaren ein, mit protein- und ballaststoffreichen Vorschl\u00e4gen, die mit Vollkornmehl oder alternativen Getreidesorten hergestellt werden und das Wohlbefinden des Verbrauchers in den Mittelpunkt stellen. <\/span><\/p>\t\t\t\t\t\t\t\t<\/div>\n\t\t\t\t<\/div>\n\t\t\t\t\t<\/div>\n\t\t\t\t<\/div>\n\t\t<div class=\"elementor-element elementor-element-2cdaf52d e-flex e-con-boxed e-con e-parent\" data-id=\"2cdaf52d\" data-element_type=\"container\" data-e-type=\"container\">\n\t\t\t\t\t<div class=\"e-con-inner\">\n\t\t\t\t<div class=\"elementor-element elementor-element-48fb6e2f elementor-widget elementor-widget-image\" data-id=\"48fb6e2f\" data-element_type=\"widget\" data-e-type=\"widget\" data-widget_type=\"image.default\">\n\t\t\t\t<div class=\"elementor-widget-container\">\n\t\t\t\t\t\t\t\t\t\t\t\t\t\t\t<img decoding=\"async\" src=\"https:\/\/pizzastories.le5stagioni.com\/wp-content\/plugins\/elementor\/assets\/images\/placeholder.png\" title=\"\" alt=\"\" loading=\"lazy\" \/>\t\t\t\t\t\t\t\t\t\t\t\t\t\t\t<\/div>\n\t\t\t\t<\/div>\n\t\t\t\t\t<\/div>\n\t\t\t\t<\/div>\n\t\t<div class=\"elementor-element elementor-element-6df69ee1 e-flex e-con-boxed e-con e-parent\" data-id=\"6df69ee1\" data-element_type=\"container\" data-e-type=\"container\">\n\t\t\t\t\t<div class=\"e-con-inner\">\n\t\t\t\t<div class=\"elementor-element elementor-element-476bb7c0 elementor-widget elementor-widget-text-editor\" data-id=\"476bb7c0\" data-element_type=\"widget\" data-e-type=\"widget\" data-widget_type=\"text-editor.default\">\n\t\t\t\t<div class=\"elementor-widget-container\">\n\t\t\t\t\t\t\t\t\t<p>Die Entwicklung des Berufes geht einher mit dem Einsatz moderner, digitaler und leistungsstarker Ger\u00e4te &#8211; wie intelligente Knetmaschinen, professionelle \u00d6fen und kontrollierte G\u00e4rzellen -, die die Qualit\u00e4t der Arbeit verbessern und eine bessere Kontrolle \u00fcber den Teigreifungsprozess und die Produktion erm\u00f6glichen.&nbsp;<\/p><p>Mit Blick auf die Zukunft wird das Angebot an eiwei\u00dfreichen Backwaren f\u00fcr Sportler sowie an veganen, pflanzlichen und glutenfreien Rezepten zunehmen, ohne dabei die gro\u00dfen Klassiker zu vergessen, die mit regionalen Traditionen und Festen verbunden sind. Alles wird von einer immer ges\u00fcnderen Vision geleitet sein, mit dem Schwerpunkt auf Bio, kurzen Lieferketten und \u00f6kologischer Nachhaltigkeit. <\/p>\t\t\t\t\t\t\t\t<\/div>\n\t\t\t\t<\/div>\n\t\t\t\t\t<\/div>\n\t\t\t\t<\/div>\n\t\t<div class=\"elementor-element elementor-element-61fe9d08 e-flex e-con-boxed e-con e-parent\" data-id=\"61fe9d08\" data-element_type=\"container\" data-e-type=\"container\">\n\t\t\t\t\t<div class=\"e-con-inner\">\n\t\t\t\t\t<\/div>\n\t\t\t\t<\/div>\n\t\t<div class=\"elementor-element elementor-element-231dadc7 e-flex e-con-boxed e-con e-parent\" data-id=\"231dadc7\" data-element_type=\"container\" data-e-type=\"container\">\n\t\t\t\t\t<div class=\"e-con-inner\">\n\t\t\t\t\t<\/div>\n\t\t\t\t<\/div>\n\t\t\t\t<\/div>\n\t\t","protected":false},"excerpt":{"rendered":"<p>Wie sich der Beruf des B\u00e4ckers im Zeitalter der bewussten Ern\u00e4hrung zwischen Tradition, Innovation und Gesundheitsbewusstsein ver\u00e4ndert Der Markt f\u00fcr Backwaren kennt keine Krise: Sch\u00e4tzungen zufolge \u00fcbersteigt der weltweite Umsatz 340 Milliarden Dollar, wobei Europa dank der fl\u00e4chendeckenden Pr\u00e4senz von handwerklichen B\u00e4ckereien f\u00fchrend ist. In Italien stammen 85% des t\u00e4glich konsumierten Brotes aus rund 24.000 [&hellip;]<\/p>\n","protected":false},"author":3,"featured_media":5963,"comment_status":"closed","ping_status":"closed","sticky":false,"template":"","format":"standard","meta":{"_acf_changed":false,"footnotes":""},"categories":[161],"tags":[],"class_list":["post-5582","post","type-post","status-publish","format-standard","has-post-thumbnail","hentry","category-lebensstil"],"acf":[],"yoast_head":"<!-- This site is optimized with the Yoast SEO plugin v27.5 - https:\/\/yoast.com\/product\/yoast-seo-wordpress\/ -->\n<title>Vom B\u00e4cker zum B\u00e4ckereichef - Pizza Stories<\/title>\n<meta name=\"robots\" content=\"index, follow, max-snippet:-1, max-image-preview:large, max-video-preview:-1\" \/>\n<link rel=\"canonical\" href=\"https:\/\/pizzastories.le5stagioni.com\/de\/lebensstil\/vom-baecker-zum-baeckereichef\/\" \/>\n<meta property=\"og:locale\" content=\"de_DE\" \/>\n<meta property=\"og:type\" content=\"article\" \/>\n<meta property=\"og:title\" content=\"Vom B\u00e4cker zum B\u00e4ckereichef - Pizza Stories\" \/>\n<meta property=\"og:description\" content=\"Wie sich der Beruf des B\u00e4ckers im Zeitalter der bewussten Ern\u00e4hrung zwischen Tradition, Innovation und Gesundheitsbewusstsein ver\u00e4ndert Der Markt f\u00fcr Backwaren kennt keine Krise: Sch\u00e4tzungen zufolge \u00fcbersteigt der weltweite Umsatz 340 Milliarden Dollar, wobei Europa dank der fl\u00e4chendeckenden Pr\u00e4senz von handwerklichen B\u00e4ckereien f\u00fchrend ist. In Italien stammen 85% des t\u00e4glich konsumierten Brotes aus rund 24.000 [&hellip;]\" \/>\n<meta property=\"og:url\" content=\"https:\/\/pizzastories.le5stagioni.com\/de\/lebensstil\/vom-baecker-zum-baeckereichef\/\" \/>\n<meta property=\"og:site_name\" content=\"Pizza Stories\" \/>\n<meta property=\"article:published_time\" content=\"2025-06-20T13:44:53+00:00\" \/>\n<meta property=\"article:modified_time\" content=\"2025-07-01T14:21:12+00:00\" \/>\n<meta property=\"og:image\" content=\"https:\/\/pizzastories.le5stagioni.com\/wp-content\/uploads\/2025\/06\/pexels-fmaderebner-745988-scaled.jpg\" \/>\n\t<meta property=\"og:image:width\" content=\"2560\" \/>\n\t<meta property=\"og:image:height\" content=\"1710\" \/>\n\t<meta property=\"og:image:type\" content=\"image\/jpeg\" \/>\n<meta name=\"author\" content=\"Giovanni\" \/>\n<meta name=\"twitter:card\" content=\"summary_large_image\" \/>\n<meta name=\"twitter:label1\" content=\"Verfasst von\" \/>\n\t<meta name=\"twitter:data1\" content=\"Giovanni\" \/>\n\t<meta name=\"twitter:label2\" content=\"Gesch\u00e4tzte Lesezeit\" \/>\n\t<meta name=\"twitter:data2\" content=\"2\u00a0Minuten\" \/>\n<script type=\"application\/ld+json\" class=\"yoast-schema-graph\">{\"@context\":\"https:\\\/\\\/schema.org\",\"@graph\":[{\"@type\":\"Article\",\"@id\":\"https:\\\/\\\/pizzastories.le5stagioni.com\\\/de\\\/lebensstil\\\/vom-baecker-zum-baeckereichef\\\/#article\",\"isPartOf\":{\"@id\":\"https:\\\/\\\/pizzastories.le5stagioni.com\\\/de\\\/lebensstil\\\/vom-baecker-zum-baeckereichef\\\/\"},\"author\":{\"name\":\"Giovanni\",\"@id\":\"https:\\\/\\\/pizzastories.le5stagioni.com\\\/de\\\/#\\\/schema\\\/person\\\/0d424ca2391dc26a6473ca01cc351137\"},\"headline\":\"Vom B\u00e4cker zum B\u00e4ckereichef\",\"datePublished\":\"2025-06-20T13:44:53+00:00\",\"dateModified\":\"2025-07-01T14:21:12+00:00\",\"mainEntityOfPage\":{\"@id\":\"https:\\\/\\\/pizzastories.le5stagioni.com\\\/de\\\/lebensstil\\\/vom-baecker-zum-baeckereichef\\\/\"},\"wordCount\":374,\"publisher\":{\"@id\":\"https:\\\/\\\/pizzastories.le5stagioni.com\\\/de\\\/#organization\"},\"image\":{\"@id\":\"https:\\\/\\\/pizzastories.le5stagioni.com\\\/de\\\/lebensstil\\\/vom-baecker-zum-baeckereichef\\\/#primaryimage\"},\"thumbnailUrl\":\"https:\\\/\\\/pizzastories.le5stagioni.com\\\/wp-content\\\/uploads\\\/2025\\\/06\\\/pexels-fmaderebner-745988-scaled.jpg\",\"articleSection\":[\"Lebensstil\"],\"inLanguage\":\"de\"},{\"@type\":\"WebPage\",\"@id\":\"https:\\\/\\\/pizzastories.le5stagioni.com\\\/de\\\/lebensstil\\\/vom-baecker-zum-baeckereichef\\\/\",\"url\":\"https:\\\/\\\/pizzastories.le5stagioni.com\\\/de\\\/lebensstil\\\/vom-baecker-zum-baeckereichef\\\/\",\"name\":\"Vom B\u00e4cker zum B\u00e4ckereichef - Pizza Stories\",\"isPartOf\":{\"@id\":\"https:\\\/\\\/pizzastories.le5stagioni.com\\\/de\\\/#website\"},\"primaryImageOfPage\":{\"@id\":\"https:\\\/\\\/pizzastories.le5stagioni.com\\\/de\\\/lebensstil\\\/vom-baecker-zum-baeckereichef\\\/#primaryimage\"},\"image\":{\"@id\":\"https:\\\/\\\/pizzastories.le5stagioni.com\\\/de\\\/lebensstil\\\/vom-baecker-zum-baeckereichef\\\/#primaryimage\"},\"thumbnailUrl\":\"https:\\\/\\\/pizzastories.le5stagioni.com\\\/wp-content\\\/uploads\\\/2025\\\/06\\\/pexels-fmaderebner-745988-scaled.jpg\",\"datePublished\":\"2025-06-20T13:44:53+00:00\",\"dateModified\":\"2025-07-01T14:21:12+00:00\",\"breadcrumb\":{\"@id\":\"https:\\\/\\\/pizzastories.le5stagioni.com\\\/de\\\/lebensstil\\\/vom-baecker-zum-baeckereichef\\\/#breadcrumb\"},\"inLanguage\":\"de\",\"potentialAction\":[{\"@type\":\"ReadAction\",\"target\":[\"https:\\\/\\\/pizzastories.le5stagioni.com\\\/de\\\/lebensstil\\\/vom-baecker-zum-baeckereichef\\\/\"]}]},{\"@type\":\"ImageObject\",\"inLanguage\":\"de\",\"@id\":\"https:\\\/\\\/pizzastories.le5stagioni.com\\\/de\\\/lebensstil\\\/vom-baecker-zum-baeckereichef\\\/#primaryimage\",\"url\":\"https:\\\/\\\/pizzastories.le5stagioni.com\\\/wp-content\\\/uploads\\\/2025\\\/06\\\/pexels-fmaderebner-745988-scaled.jpg\",\"contentUrl\":\"https:\\\/\\\/pizzastories.le5stagioni.com\\\/wp-content\\\/uploads\\\/2025\\\/06\\\/pexels-fmaderebner-745988-scaled.jpg\",\"width\":2560,\"height\":1710,\"caption\":\"pane integrale con farine agugiaro & figna MIA GRA le 5 stagioni\"},{\"@type\":\"BreadcrumbList\",\"@id\":\"https:\\\/\\\/pizzastories.le5stagioni.com\\\/de\\\/lebensstil\\\/vom-baecker-zum-baeckereichef\\\/#breadcrumb\",\"itemListElement\":[{\"@type\":\"ListItem\",\"position\":1,\"name\":\"Home\",\"item\":\"https:\\\/\\\/pizzastories.le5stagioni.com\\\/de\\\/\"},{\"@type\":\"ListItem\",\"position\":2,\"name\":\"Vom B\u00e4cker zum B\u00e4ckereichef\"}]},{\"@type\":\"WebSite\",\"@id\":\"https:\\\/\\\/pizzastories.le5stagioni.com\\\/de\\\/#website\",\"url\":\"https:\\\/\\\/pizzastories.le5stagioni.com\\\/de\\\/\",\"name\":\"Pizza Stories\",\"description\":\"La community degli amanti della pizza\",\"publisher\":{\"@id\":\"https:\\\/\\\/pizzastories.le5stagioni.com\\\/de\\\/#organization\"},\"potentialAction\":[{\"@type\":\"SearchAction\",\"target\":{\"@type\":\"EntryPoint\",\"urlTemplate\":\"https:\\\/\\\/pizzastories.le5stagioni.com\\\/de\\\/?s={search_term_string}\"},\"query-input\":{\"@type\":\"PropertyValueSpecification\",\"valueRequired\":true,\"valueName\":\"search_term_string\"}}],\"inLanguage\":\"de\"},{\"@type\":\"Organization\",\"@id\":\"https:\\\/\\\/pizzastories.le5stagioni.com\\\/de\\\/#organization\",\"name\":\"Pizza Stories\",\"url\":\"https:\\\/\\\/pizzastories.le5stagioni.com\\\/de\\\/\",\"logo\":{\"@type\":\"ImageObject\",\"inLanguage\":\"de\",\"@id\":\"https:\\\/\\\/pizzastories.le5stagioni.com\\\/de\\\/#\\\/schema\\\/logo\\\/image\\\/\",\"url\":\"https:\\\/\\\/pizzastories.le5stagioni.com\\\/wp-content\\\/uploads\\\/2025\\\/05\\\/cropped-pizza-stories-logo.png\",\"contentUrl\":\"https:\\\/\\\/pizzastories.le5stagioni.com\\\/wp-content\\\/uploads\\\/2025\\\/05\\\/cropped-pizza-stories-logo.png\",\"width\":512,\"height\":512,\"caption\":\"Pizza Stories\"},\"image\":{\"@id\":\"https:\\\/\\\/pizzastories.le5stagioni.com\\\/de\\\/#\\\/schema\\\/logo\\\/image\\\/\"}},{\"@type\":\"Person\",\"@id\":\"https:\\\/\\\/pizzastories.le5stagioni.com\\\/de\\\/#\\\/schema\\\/person\\\/0d424ca2391dc26a6473ca01cc351137\",\"name\":\"Giovanni\",\"image\":{\"@type\":\"ImageObject\",\"inLanguage\":\"de\",\"@id\":\"https:\\\/\\\/secure.gravatar.com\\\/avatar\\\/e790db86f03a781da86f49749663d3c225e90a6481699e19e0845b59a9a45b2f?s=96&d=mm&r=g\",\"url\":\"https:\\\/\\\/secure.gravatar.com\\\/avatar\\\/e790db86f03a781da86f49749663d3c225e90a6481699e19e0845b59a9a45b2f?s=96&d=mm&r=g\",\"contentUrl\":\"https:\\\/\\\/secure.gravatar.com\\\/avatar\\\/e790db86f03a781da86f49749663d3c225e90a6481699e19e0845b59a9a45b2f?s=96&d=mm&r=g\",\"caption\":\"Giovanni\"},\"url\":\"https:\\\/\\\/pizzastories.le5stagioni.com\\\/de\\\/author\\\/giovanni\\\/\"}]}<\/script>\n<!-- \/ Yoast SEO plugin. -->","yoast_head_json":{"title":"Vom B\u00e4cker zum B\u00e4ckereichef - Pizza Stories","robots":{"index":"index","follow":"follow","max-snippet":"max-snippet:-1","max-image-preview":"max-image-preview:large","max-video-preview":"max-video-preview:-1"},"canonical":"https:\/\/pizzastories.le5stagioni.com\/de\/lebensstil\/vom-baecker-zum-baeckereichef\/","og_locale":"de_DE","og_type":"article","og_title":"Vom B\u00e4cker zum B\u00e4ckereichef - Pizza Stories","og_description":"Wie sich der Beruf des B\u00e4ckers im Zeitalter der bewussten Ern\u00e4hrung zwischen Tradition, Innovation und Gesundheitsbewusstsein ver\u00e4ndert Der Markt f\u00fcr Backwaren kennt keine Krise: Sch\u00e4tzungen zufolge \u00fcbersteigt der weltweite Umsatz 340 Milliarden Dollar, wobei Europa dank der fl\u00e4chendeckenden Pr\u00e4senz von handwerklichen B\u00e4ckereien f\u00fchrend ist. In Italien stammen 85% des t\u00e4glich konsumierten Brotes aus rund 24.000 [&hellip;]","og_url":"https:\/\/pizzastories.le5stagioni.com\/de\/lebensstil\/vom-baecker-zum-baeckereichef\/","og_site_name":"Pizza Stories","article_published_time":"2025-06-20T13:44:53+00:00","article_modified_time":"2025-07-01T14:21:12+00:00","og_image":[{"width":2560,"height":1710,"url":"https:\/\/pizzastories.le5stagioni.com\/wp-content\/uploads\/2025\/06\/pexels-fmaderebner-745988-scaled.jpg","type":"image\/jpeg"}],"author":"Giovanni","twitter_card":"summary_large_image","twitter_misc":{"Verfasst von":"Giovanni","Gesch\u00e4tzte Lesezeit":"2\u00a0Minuten"},"schema":{"@context":"https:\/\/schema.org","@graph":[{"@type":"Article","@id":"https:\/\/pizzastories.le5stagioni.com\/de\/lebensstil\/vom-baecker-zum-baeckereichef\/#article","isPartOf":{"@id":"https:\/\/pizzastories.le5stagioni.com\/de\/lebensstil\/vom-baecker-zum-baeckereichef\/"},"author":{"name":"Giovanni","@id":"https:\/\/pizzastories.le5stagioni.com\/de\/#\/schema\/person\/0d424ca2391dc26a6473ca01cc351137"},"headline":"Vom B\u00e4cker zum B\u00e4ckereichef","datePublished":"2025-06-20T13:44:53+00:00","dateModified":"2025-07-01T14:21:12+00:00","mainEntityOfPage":{"@id":"https:\/\/pizzastories.le5stagioni.com\/de\/lebensstil\/vom-baecker-zum-baeckereichef\/"},"wordCount":374,"publisher":{"@id":"https:\/\/pizzastories.le5stagioni.com\/de\/#organization"},"image":{"@id":"https:\/\/pizzastories.le5stagioni.com\/de\/lebensstil\/vom-baecker-zum-baeckereichef\/#primaryimage"},"thumbnailUrl":"https:\/\/pizzastories.le5stagioni.com\/wp-content\/uploads\/2025\/06\/pexels-fmaderebner-745988-scaled.jpg","articleSection":["Lebensstil"],"inLanguage":"de"},{"@type":"WebPage","@id":"https:\/\/pizzastories.le5stagioni.com\/de\/lebensstil\/vom-baecker-zum-baeckereichef\/","url":"https:\/\/pizzastories.le5stagioni.com\/de\/lebensstil\/vom-baecker-zum-baeckereichef\/","name":"Vom B\u00e4cker zum B\u00e4ckereichef - Pizza Stories","isPartOf":{"@id":"https:\/\/pizzastories.le5stagioni.com\/de\/#website"},"primaryImageOfPage":{"@id":"https:\/\/pizzastories.le5stagioni.com\/de\/lebensstil\/vom-baecker-zum-baeckereichef\/#primaryimage"},"image":{"@id":"https:\/\/pizzastories.le5stagioni.com\/de\/lebensstil\/vom-baecker-zum-baeckereichef\/#primaryimage"},"thumbnailUrl":"https:\/\/pizzastories.le5stagioni.com\/wp-content\/uploads\/2025\/06\/pexels-fmaderebner-745988-scaled.jpg","datePublished":"2025-06-20T13:44:53+00:00","dateModified":"2025-07-01T14:21:12+00:00","breadcrumb":{"@id":"https:\/\/pizzastories.le5stagioni.com\/de\/lebensstil\/vom-baecker-zum-baeckereichef\/#breadcrumb"},"inLanguage":"de","potentialAction":[{"@type":"ReadAction","target":["https:\/\/pizzastories.le5stagioni.com\/de\/lebensstil\/vom-baecker-zum-baeckereichef\/"]}]},{"@type":"ImageObject","inLanguage":"de","@id":"https:\/\/pizzastories.le5stagioni.com\/de\/lebensstil\/vom-baecker-zum-baeckereichef\/#primaryimage","url":"https:\/\/pizzastories.le5stagioni.com\/wp-content\/uploads\/2025\/06\/pexels-fmaderebner-745988-scaled.jpg","contentUrl":"https:\/\/pizzastories.le5stagioni.com\/wp-content\/uploads\/2025\/06\/pexels-fmaderebner-745988-scaled.jpg","width":2560,"height":1710,"caption":"pane integrale con farine agugiaro & figna MIA GRA le 5 stagioni"},{"@type":"BreadcrumbList","@id":"https:\/\/pizzastories.le5stagioni.com\/de\/lebensstil\/vom-baecker-zum-baeckereichef\/#breadcrumb","itemListElement":[{"@type":"ListItem","position":1,"name":"Home","item":"https:\/\/pizzastories.le5stagioni.com\/de\/"},{"@type":"ListItem","position":2,"name":"Vom B\u00e4cker zum B\u00e4ckereichef"}]},{"@type":"WebSite","@id":"https:\/\/pizzastories.le5stagioni.com\/de\/#website","url":"https:\/\/pizzastories.le5stagioni.com\/de\/","name":"Pizza Stories","description":"La community degli amanti della pizza","publisher":{"@id":"https:\/\/pizzastories.le5stagioni.com\/de\/#organization"},"potentialAction":[{"@type":"SearchAction","target":{"@type":"EntryPoint","urlTemplate":"https:\/\/pizzastories.le5stagioni.com\/de\/?s={search_term_string}"},"query-input":{"@type":"PropertyValueSpecification","valueRequired":true,"valueName":"search_term_string"}}],"inLanguage":"de"},{"@type":"Organization","@id":"https:\/\/pizzastories.le5stagioni.com\/de\/#organization","name":"Pizza Stories","url":"https:\/\/pizzastories.le5stagioni.com\/de\/","logo":{"@type":"ImageObject","inLanguage":"de","@id":"https:\/\/pizzastories.le5stagioni.com\/de\/#\/schema\/logo\/image\/","url":"https:\/\/pizzastories.le5stagioni.com\/wp-content\/uploads\/2025\/05\/cropped-pizza-stories-logo.png","contentUrl":"https:\/\/pizzastories.le5stagioni.com\/wp-content\/uploads\/2025\/05\/cropped-pizza-stories-logo.png","width":512,"height":512,"caption":"Pizza Stories"},"image":{"@id":"https:\/\/pizzastories.le5stagioni.com\/de\/#\/schema\/logo\/image\/"}},{"@type":"Person","@id":"https:\/\/pizzastories.le5stagioni.com\/de\/#\/schema\/person\/0d424ca2391dc26a6473ca01cc351137","name":"Giovanni","image":{"@type":"ImageObject","inLanguage":"de","@id":"https:\/\/secure.gravatar.com\/avatar\/e790db86f03a781da86f49749663d3c225e90a6481699e19e0845b59a9a45b2f?s=96&d=mm&r=g","url":"https:\/\/secure.gravatar.com\/avatar\/e790db86f03a781da86f49749663d3c225e90a6481699e19e0845b59a9a45b2f?s=96&d=mm&r=g","contentUrl":"https:\/\/secure.gravatar.com\/avatar\/e790db86f03a781da86f49749663d3c225e90a6481699e19e0845b59a9a45b2f?s=96&d=mm&r=g","caption":"Giovanni"},"url":"https:\/\/pizzastories.le5stagioni.com\/de\/author\/giovanni\/"}]}},"_links":{"self":[{"href":"https:\/\/pizzastories.le5stagioni.com\/de\/wp-json\/wp\/v2\/posts\/5582","targetHints":{"allow":["GET"]}}],"collection":[{"href":"https:\/\/pizzastories.le5stagioni.com\/de\/wp-json\/wp\/v2\/posts"}],"about":[{"href":"https:\/\/pizzastories.le5stagioni.com\/de\/wp-json\/wp\/v2\/types\/post"}],"author":[{"embeddable":true,"href":"https:\/\/pizzastories.le5stagioni.com\/de\/wp-json\/wp\/v2\/users\/3"}],"replies":[{"embeddable":true,"href":"https:\/\/pizzastories.le5stagioni.com\/de\/wp-json\/wp\/v2\/comments?post=5582"}],"version-history":[{"count":2,"href":"https:\/\/pizzastories.le5stagioni.com\/de\/wp-json\/wp\/v2\/posts\/5582\/revisions"}],"predecessor-version":[{"id":5966,"href":"https:\/\/pizzastories.le5stagioni.com\/de\/wp-json\/wp\/v2\/posts\/5582\/revisions\/5966"}],"wp:featuredmedia":[{"embeddable":true,"href":"https:\/\/pizzastories.le5stagioni.com\/de\/wp-json\/wp\/v2\/media\/5963"}],"wp:attachment":[{"href":"https:\/\/pizzastories.le5stagioni.com\/de\/wp-json\/wp\/v2\/media?parent=5582"}],"wp:term":[{"taxonomy":"category","embeddable":true,"href":"https:\/\/pizzastories.le5stagioni.com\/de\/wp-json\/wp\/v2\/categories?post=5582"},{"taxonomy":"post_tag","embeddable":true,"href":"https:\/\/pizzastories.le5stagioni.com\/de\/wp-json\/wp\/v2\/tags?post=5582"}],"curies":[{"name":"wp","href":"https:\/\/api.w.org\/{rel}","templated":true}]}}