{"id":4453,"date":"2023-06-30T12:42:05","date_gmt":"2023-06-30T10:42:05","guid":{"rendered":"https:\/\/pizzastories.le5stagioni.com\/sin-categoria\/quien-sera-el-nuevo-pizzero-prometedor\/"},"modified":"2023-06-30T12:42:05","modified_gmt":"2023-06-30T10:42:05","slug":"quien-sera-el-nuevo-pizzero-prometedor","status":"publish","type":"post","link":"https:\/\/pizzastories.le5stagioni.com\/es\/pizza-emergente-es\/quien-sera-el-nuevo-pizzero-prometedor\/","title":{"rendered":"\u00bfQui\u00e9n ser\u00e1 el nuevo pizzero prometedor?"},"content":{"rendered":"\n<div class=\"stripe-one-col-media fullwidth\">\n            <img decoding=\"async\" src=\"https:\/\/pizzastories.le5stagioni.com\/wp-content\/uploads\/2025\/05\/emergente-selezione-nord-24.jpg\" alt=\"\">\t\t<\/div>\n<div class=\"stripe-one-col-text \">\n<div class=\"text-description\">\n<p style=\"text-align: justify;\">Los <strong>d\u00edas 4 y 5 de julio,<\/strong> la nueva edici\u00f3n de <strong>Emergente<\/strong> comienza con la <strong>Selecci\u00f3n Norte<\/strong>: en <strong>Villa Terzaghi<\/strong>, la escuela de cocina <strong>Maestro Martino<\/strong>, dirigida por <strong>Carlo Cracco<\/strong>.<\/p>\n<p style=\"text-align: justify;\">La edici\u00f3n de 2024 suele incluir tres pruebas: la Selecci\u00f3n Norte, la Selecci\u00f3n Centro-Sur, que tendr\u00e1 lugar los d\u00edas 3 y 4 de octubre de 2023 en la Universidad de los Sabores de Perugia, y la Final, que se celebrar\u00e1 en ALMA, una escuela de cocina de la Reggia di Colorno, a principios de 2024. Los cuatro mejores cocineros y pizzeros de cada una de las dos selecciones ser\u00e1n admitidos en la Final. Los finalistas ser\u00e1n elegidos por varios jurados compuestos por periodistas y expertos del sector.  <\/p>\n<p style=\"text-align: justify;\"><strong>EmergentePizza<\/strong> se desarrollar\u00e1 en dos etapas: el martes 4 de julio, los concursantes preparar\u00e1n la masa para el d\u00eda siguiente y tendr\u00e1n como tema la pizza margarita. Al d\u00eda siguiente, el desaf\u00edo ser\u00e1 de tema libre con la masa preparada el d\u00eda anterior. <\/p>\n<\/div><\/div>\n<div class=\"shared-content \">\n            \t\t<\/div>\n","protected":false},"excerpt":{"rendered":"<p>Los d\u00edas 4 y 5 de julio comienza la nueva edici\u00f3n de Emergente con la Selezione Nord: en Villa Terzaghi<\/p>\n","protected":false},"author":1,"featured_media":2023,"comment_status":"closed","ping_status":"closed","sticky":false,"template":"","format":"standard","meta":{"_acf_changed":false,"footnotes":""},"categories":[177],"tags":[],"class_list":["post-4453","post","type-post","status-publish","format-standard","has-post-thumbnail","hentry","category-pizza-emergente-es"],"acf":[],"yoast_head":"<!-- This site is optimized with the Yoast SEO plugin v27.5 - https:\/\/yoast.com\/product\/yoast-seo-wordpress\/ -->\n<title>\u00bfQui\u00e9n ser\u00e1 el nuevo pizzero prometedor? - Pizza Stories<\/title>\n<meta name=\"robots\" content=\"index, follow, max-snippet:-1, max-image-preview:large, max-video-preview:-1\" \/>\n<link rel=\"canonical\" href=\"https:\/\/pizzastories.le5stagioni.com\/es\/pizza-emergente-es\/quien-sera-el-nuevo-pizzero-prometedor\/\" \/>\n<meta property=\"og:locale\" content=\"es_ES\" \/>\n<meta property=\"og:type\" content=\"article\" \/>\n<meta property=\"og:title\" content=\"\u00bfQui\u00e9n ser\u00e1 el nuevo pizzero prometedor? - Pizza Stories\" \/>\n<meta property=\"og:description\" content=\"Los d\u00edas 4 y 5 de julio comienza la nueva edici\u00f3n de Emergente con la Selezione Nord: en Villa Terzaghi\" \/>\n<meta property=\"og:url\" content=\"https:\/\/pizzastories.le5stagioni.com\/es\/pizza-emergente-es\/quien-sera-el-nuevo-pizzero-prometedor\/\" \/>\n<meta property=\"og:site_name\" content=\"Pizza Stories\" \/>\n<meta property=\"article:published_time\" content=\"2023-06-30T10:42:05+00:00\" \/>\n<meta property=\"og:image\" content=\"https:\/\/pizzastories.le5stagioni.com\/wp-content\/uploads\/2025\/05\/emergente-selezione-nord-24-1.jpg\" \/>\n\t<meta property=\"og:image:width\" content=\"1920\" \/>\n\t<meta property=\"og:image:height\" content=\"647\" \/>\n\t<meta property=\"og:image:type\" content=\"image\/jpeg\" \/>\n<meta name=\"author\" content=\"admin\" \/>\n<meta name=\"twitter:card\" content=\"summary_large_image\" \/>\n<meta name=\"twitter:label1\" content=\"Escrito por\" \/>\n\t<meta name=\"twitter:data1\" content=\"admin\" \/>\n\t<meta name=\"twitter:label2\" content=\"Tiempo de lectura\" \/>\n\t<meta name=\"twitter:data2\" content=\"1 minuto\" \/>\n<script type=\"application\/ld+json\" class=\"yoast-schema-graph\">{\"@context\":\"https:\\\/\\\/schema.org\",\"@graph\":[{\"@type\":\"Article\",\"@id\":\"https:\\\/\\\/pizzastories.le5stagioni.com\\\/es\\\/pizza-emergente-es\\\/quien-sera-el-nuevo-pizzero-prometedor\\\/#article\",\"isPartOf\":{\"@id\":\"https:\\\/\\\/pizzastories.le5stagioni.com\\\/es\\\/pizza-emergente-es\\\/quien-sera-el-nuevo-pizzero-prometedor\\\/\"},\"author\":{\"name\":\"admin\",\"@id\":\"https:\\\/\\\/pizzastories.le5stagioni.com\\\/es\\\/#\\\/schema\\\/person\\\/d29300c90b5517cd405edf2c907a69ba\"},\"headline\":\"\u00bfQui\u00e9n ser\u00e1 el nuevo pizzero prometedor?\",\"datePublished\":\"2023-06-30T10:42:05+00:00\",\"mainEntityOfPage\":{\"@id\":\"https:\\\/\\\/pizzastories.le5stagioni.com\\\/es\\\/pizza-emergente-es\\\/quien-sera-el-nuevo-pizzero-prometedor\\\/\"},\"wordCount\":174,\"publisher\":{\"@id\":\"https:\\\/\\\/pizzastories.le5stagioni.com\\\/es\\\/#organization\"},\"image\":{\"@id\":\"https:\\\/\\\/pizzastories.le5stagioni.com\\\/es\\\/pizza-emergente-es\\\/quien-sera-el-nuevo-pizzero-prometedor\\\/#primaryimage\"},\"thumbnailUrl\":\"https:\\\/\\\/pizzastories.le5stagioni.com\\\/wp-content\\\/uploads\\\/2025\\\/05\\\/emergente-selezione-nord-24-1.jpg\",\"articleSection\":[\"pizza emergente\"],\"inLanguage\":\"es\"},{\"@type\":\"WebPage\",\"@id\":\"https:\\\/\\\/pizzastories.le5stagioni.com\\\/es\\\/pizza-emergente-es\\\/quien-sera-el-nuevo-pizzero-prometedor\\\/\",\"url\":\"https:\\\/\\\/pizzastories.le5stagioni.com\\\/es\\\/pizza-emergente-es\\\/quien-sera-el-nuevo-pizzero-prometedor\\\/\",\"name\":\"\u00bfQui\u00e9n ser\u00e1 el nuevo pizzero prometedor? - Pizza Stories\",\"isPartOf\":{\"@id\":\"https:\\\/\\\/pizzastories.le5stagioni.com\\\/es\\\/#website\"},\"primaryImageOfPage\":{\"@id\":\"https:\\\/\\\/pizzastories.le5stagioni.com\\\/es\\\/pizza-emergente-es\\\/quien-sera-el-nuevo-pizzero-prometedor\\\/#primaryimage\"},\"image\":{\"@id\":\"https:\\\/\\\/pizzastories.le5stagioni.com\\\/es\\\/pizza-emergente-es\\\/quien-sera-el-nuevo-pizzero-prometedor\\\/#primaryimage\"},\"thumbnailUrl\":\"https:\\\/\\\/pizzastories.le5stagioni.com\\\/wp-content\\\/uploads\\\/2025\\\/05\\\/emergente-selezione-nord-24-1.jpg\",\"datePublished\":\"2023-06-30T10:42:05+00:00\",\"breadcrumb\":{\"@id\":\"https:\\\/\\\/pizzastories.le5stagioni.com\\\/es\\\/pizza-emergente-es\\\/quien-sera-el-nuevo-pizzero-prometedor\\\/#breadcrumb\"},\"inLanguage\":\"es\",\"potentialAction\":[{\"@type\":\"ReadAction\",\"target\":[\"https:\\\/\\\/pizzastories.le5stagioni.com\\\/es\\\/pizza-emergente-es\\\/quien-sera-el-nuevo-pizzero-prometedor\\\/\"]}]},{\"@type\":\"ImageObject\",\"inLanguage\":\"es\",\"@id\":\"https:\\\/\\\/pizzastories.le5stagioni.com\\\/es\\\/pizza-emergente-es\\\/quien-sera-el-nuevo-pizzero-prometedor\\\/#primaryimage\",\"url\":\"https:\\\/\\\/pizzastories.le5stagioni.com\\\/wp-content\\\/uploads\\\/2025\\\/05\\\/emergente-selezione-nord-24-1.jpg\",\"contentUrl\":\"https:\\\/\\\/pizzastories.le5stagioni.com\\\/wp-content\\\/uploads\\\/2025\\\/05\\\/emergente-selezione-nord-24-1.jpg\",\"width\":1920,\"height\":647},{\"@type\":\"BreadcrumbList\",\"@id\":\"https:\\\/\\\/pizzastories.le5stagioni.com\\\/es\\\/pizza-emergente-es\\\/quien-sera-el-nuevo-pizzero-prometedor\\\/#breadcrumb\",\"itemListElement\":[{\"@type\":\"ListItem\",\"position\":1,\"name\":\"Home\",\"item\":\"https:\\\/\\\/pizzastories.le5stagioni.com\\\/es\\\/\"},{\"@type\":\"ListItem\",\"position\":2,\"name\":\"\u00bfQui\u00e9n ser\u00e1 el nuevo pizzero prometedor?\"}]},{\"@type\":\"WebSite\",\"@id\":\"https:\\\/\\\/pizzastories.le5stagioni.com\\\/es\\\/#website\",\"url\":\"https:\\\/\\\/pizzastories.le5stagioni.com\\\/es\\\/\",\"name\":\"Pizza Stories\",\"description\":\"La community degli amanti della pizza\",\"publisher\":{\"@id\":\"https:\\\/\\\/pizzastories.le5stagioni.com\\\/es\\\/#organization\"},\"potentialAction\":[{\"@type\":\"SearchAction\",\"target\":{\"@type\":\"EntryPoint\",\"urlTemplate\":\"https:\\\/\\\/pizzastories.le5stagioni.com\\\/es\\\/?s={search_term_string}\"},\"query-input\":{\"@type\":\"PropertyValueSpecification\",\"valueRequired\":true,\"valueName\":\"search_term_string\"}}],\"inLanguage\":\"es\"},{\"@type\":\"Organization\",\"@id\":\"https:\\\/\\\/pizzastories.le5stagioni.com\\\/es\\\/#organization\",\"name\":\"Pizza Stories\",\"url\":\"https:\\\/\\\/pizzastories.le5stagioni.com\\\/es\\\/\",\"logo\":{\"@type\":\"ImageObject\",\"inLanguage\":\"es\",\"@id\":\"https:\\\/\\\/pizzastories.le5stagioni.com\\\/es\\\/#\\\/schema\\\/logo\\\/image\\\/\",\"url\":\"https:\\\/\\\/pizzastories.le5stagioni.com\\\/wp-content\\\/uploads\\\/2025\\\/05\\\/cropped-pizza-stories-logo.png\",\"contentUrl\":\"https:\\\/\\\/pizzastories.le5stagioni.com\\\/wp-content\\\/uploads\\\/2025\\\/05\\\/cropped-pizza-stories-logo.png\",\"width\":512,\"height\":512,\"caption\":\"Pizza Stories\"},\"image\":{\"@id\":\"https:\\\/\\\/pizzastories.le5stagioni.com\\\/es\\\/#\\\/schema\\\/logo\\\/image\\\/\"}},{\"@type\":\"Person\",\"@id\":\"https:\\\/\\\/pizzastories.le5stagioni.com\\\/es\\\/#\\\/schema\\\/person\\\/d29300c90b5517cd405edf2c907a69ba\",\"name\":\"admin\",\"image\":{\"@type\":\"ImageObject\",\"inLanguage\":\"es\",\"@id\":\"https:\\\/\\\/secure.gravatar.com\\\/avatar\\\/5edb4df5e2959cba313f23cb81d70d9233dad5fed62a756d80df55fa53e32990?s=96&d=mm&r=g\",\"url\":\"https:\\\/\\\/secure.gravatar.com\\\/avatar\\\/5edb4df5e2959cba313f23cb81d70d9233dad5fed62a756d80df55fa53e32990?s=96&d=mm&r=g\",\"contentUrl\":\"https:\\\/\\\/secure.gravatar.com\\\/avatar\\\/5edb4df5e2959cba313f23cb81d70d9233dad5fed62a756d80df55fa53e32990?s=96&d=mm&r=g\",\"caption\":\"admin\"},\"sameAs\":[\"https:\\\/\\\/pizzastories.le5stagioni.com\"],\"url\":\"https:\\\/\\\/pizzastories.le5stagioni.com\\\/es\\\/author\\\/eperrone_1lnrhwgg\\\/\"}]}<\/script>\n<!-- \/ Yoast SEO plugin. -->","yoast_head_json":{"title":"\u00bfQui\u00e9n ser\u00e1 el nuevo pizzero prometedor? - Pizza Stories","robots":{"index":"index","follow":"follow","max-snippet":"max-snippet:-1","max-image-preview":"max-image-preview:large","max-video-preview":"max-video-preview:-1"},"canonical":"https:\/\/pizzastories.le5stagioni.com\/es\/pizza-emergente-es\/quien-sera-el-nuevo-pizzero-prometedor\/","og_locale":"es_ES","og_type":"article","og_title":"\u00bfQui\u00e9n ser\u00e1 el nuevo pizzero prometedor? - Pizza Stories","og_description":"Los d\u00edas 4 y 5 de julio comienza la nueva edici\u00f3n de Emergente con la Selezione Nord: en Villa Terzaghi","og_url":"https:\/\/pizzastories.le5stagioni.com\/es\/pizza-emergente-es\/quien-sera-el-nuevo-pizzero-prometedor\/","og_site_name":"Pizza Stories","article_published_time":"2023-06-30T10:42:05+00:00","og_image":[{"width":1920,"height":647,"url":"https:\/\/pizzastories.le5stagioni.com\/wp-content\/uploads\/2025\/05\/emergente-selezione-nord-24-1.jpg","type":"image\/jpeg"}],"author":"admin","twitter_card":"summary_large_image","twitter_misc":{"Escrito por":"admin","Tiempo de lectura":"1 minuto"},"schema":{"@context":"https:\/\/schema.org","@graph":[{"@type":"Article","@id":"https:\/\/pizzastories.le5stagioni.com\/es\/pizza-emergente-es\/quien-sera-el-nuevo-pizzero-prometedor\/#article","isPartOf":{"@id":"https:\/\/pizzastories.le5stagioni.com\/es\/pizza-emergente-es\/quien-sera-el-nuevo-pizzero-prometedor\/"},"author":{"name":"admin","@id":"https:\/\/pizzastories.le5stagioni.com\/es\/#\/schema\/person\/d29300c90b5517cd405edf2c907a69ba"},"headline":"\u00bfQui\u00e9n ser\u00e1 el nuevo pizzero prometedor?","datePublished":"2023-06-30T10:42:05+00:00","mainEntityOfPage":{"@id":"https:\/\/pizzastories.le5stagioni.com\/es\/pizza-emergente-es\/quien-sera-el-nuevo-pizzero-prometedor\/"},"wordCount":174,"publisher":{"@id":"https:\/\/pizzastories.le5stagioni.com\/es\/#organization"},"image":{"@id":"https:\/\/pizzastories.le5stagioni.com\/es\/pizza-emergente-es\/quien-sera-el-nuevo-pizzero-prometedor\/#primaryimage"},"thumbnailUrl":"https:\/\/pizzastories.le5stagioni.com\/wp-content\/uploads\/2025\/05\/emergente-selezione-nord-24-1.jpg","articleSection":["pizza emergente"],"inLanguage":"es"},{"@type":"WebPage","@id":"https:\/\/pizzastories.le5stagioni.com\/es\/pizza-emergente-es\/quien-sera-el-nuevo-pizzero-prometedor\/","url":"https:\/\/pizzastories.le5stagioni.com\/es\/pizza-emergente-es\/quien-sera-el-nuevo-pizzero-prometedor\/","name":"\u00bfQui\u00e9n ser\u00e1 el nuevo pizzero prometedor? - Pizza Stories","isPartOf":{"@id":"https:\/\/pizzastories.le5stagioni.com\/es\/#website"},"primaryImageOfPage":{"@id":"https:\/\/pizzastories.le5stagioni.com\/es\/pizza-emergente-es\/quien-sera-el-nuevo-pizzero-prometedor\/#primaryimage"},"image":{"@id":"https:\/\/pizzastories.le5stagioni.com\/es\/pizza-emergente-es\/quien-sera-el-nuevo-pizzero-prometedor\/#primaryimage"},"thumbnailUrl":"https:\/\/pizzastories.le5stagioni.com\/wp-content\/uploads\/2025\/05\/emergente-selezione-nord-24-1.jpg","datePublished":"2023-06-30T10:42:05+00:00","breadcrumb":{"@id":"https:\/\/pizzastories.le5stagioni.com\/es\/pizza-emergente-es\/quien-sera-el-nuevo-pizzero-prometedor\/#breadcrumb"},"inLanguage":"es","potentialAction":[{"@type":"ReadAction","target":["https:\/\/pizzastories.le5stagioni.com\/es\/pizza-emergente-es\/quien-sera-el-nuevo-pizzero-prometedor\/"]}]},{"@type":"ImageObject","inLanguage":"es","@id":"https:\/\/pizzastories.le5stagioni.com\/es\/pizza-emergente-es\/quien-sera-el-nuevo-pizzero-prometedor\/#primaryimage","url":"https:\/\/pizzastories.le5stagioni.com\/wp-content\/uploads\/2025\/05\/emergente-selezione-nord-24-1.jpg","contentUrl":"https:\/\/pizzastories.le5stagioni.com\/wp-content\/uploads\/2025\/05\/emergente-selezione-nord-24-1.jpg","width":1920,"height":647},{"@type":"BreadcrumbList","@id":"https:\/\/pizzastories.le5stagioni.com\/es\/pizza-emergente-es\/quien-sera-el-nuevo-pizzero-prometedor\/#breadcrumb","itemListElement":[{"@type":"ListItem","position":1,"name":"Home","item":"https:\/\/pizzastories.le5stagioni.com\/es\/"},{"@type":"ListItem","position":2,"name":"\u00bfQui\u00e9n ser\u00e1 el nuevo pizzero prometedor?"}]},{"@type":"WebSite","@id":"https:\/\/pizzastories.le5stagioni.com\/es\/#website","url":"https:\/\/pizzastories.le5stagioni.com\/es\/","name":"Pizza Stories","description":"La community degli amanti della pizza","publisher":{"@id":"https:\/\/pizzastories.le5stagioni.com\/es\/#organization"},"potentialAction":[{"@type":"SearchAction","target":{"@type":"EntryPoint","urlTemplate":"https:\/\/pizzastories.le5stagioni.com\/es\/?s={search_term_string}"},"query-input":{"@type":"PropertyValueSpecification","valueRequired":true,"valueName":"search_term_string"}}],"inLanguage":"es"},{"@type":"Organization","@id":"https:\/\/pizzastories.le5stagioni.com\/es\/#organization","name":"Pizza Stories","url":"https:\/\/pizzastories.le5stagioni.com\/es\/","logo":{"@type":"ImageObject","inLanguage":"es","@id":"https:\/\/pizzastories.le5stagioni.com\/es\/#\/schema\/logo\/image\/","url":"https:\/\/pizzastories.le5stagioni.com\/wp-content\/uploads\/2025\/05\/cropped-pizza-stories-logo.png","contentUrl":"https:\/\/pizzastories.le5stagioni.com\/wp-content\/uploads\/2025\/05\/cropped-pizza-stories-logo.png","width":512,"height":512,"caption":"Pizza Stories"},"image":{"@id":"https:\/\/pizzastories.le5stagioni.com\/es\/#\/schema\/logo\/image\/"}},{"@type":"Person","@id":"https:\/\/pizzastories.le5stagioni.com\/es\/#\/schema\/person\/d29300c90b5517cd405edf2c907a69ba","name":"admin","image":{"@type":"ImageObject","inLanguage":"es","@id":"https:\/\/secure.gravatar.com\/avatar\/5edb4df5e2959cba313f23cb81d70d9233dad5fed62a756d80df55fa53e32990?s=96&d=mm&r=g","url":"https:\/\/secure.gravatar.com\/avatar\/5edb4df5e2959cba313f23cb81d70d9233dad5fed62a756d80df55fa53e32990?s=96&d=mm&r=g","contentUrl":"https:\/\/secure.gravatar.com\/avatar\/5edb4df5e2959cba313f23cb81d70d9233dad5fed62a756d80df55fa53e32990?s=96&d=mm&r=g","caption":"admin"},"sameAs":["https:\/\/pizzastories.le5stagioni.com"],"url":"https:\/\/pizzastories.le5stagioni.com\/es\/author\/eperrone_1lnrhwgg\/"}]}},"_links":{"self":[{"href":"https:\/\/pizzastories.le5stagioni.com\/es\/wp-json\/wp\/v2\/posts\/4453","targetHints":{"allow":["GET"]}}],"collection":[{"href":"https:\/\/pizzastories.le5stagioni.com\/es\/wp-json\/wp\/v2\/posts"}],"about":[{"href":"https:\/\/pizzastories.le5stagioni.com\/es\/wp-json\/wp\/v2\/types\/post"}],"author":[{"embeddable":true,"href":"https:\/\/pizzastories.le5stagioni.com\/es\/wp-json\/wp\/v2\/users\/1"}],"replies":[{"embeddable":true,"href":"https:\/\/pizzastories.le5stagioni.com\/es\/wp-json\/wp\/v2\/comments?post=4453"}],"version-history":[{"count":0,"href":"https:\/\/pizzastories.le5stagioni.com\/es\/wp-json\/wp\/v2\/posts\/4453\/revisions"}],"wp:featuredmedia":[{"embeddable":true,"href":"https:\/\/pizzastories.le5stagioni.com\/es\/wp-json\/wp\/v2\/media\/2023"}],"wp:attachment":[{"href":"https:\/\/pizzastories.le5stagioni.com\/es\/wp-json\/wp\/v2\/media?parent=4453"}],"wp:term":[{"taxonomy":"category","embeddable":true,"href":"https:\/\/pizzastories.le5stagioni.com\/es\/wp-json\/wp\/v2\/categories?post=4453"},{"taxonomy":"post_tag","embeddable":true,"href":"https:\/\/pizzastories.le5stagioni.com\/es\/wp-json\/wp\/v2\/tags?post=4453"}],"curies":[{"name":"wp","href":"https:\/\/api.w.org\/{rel}","templated":true}]}}