{"id":4771,"date":"2023-07-10T10:50:21","date_gmt":"2023-07-10T08:50:21","guid":{"rendered":"https:\/\/pizzastories.le5stagioni.com\/sin-categoria\/estos-son-los-finalistas-de-emergentepizza-selezione-nord-2024\/"},"modified":"2023-07-10T10:50:21","modified_gmt":"2023-07-10T08:50:21","slug":"estos-son-los-finalistas-de-emergentepizza-selezione-nord-2024","status":"publish","type":"post","link":"https:\/\/pizzastories.le5stagioni.com\/es\/pizza-emergente-es\/estos-son-los-finalistas-de-emergentepizza-selezione-nord-2024\/","title":{"rendered":"\u00c9stos son los finalistas de EmergentePizza Selezione Nord 2024"},"content":{"rendered":"\n<div class=\"stripe-one-col-media fullwidth\">\n            <img decoding=\"async\" src=\"https:\/\/pizzastories.le5stagioni.com\/wp-content\/uploads\/2025\/05\/emergenza-pizza-la-tappa-centro-sud-header-1.jpg\" alt=\"\">\t\t<\/div>\n<div class=\"stripe-one-col-text \">\n<div class=\"text-description\">\n<p style=\"text-align: justify;\">La Selecci\u00f3n Norte de <strong>EMERGENTE PIZZA 2024<\/strong>, celebrada en <strong>la Villa Terzaghi<\/strong> de Mil\u00e1n <strong>los d\u00edas 4 y 5 de julio<\/strong>, cont\u00f3 con la participaci\u00f3n de j\u00f3venes pizzeros dispuestos a ponerse a prueba y aportar su creatividad al concurso.<\/p>\n<p style=\"text-align: justify;\">El primer d\u00eda, los concursantes prepararon masas para el d\u00eda siguiente y presentaron al jurado su versi\u00f3n personal de un cl\u00e1sico atemporal: la Pizza Margherita. El \u00faltimo d\u00eda del concurso se centr\u00f3 en la creatividad, y cada pizzero present\u00f3 una pizza con un ingrediente especial hecha para impresionar y contar su propia historia. <\/p>\n<p style=\"text-align: justify;\">Con los fuegos apagados, mientras se esperaba el veredicto del jurado, se celebr\u00f3 una interesante Charla sobre el tema<strong>\u201cRestauraci\u00f3n y sostenibilidad: \u00bfuna combinaci\u00f3n posible?<\/strong>\u201d en la que, adem\u00e1s de los pizzeros, algunos de los patrocinadores e invitados del evento hablaron de su visi\u00f3n, buenas pr\u00e1cticas e iniciativas actuales.<\/p>\n<p style=\"text-align: justify;\">Damos nuestra m\u00e1s sincera enhorabuena a los ganadores de los premios en juego y a los finalistas de Emergente Pizza selezione Nord que pasan directamente a la final de <strong>ALMA<\/strong>.<\/p>\n<p style=\"text-align: justify;\">Los ganadores del <strong>PREMIO A LA SOSTENIBILIDAD <\/strong>son:<\/p>\n<ul>\n<li style=\"text-align: justify;\"><strong>Mara Fabiana Mancosu<\/strong> (Domo Mia &#8211; Costa Masnaga, Lecco);<\/li>\n<li style=\"text-align: justify;\"><strong>Alexandra Horghidan <\/strong>(Zia Pizza &#8211; Peschiera del Garda, Verona);<\/li>\n<li style=\"text-align: justify;\"><strong>Daniele Cassese<\/strong><strong> <\/strong>(Varrone Pizza &#8211; Mil\u00e1n);<\/li>\n<\/ul>\n<p style=\"text-align: justify;\">&nbsp;<\/p>\n<p style=\"text-align: justify;\">Los finalistas de la <strong>SELECCI\u00d3N EMERGENTE PIZZA NORD 2024 <\/strong>son:<\/p>\n<ul>\n<li style=\"text-align: justify;\"><strong>Jurgen Verbofshi <\/strong>(Pizzer\u00eda I Bravi Ragazzi &#8211; Meda): una floraci\u00f3n de hierbas h\u00e1bilmente seleccionadas para dar frescura a la manteca;<\/li>\n<li style=\"text-align: justify;\"><strong>Luca Pasca <\/strong>(Sesto Gusto &#8211; Tur\u00edn): present\u00f3 una pizza con sabores piamonteses, con lengua, crema de pimienta, bagnetto verde y brotes;<\/li>\n<li style=\"text-align: justify;\"><strong>Arvind Patwa <\/strong>(Pizzeria Shambo &#8211; Mil\u00e1n): sorprendente su pizza de menta enriquecida con calabacines y bacon;<\/li>\n<li style=\"text-align: justify;\"><strong>Davide Franco<\/strong> (Se\u00f1or Pizza &#8211; Busto Arsizio).<\/li>\n<\/ul>\n<p style=\"text-align: justify;\"><strong>\u00a1Enhorabuena a todos!<\/strong><\/p>\n<p style=\"text-align: justify;\">Esperamos verte en el pr\u00f3ximo acto en <strong>la Universit\u00e0 dei Sapori de Perugia<\/strong> <strong>los d\u00edas 3 y 4 de octubre<\/strong> con <strong>Emergente Pizza selezione Centro-Sud<\/strong>.<\/p>\n<\/div><\/div>\n<div class=\"shared-content \">\n            \t\t<\/div>\n","protected":false},"excerpt":{"rendered":"<p>La Selecci\u00f3n Norte de EMERGENTE PIZZA 2024, celebrada en la Villa Terzaghi de Mil\u00e1n los d\u00edas 4 y 5 de julio, cont\u00f3 con la participaci\u00f3n de j\u00f3venes pizzeros dispuestos a ponerse a prueba y aportar su creatividad al concurso.<\/p>\n","protected":false},"author":1,"featured_media":2033,"comment_status":"closed","ping_status":"closed","sticky":false,"template":"","format":"standard","meta":{"_acf_changed":false,"footnotes":""},"categories":[177],"tags":[],"class_list":["post-4771","post","type-post","status-publish","format-standard","has-post-thumbnail","hentry","category-pizza-emergente-es"],"acf":[],"yoast_head":"<!-- This site is optimized with the Yoast SEO plugin v27.5 - https:\/\/yoast.com\/product\/yoast-seo-wordpress\/ -->\n<title>\u00c9stos son los finalistas de EmergentePizza Selezione Nord 2024 - Pizza Stories<\/title>\n<meta name=\"robots\" content=\"index, follow, max-snippet:-1, max-image-preview:large, max-video-preview:-1\" \/>\n<link rel=\"canonical\" href=\"https:\/\/pizzastories.le5stagioni.com\/es\/pizza-emergente-es\/estos-son-los-finalistas-de-emergentepizza-selezione-nord-2024\/\" \/>\n<meta property=\"og:locale\" content=\"es_ES\" \/>\n<meta property=\"og:type\" content=\"article\" \/>\n<meta property=\"og:title\" content=\"\u00c9stos son los finalistas de EmergentePizza Selezione Nord 2024 - Pizza Stories\" \/>\n<meta property=\"og:description\" content=\"La Selecci\u00f3n Norte de EMERGENTE PIZZA 2024, celebrada en la Villa Terzaghi de Mil\u00e1n los d\u00edas 4 y 5 de julio, cont\u00f3 con la participaci\u00f3n de j\u00f3venes pizzeros dispuestos a ponerse a prueba y aportar su creatividad al concurso.\" \/>\n<meta property=\"og:url\" content=\"https:\/\/pizzastories.le5stagioni.com\/es\/pizza-emergente-es\/estos-son-los-finalistas-de-emergentepizza-selezione-nord-2024\/\" \/>\n<meta property=\"og:site_name\" content=\"Pizza Stories\" \/>\n<meta property=\"article:published_time\" content=\"2023-07-10T08:50:21+00:00\" \/>\n<meta property=\"og:image\" content=\"https:\/\/pizzastories.le5stagioni.com\/wp-content\/uploads\/2025\/05\/emergenza-pizza-la-tappa-centro-sud-header-1-2.jpg\" \/>\n\t<meta property=\"og:image:width\" content=\"1920\" \/>\n\t<meta property=\"og:image:height\" content=\"647\" \/>\n\t<meta property=\"og:image:type\" content=\"image\/jpeg\" \/>\n<meta name=\"author\" content=\"admin\" \/>\n<meta name=\"twitter:card\" content=\"summary_large_image\" \/>\n<meta name=\"twitter:label1\" content=\"Escrito por\" \/>\n\t<meta name=\"twitter:data1\" content=\"admin\" \/>\n\t<meta name=\"twitter:label2\" content=\"Tiempo de lectura\" \/>\n\t<meta name=\"twitter:data2\" content=\"2 minutos\" \/>\n<script type=\"application\/ld+json\" class=\"yoast-schema-graph\">{\"@context\":\"https:\\\/\\\/schema.org\",\"@graph\":[{\"@type\":\"Article\",\"@id\":\"https:\\\/\\\/pizzastories.le5stagioni.com\\\/es\\\/pizza-emergente-es\\\/estos-son-los-finalistas-de-emergentepizza-selezione-nord-2024\\\/#article\",\"isPartOf\":{\"@id\":\"https:\\\/\\\/pizzastories.le5stagioni.com\\\/es\\\/pizza-emergente-es\\\/estos-son-los-finalistas-de-emergentepizza-selezione-nord-2024\\\/\"},\"author\":{\"name\":\"admin\",\"@id\":\"https:\\\/\\\/pizzastories.le5stagioni.com\\\/es\\\/#\\\/schema\\\/person\\\/d29300c90b5517cd405edf2c907a69ba\"},\"headline\":\"\u00c9stos son los finalistas de EmergentePizza Selezione Nord 2024\",\"datePublished\":\"2023-07-10T08:50:21+00:00\",\"mainEntityOfPage\":{\"@id\":\"https:\\\/\\\/pizzastories.le5stagioni.com\\\/es\\\/pizza-emergente-es\\\/estos-son-los-finalistas-de-emergentepizza-selezione-nord-2024\\\/\"},\"wordCount\":334,\"publisher\":{\"@id\":\"https:\\\/\\\/pizzastories.le5stagioni.com\\\/es\\\/#organization\"},\"image\":{\"@id\":\"https:\\\/\\\/pizzastories.le5stagioni.com\\\/es\\\/pizza-emergente-es\\\/estos-son-los-finalistas-de-emergentepizza-selezione-nord-2024\\\/#primaryimage\"},\"thumbnailUrl\":\"https:\\\/\\\/pizzastories.le5stagioni.com\\\/wp-content\\\/uploads\\\/2025\\\/05\\\/emergenza-pizza-la-tappa-centro-sud-header-1-2.jpg\",\"articleSection\":[\"pizza emergente\"],\"inLanguage\":\"es\"},{\"@type\":\"WebPage\",\"@id\":\"https:\\\/\\\/pizzastories.le5stagioni.com\\\/es\\\/pizza-emergente-es\\\/estos-son-los-finalistas-de-emergentepizza-selezione-nord-2024\\\/\",\"url\":\"https:\\\/\\\/pizzastories.le5stagioni.com\\\/es\\\/pizza-emergente-es\\\/estos-son-los-finalistas-de-emergentepizza-selezione-nord-2024\\\/\",\"name\":\"\u00c9stos son los finalistas de EmergentePizza Selezione Nord 2024 - Pizza Stories\",\"isPartOf\":{\"@id\":\"https:\\\/\\\/pizzastories.le5stagioni.com\\\/es\\\/#website\"},\"primaryImageOfPage\":{\"@id\":\"https:\\\/\\\/pizzastories.le5stagioni.com\\\/es\\\/pizza-emergente-es\\\/estos-son-los-finalistas-de-emergentepizza-selezione-nord-2024\\\/#primaryimage\"},\"image\":{\"@id\":\"https:\\\/\\\/pizzastories.le5stagioni.com\\\/es\\\/pizza-emergente-es\\\/estos-son-los-finalistas-de-emergentepizza-selezione-nord-2024\\\/#primaryimage\"},\"thumbnailUrl\":\"https:\\\/\\\/pizzastories.le5stagioni.com\\\/wp-content\\\/uploads\\\/2025\\\/05\\\/emergenza-pizza-la-tappa-centro-sud-header-1-2.jpg\",\"datePublished\":\"2023-07-10T08:50:21+00:00\",\"breadcrumb\":{\"@id\":\"https:\\\/\\\/pizzastories.le5stagioni.com\\\/es\\\/pizza-emergente-es\\\/estos-son-los-finalistas-de-emergentepizza-selezione-nord-2024\\\/#breadcrumb\"},\"inLanguage\":\"es\",\"potentialAction\":[{\"@type\":\"ReadAction\",\"target\":[\"https:\\\/\\\/pizzastories.le5stagioni.com\\\/es\\\/pizza-emergente-es\\\/estos-son-los-finalistas-de-emergentepizza-selezione-nord-2024\\\/\"]}]},{\"@type\":\"ImageObject\",\"inLanguage\":\"es\",\"@id\":\"https:\\\/\\\/pizzastories.le5stagioni.com\\\/es\\\/pizza-emergente-es\\\/estos-son-los-finalistas-de-emergentepizza-selezione-nord-2024\\\/#primaryimage\",\"url\":\"https:\\\/\\\/pizzastories.le5stagioni.com\\\/wp-content\\\/uploads\\\/2025\\\/05\\\/emergenza-pizza-la-tappa-centro-sud-header-1-2.jpg\",\"contentUrl\":\"https:\\\/\\\/pizzastories.le5stagioni.com\\\/wp-content\\\/uploads\\\/2025\\\/05\\\/emergenza-pizza-la-tappa-centro-sud-header-1-2.jpg\",\"width\":1920,\"height\":647},{\"@type\":\"BreadcrumbList\",\"@id\":\"https:\\\/\\\/pizzastories.le5stagioni.com\\\/es\\\/pizza-emergente-es\\\/estos-son-los-finalistas-de-emergentepizza-selezione-nord-2024\\\/#breadcrumb\",\"itemListElement\":[{\"@type\":\"ListItem\",\"position\":1,\"name\":\"Home\",\"item\":\"https:\\\/\\\/pizzastories.le5stagioni.com\\\/es\\\/\"},{\"@type\":\"ListItem\",\"position\":2,\"name\":\"\u00c9stos son los finalistas de EmergentePizza Selezione Nord 2024\"}]},{\"@type\":\"WebSite\",\"@id\":\"https:\\\/\\\/pizzastories.le5stagioni.com\\\/es\\\/#website\",\"url\":\"https:\\\/\\\/pizzastories.le5stagioni.com\\\/es\\\/\",\"name\":\"Pizza Stories\",\"description\":\"La community degli amanti della pizza\",\"publisher\":{\"@id\":\"https:\\\/\\\/pizzastories.le5stagioni.com\\\/es\\\/#organization\"},\"potentialAction\":[{\"@type\":\"SearchAction\",\"target\":{\"@type\":\"EntryPoint\",\"urlTemplate\":\"https:\\\/\\\/pizzastories.le5stagioni.com\\\/es\\\/?s={search_term_string}\"},\"query-input\":{\"@type\":\"PropertyValueSpecification\",\"valueRequired\":true,\"valueName\":\"search_term_string\"}}],\"inLanguage\":\"es\"},{\"@type\":\"Organization\",\"@id\":\"https:\\\/\\\/pizzastories.le5stagioni.com\\\/es\\\/#organization\",\"name\":\"Pizza Stories\",\"url\":\"https:\\\/\\\/pizzastories.le5stagioni.com\\\/es\\\/\",\"logo\":{\"@type\":\"ImageObject\",\"inLanguage\":\"es\",\"@id\":\"https:\\\/\\\/pizzastories.le5stagioni.com\\\/es\\\/#\\\/schema\\\/logo\\\/image\\\/\",\"url\":\"https:\\\/\\\/pizzastories.le5stagioni.com\\\/wp-content\\\/uploads\\\/2025\\\/05\\\/cropped-pizza-stories-logo.png\",\"contentUrl\":\"https:\\\/\\\/pizzastories.le5stagioni.com\\\/wp-content\\\/uploads\\\/2025\\\/05\\\/cropped-pizza-stories-logo.png\",\"width\":512,\"height\":512,\"caption\":\"Pizza Stories\"},\"image\":{\"@id\":\"https:\\\/\\\/pizzastories.le5stagioni.com\\\/es\\\/#\\\/schema\\\/logo\\\/image\\\/\"}},{\"@type\":\"Person\",\"@id\":\"https:\\\/\\\/pizzastories.le5stagioni.com\\\/es\\\/#\\\/schema\\\/person\\\/d29300c90b5517cd405edf2c907a69ba\",\"name\":\"admin\",\"image\":{\"@type\":\"ImageObject\",\"inLanguage\":\"es\",\"@id\":\"https:\\\/\\\/secure.gravatar.com\\\/avatar\\\/5edb4df5e2959cba313f23cb81d70d9233dad5fed62a756d80df55fa53e32990?s=96&d=mm&r=g\",\"url\":\"https:\\\/\\\/secure.gravatar.com\\\/avatar\\\/5edb4df5e2959cba313f23cb81d70d9233dad5fed62a756d80df55fa53e32990?s=96&d=mm&r=g\",\"contentUrl\":\"https:\\\/\\\/secure.gravatar.com\\\/avatar\\\/5edb4df5e2959cba313f23cb81d70d9233dad5fed62a756d80df55fa53e32990?s=96&d=mm&r=g\",\"caption\":\"admin\"},\"sameAs\":[\"https:\\\/\\\/pizzastories.le5stagioni.com\"],\"url\":\"https:\\\/\\\/pizzastories.le5stagioni.com\\\/es\\\/author\\\/eperrone_1lnrhwgg\\\/\"}]}<\/script>\n<!-- \/ Yoast SEO plugin. -->","yoast_head_json":{"title":"\u00c9stos son los finalistas de EmergentePizza Selezione Nord 2024 - Pizza Stories","robots":{"index":"index","follow":"follow","max-snippet":"max-snippet:-1","max-image-preview":"max-image-preview:large","max-video-preview":"max-video-preview:-1"},"canonical":"https:\/\/pizzastories.le5stagioni.com\/es\/pizza-emergente-es\/estos-son-los-finalistas-de-emergentepizza-selezione-nord-2024\/","og_locale":"es_ES","og_type":"article","og_title":"\u00c9stos son los finalistas de EmergentePizza Selezione Nord 2024 - Pizza Stories","og_description":"La Selecci\u00f3n Norte de EMERGENTE PIZZA 2024, celebrada en la Villa Terzaghi de Mil\u00e1n los d\u00edas 4 y 5 de julio, cont\u00f3 con la participaci\u00f3n de j\u00f3venes pizzeros dispuestos a ponerse a prueba y aportar su creatividad al concurso.","og_url":"https:\/\/pizzastories.le5stagioni.com\/es\/pizza-emergente-es\/estos-son-los-finalistas-de-emergentepizza-selezione-nord-2024\/","og_site_name":"Pizza Stories","article_published_time":"2023-07-10T08:50:21+00:00","og_image":[{"width":1920,"height":647,"url":"https:\/\/pizzastories.le5stagioni.com\/wp-content\/uploads\/2025\/05\/emergenza-pizza-la-tappa-centro-sud-header-1-2.jpg","type":"image\/jpeg"}],"author":"admin","twitter_card":"summary_large_image","twitter_misc":{"Escrito por":"admin","Tiempo de lectura":"2 minutos"},"schema":{"@context":"https:\/\/schema.org","@graph":[{"@type":"Article","@id":"https:\/\/pizzastories.le5stagioni.com\/es\/pizza-emergente-es\/estos-son-los-finalistas-de-emergentepizza-selezione-nord-2024\/#article","isPartOf":{"@id":"https:\/\/pizzastories.le5stagioni.com\/es\/pizza-emergente-es\/estos-son-los-finalistas-de-emergentepizza-selezione-nord-2024\/"},"author":{"name":"admin","@id":"https:\/\/pizzastories.le5stagioni.com\/es\/#\/schema\/person\/d29300c90b5517cd405edf2c907a69ba"},"headline":"\u00c9stos son los finalistas de EmergentePizza Selezione Nord 2024","datePublished":"2023-07-10T08:50:21+00:00","mainEntityOfPage":{"@id":"https:\/\/pizzastories.le5stagioni.com\/es\/pizza-emergente-es\/estos-son-los-finalistas-de-emergentepizza-selezione-nord-2024\/"},"wordCount":334,"publisher":{"@id":"https:\/\/pizzastories.le5stagioni.com\/es\/#organization"},"image":{"@id":"https:\/\/pizzastories.le5stagioni.com\/es\/pizza-emergente-es\/estos-son-los-finalistas-de-emergentepizza-selezione-nord-2024\/#primaryimage"},"thumbnailUrl":"https:\/\/pizzastories.le5stagioni.com\/wp-content\/uploads\/2025\/05\/emergenza-pizza-la-tappa-centro-sud-header-1-2.jpg","articleSection":["pizza emergente"],"inLanguage":"es"},{"@type":"WebPage","@id":"https:\/\/pizzastories.le5stagioni.com\/es\/pizza-emergente-es\/estos-son-los-finalistas-de-emergentepizza-selezione-nord-2024\/","url":"https:\/\/pizzastories.le5stagioni.com\/es\/pizza-emergente-es\/estos-son-los-finalistas-de-emergentepizza-selezione-nord-2024\/","name":"\u00c9stos son los finalistas de EmergentePizza Selezione Nord 2024 - Pizza Stories","isPartOf":{"@id":"https:\/\/pizzastories.le5stagioni.com\/es\/#website"},"primaryImageOfPage":{"@id":"https:\/\/pizzastories.le5stagioni.com\/es\/pizza-emergente-es\/estos-son-los-finalistas-de-emergentepizza-selezione-nord-2024\/#primaryimage"},"image":{"@id":"https:\/\/pizzastories.le5stagioni.com\/es\/pizza-emergente-es\/estos-son-los-finalistas-de-emergentepizza-selezione-nord-2024\/#primaryimage"},"thumbnailUrl":"https:\/\/pizzastories.le5stagioni.com\/wp-content\/uploads\/2025\/05\/emergenza-pizza-la-tappa-centro-sud-header-1-2.jpg","datePublished":"2023-07-10T08:50:21+00:00","breadcrumb":{"@id":"https:\/\/pizzastories.le5stagioni.com\/es\/pizza-emergente-es\/estos-son-los-finalistas-de-emergentepizza-selezione-nord-2024\/#breadcrumb"},"inLanguage":"es","potentialAction":[{"@type":"ReadAction","target":["https:\/\/pizzastories.le5stagioni.com\/es\/pizza-emergente-es\/estos-son-los-finalistas-de-emergentepizza-selezione-nord-2024\/"]}]},{"@type":"ImageObject","inLanguage":"es","@id":"https:\/\/pizzastories.le5stagioni.com\/es\/pizza-emergente-es\/estos-son-los-finalistas-de-emergentepizza-selezione-nord-2024\/#primaryimage","url":"https:\/\/pizzastories.le5stagioni.com\/wp-content\/uploads\/2025\/05\/emergenza-pizza-la-tappa-centro-sud-header-1-2.jpg","contentUrl":"https:\/\/pizzastories.le5stagioni.com\/wp-content\/uploads\/2025\/05\/emergenza-pizza-la-tappa-centro-sud-header-1-2.jpg","width":1920,"height":647},{"@type":"BreadcrumbList","@id":"https:\/\/pizzastories.le5stagioni.com\/es\/pizza-emergente-es\/estos-son-los-finalistas-de-emergentepizza-selezione-nord-2024\/#breadcrumb","itemListElement":[{"@type":"ListItem","position":1,"name":"Home","item":"https:\/\/pizzastories.le5stagioni.com\/es\/"},{"@type":"ListItem","position":2,"name":"\u00c9stos son los finalistas de EmergentePizza Selezione Nord 2024"}]},{"@type":"WebSite","@id":"https:\/\/pizzastories.le5stagioni.com\/es\/#website","url":"https:\/\/pizzastories.le5stagioni.com\/es\/","name":"Pizza Stories","description":"La community degli amanti della pizza","publisher":{"@id":"https:\/\/pizzastories.le5stagioni.com\/es\/#organization"},"potentialAction":[{"@type":"SearchAction","target":{"@type":"EntryPoint","urlTemplate":"https:\/\/pizzastories.le5stagioni.com\/es\/?s={search_term_string}"},"query-input":{"@type":"PropertyValueSpecification","valueRequired":true,"valueName":"search_term_string"}}],"inLanguage":"es"},{"@type":"Organization","@id":"https:\/\/pizzastories.le5stagioni.com\/es\/#organization","name":"Pizza Stories","url":"https:\/\/pizzastories.le5stagioni.com\/es\/","logo":{"@type":"ImageObject","inLanguage":"es","@id":"https:\/\/pizzastories.le5stagioni.com\/es\/#\/schema\/logo\/image\/","url":"https:\/\/pizzastories.le5stagioni.com\/wp-content\/uploads\/2025\/05\/cropped-pizza-stories-logo.png","contentUrl":"https:\/\/pizzastories.le5stagioni.com\/wp-content\/uploads\/2025\/05\/cropped-pizza-stories-logo.png","width":512,"height":512,"caption":"Pizza Stories"},"image":{"@id":"https:\/\/pizzastories.le5stagioni.com\/es\/#\/schema\/logo\/image\/"}},{"@type":"Person","@id":"https:\/\/pizzastories.le5stagioni.com\/es\/#\/schema\/person\/d29300c90b5517cd405edf2c907a69ba","name":"admin","image":{"@type":"ImageObject","inLanguage":"es","@id":"https:\/\/secure.gravatar.com\/avatar\/5edb4df5e2959cba313f23cb81d70d9233dad5fed62a756d80df55fa53e32990?s=96&d=mm&r=g","url":"https:\/\/secure.gravatar.com\/avatar\/5edb4df5e2959cba313f23cb81d70d9233dad5fed62a756d80df55fa53e32990?s=96&d=mm&r=g","contentUrl":"https:\/\/secure.gravatar.com\/avatar\/5edb4df5e2959cba313f23cb81d70d9233dad5fed62a756d80df55fa53e32990?s=96&d=mm&r=g","caption":"admin"},"sameAs":["https:\/\/pizzastories.le5stagioni.com"],"url":"https:\/\/pizzastories.le5stagioni.com\/es\/author\/eperrone_1lnrhwgg\/"}]}},"_links":{"self":[{"href":"https:\/\/pizzastories.le5stagioni.com\/es\/wp-json\/wp\/v2\/posts\/4771","targetHints":{"allow":["GET"]}}],"collection":[{"href":"https:\/\/pizzastories.le5stagioni.com\/es\/wp-json\/wp\/v2\/posts"}],"about":[{"href":"https:\/\/pizzastories.le5stagioni.com\/es\/wp-json\/wp\/v2\/types\/post"}],"author":[{"embeddable":true,"href":"https:\/\/pizzastories.le5stagioni.com\/es\/wp-json\/wp\/v2\/users\/1"}],"replies":[{"embeddable":true,"href":"https:\/\/pizzastories.le5stagioni.com\/es\/wp-json\/wp\/v2\/comments?post=4771"}],"version-history":[{"count":0,"href":"https:\/\/pizzastories.le5stagioni.com\/es\/wp-json\/wp\/v2\/posts\/4771\/revisions"}],"wp:featuredmedia":[{"embeddable":true,"href":"https:\/\/pizzastories.le5stagioni.com\/es\/wp-json\/wp\/v2\/media\/2033"}],"wp:attachment":[{"href":"https:\/\/pizzastories.le5stagioni.com\/es\/wp-json\/wp\/v2\/media?parent=4771"}],"wp:term":[{"taxonomy":"category","embeddable":true,"href":"https:\/\/pizzastories.le5stagioni.com\/es\/wp-json\/wp\/v2\/categories?post=4771"},{"taxonomy":"post_tag","embeddable":true,"href":"https:\/\/pizzastories.le5stagioni.com\/es\/wp-json\/wp\/v2\/tags?post=4771"}],"curies":[{"name":"wp","href":"https:\/\/api.w.org\/{rel}","templated":true}]}}