{"id":5587,"date":"2025-06-20T15:44:53","date_gmt":"2025-06-20T13:44:53","guid":{"rendered":"https:\/\/pizzastories.le5stagioni.com\/sin-categoria\/de-panadero-a-jefe-de-panaderia\/"},"modified":"2025-07-01T16:21:13","modified_gmt":"2025-07-01T14:21:13","slug":"de-panadero-a-jefe-de-panaderia","status":"publish","type":"post","link":"https:\/\/pizzastories.le5stagioni.com\/es\/estilo-de-vida-es\/de-panadero-a-jefe-de-panaderia\/","title":{"rendered":"De Panadero a Jefe de Panader\u00eda"},"content":{"rendered":"\t\t<div data-elementor-type=\"wp-post\" data-elementor-id=\"5587\" class=\"elementor elementor-5587 elementor-5551\" data-elementor-post-type=\"post\">\n\t\t\t\t<div class=\"elementor-element elementor-element-227c5592 e-flex e-con-boxed e-con e-parent\" data-id=\"227c5592\" data-element_type=\"container\" data-e-type=\"container\">\n\t\t\t\t\t<div class=\"e-con-inner\">\n\t\t<div class=\"elementor-element elementor-element-d87c127 e-con-full e-flex e-con e-child\" data-id=\"d87c127\" data-element_type=\"container\" data-e-type=\"container\">\n\t\t\t\t<div class=\"elementor-element elementor-element-485cc4a elementor-widget elementor-widget-text-editor\" data-id=\"485cc4a\" data-element_type=\"widget\" data-e-type=\"widget\" data-widget_type=\"text-editor.default\">\n\t\t\t\t<div class=\"elementor-widget-container\">\n\t\t\t\t\t\t\t\t\t<p>C\u00f3mo est\u00e1 cambiando la profesi\u00f3n de panadero en la era de la alimentaci\u00f3n consciente, entre la tradici\u00f3n, la innovaci\u00f3n y la atenci\u00f3n a la salud<\/p>\t\t\t\t\t\t\t\t<\/div>\n\t\t\t\t<\/div>\n\t\t\t\t<\/div>\n\t\t\t\t<div class=\"elementor-element elementor-element-7e534579 elementor-widget elementor-widget-image\" data-id=\"7e534579\" data-element_type=\"widget\" data-e-type=\"widget\" data-widget_type=\"image.default\">\n\t\t\t\t<div class=\"elementor-widget-container\">\n\t\t\t\t\t\t\t\t\t\t\t\t\t\t\t<img decoding=\"async\" src=\"https:\/\/pizzastories.le5stagioni.com\/wp-content\/plugins\/elementor\/assets\/images\/placeholder.png\" title=\"\" alt=\"\" loading=\"lazy\" \/>\t\t\t\t\t\t\t\t\t\t\t\t\t\t\t<\/div>\n\t\t\t\t<\/div>\n\t\t\t\t\t<\/div>\n\t\t\t\t<\/div>\n\t\t<div class=\"elementor-element elementor-element-4ca9b608 e-flex e-con-boxed e-con e-parent\" data-id=\"4ca9b608\" data-element_type=\"container\" data-e-type=\"container\">\n\t\t\t\t\t<div class=\"e-con-inner\">\n\t\t\t\t<div class=\"elementor-element elementor-element-3632ff3e elementor-widget elementor-widget-text-editor\" data-id=\"3632ff3e\" data-element_type=\"widget\" data-e-type=\"widget\" data-widget_type=\"text-editor.default\">\n\t\t\t\t<div class=\"elementor-widget-container\">\n\t\t\t\t\t\t\t\t\t<p>El mercado de la panader\u00eda no conoce crisis: seg\u00fan las estimaciones, el volumen de negocio mundial supera los 340.000 millones de d\u00f3lares, con Europa a la cabeza gracias a la amplia presencia de panader\u00edas artesanales en todo el territorio. En Italia, el 85% del pan que se consume cada d\u00eda procede de unas 24.000 panader\u00edas artesanales, que producen m\u00e1s de 250 variedades de pan, testimonio de un patrimonio cultural y gastron\u00f3mico \u00fanico en el mundo.   <span style=\"color: var( --e-global-color-text ); font-family: var( --e-global-typography-text-font-family ), Sans-serif; font-size: var( --e-global-typography-text-font-size ); font-weight: var( --e-global-typography-text-font-weight ); text-align: var(--text-align); background-color: var( --e-global-color-0945e81 );\">Los consumidores muestran una clara preferencia por la panader\u00eda elaborada con ingredientes selectos y recetas tradicionales, a menudo vinculadas a recuerdos rurales y al uso de masa madre.  <\/span><\/p><p><span style=\"color: var( --e-global-color-text ); font-family: var( --e-global-typography-text-font-family ), Sans-serif; font-size: var( --e-global-typography-text-font-size ); font-weight: var( --e-global-typography-text-font-weight ); text-align: var(--text-align); background-color: var( --e-global-color-0945e81 );\">Se trata de productos aut\u00e9nticos, vinculados al territorio, a la estacionalidad y a la valorizaci\u00f3n de las materias primas locales, capaces de resistir a las modas pasajeras. Al mismo tiempo, est\u00e1n surgiendo nuevos modelos de consumo y venta en los que la panader\u00eda tradicional se transforma en un formato h\u00edbrido, integrando cafeter\u00eda, pizzer\u00eda al corte o pasteler\u00eda para ofrecer una experiencia m\u00e1s completa y diversificada.   <\/span><\/p><p><span style=\"color: var( --e-global-color-text ); font-family: var( --e-global-typography-text-font-family ), Sans-serif; font-size: var( --e-global-typography-text-font-size ); font-weight: var( --e-global-typography-text-font-weight ); text-align: var(--text-align); background-color: var( --e-global-color-0945e81 );\">En este escenario en evoluci\u00f3n, la figura del panadero se transforma en la del Chef Panadero: un profesional creativo con un profundo conocimiento de la levadura, las t\u00e9cnicas y las materias primas, capaz de producir pan, focaccia, pizzas, galletas y otros productos horneados con un enfoque atento a la nutrici\u00f3n y la sostenibilidad. El panadero contempor\u00e1neo introduce una nueva forma de concebir los productos de panader\u00eda, con propuestas ricas en prote\u00ednas y fibra, elaboradas con harinas integrales o cereales alternativos, poniendo en el centro el bienestar del consumidor. <\/span><\/p>\t\t\t\t\t\t\t\t<\/div>\n\t\t\t\t<\/div>\n\t\t\t\t\t<\/div>\n\t\t\t\t<\/div>\n\t\t<div class=\"elementor-element elementor-element-2cdaf52d e-flex e-con-boxed e-con e-parent\" data-id=\"2cdaf52d\" data-element_type=\"container\" data-e-type=\"container\">\n\t\t\t\t\t<div class=\"e-con-inner\">\n\t\t\t\t<div class=\"elementor-element elementor-element-48fb6e2f elementor-widget elementor-widget-image\" data-id=\"48fb6e2f\" data-element_type=\"widget\" data-e-type=\"widget\" data-widget_type=\"image.default\">\n\t\t\t\t<div class=\"elementor-widget-container\">\n\t\t\t\t\t\t\t\t\t\t\t\t\t\t\t<img decoding=\"async\" src=\"https:\/\/pizzastories.le5stagioni.com\/wp-content\/plugins\/elementor\/assets\/images\/placeholder.png\" title=\"\" alt=\"\" loading=\"lazy\" \/>\t\t\t\t\t\t\t\t\t\t\t\t\t\t\t<\/div>\n\t\t\t\t<\/div>\n\t\t\t\t\t<\/div>\n\t\t\t\t<\/div>\n\t\t<div class=\"elementor-element elementor-element-6df69ee1 e-flex e-con-boxed e-con e-parent\" data-id=\"6df69ee1\" data-element_type=\"container\" data-e-type=\"container\">\n\t\t\t\t\t<div class=\"e-con-inner\">\n\t\t\t\t<div class=\"elementor-element elementor-element-476bb7c0 elementor-widget elementor-widget-text-editor\" data-id=\"476bb7c0\" data-element_type=\"widget\" data-e-type=\"widget\" data-widget_type=\"text-editor.default\">\n\t\t\t\t<div class=\"elementor-widget-container\">\n\t\t\t\t\t\t\t\t\t<p>La evoluci\u00f3n de la profesi\u00f3n va acompa\u00f1ada del uso de equipos modernos, digitales y de alto rendimiento -como amasadoras inteligentes, hornos profesionales y c\u00e9lulas de fermentaci\u00f3n controlada- que mejoran la calidad del trabajo y permiten un mayor control del proceso de maduraci\u00f3n de la masa y de la producci\u00f3n.&nbsp;<\/p><p>De cara al futuro, aumentar\u00e1 la oferta de productos de panader\u00eda hiperproteicos para deportistas, as\u00ed como las recetas veganas, vegetales y sin gluten, sin olvidar los grandes cl\u00e1sicos vinculados a las tradiciones y fiestas regionales. Todo se guiar\u00e1 por una visi\u00f3n cada vez m\u00e1s saludable, centrada en lo ecol\u00f3gico, la cadena de suministro corta y la sostenibilidad medioambiental. <\/p>\t\t\t\t\t\t\t\t<\/div>\n\t\t\t\t<\/div>\n\t\t\t\t\t<\/div>\n\t\t\t\t<\/div>\n\t\t<div class=\"elementor-element elementor-element-61fe9d08 e-flex e-con-boxed e-con e-parent\" data-id=\"61fe9d08\" data-element_type=\"container\" data-e-type=\"container\">\n\t\t\t\t\t<div class=\"e-con-inner\">\n\t\t\t\t\t<\/div>\n\t\t\t\t<\/div>\n\t\t<div class=\"elementor-element elementor-element-231dadc7 e-flex e-con-boxed e-con e-parent\" data-id=\"231dadc7\" data-element_type=\"container\" data-e-type=\"container\">\n\t\t\t\t\t<div class=\"e-con-inner\">\n\t\t\t\t\t<\/div>\n\t\t\t\t<\/div>\n\t\t\t\t<\/div>\n\t\t","protected":false},"excerpt":{"rendered":"<p>C\u00f3mo est\u00e1 cambiando la profesi\u00f3n de panadero en la era de la alimentaci\u00f3n consciente, entre la tradici\u00f3n, la innovaci\u00f3n y la atenci\u00f3n a la salud El mercado de la panader\u00eda no conoce crisis: seg\u00fan las estimaciones, el volumen de negocio mundial supera los 340.000 millones de d\u00f3lares, con Europa a la cabeza gracias a la [&hellip;]<\/p>\n","protected":false},"author":3,"featured_media":5965,"comment_status":"closed","ping_status":"closed","sticky":false,"template":"","format":"standard","meta":{"_acf_changed":false,"footnotes":""},"categories":[171],"tags":[],"class_list":["post-5587","post","type-post","status-publish","format-standard","has-post-thumbnail","hentry","category-estilo-de-vida-es"],"acf":[],"yoast_head":"<!-- This site is optimized with the Yoast SEO plugin v27.5 - https:\/\/yoast.com\/product\/yoast-seo-wordpress\/ -->\n<title>De Panadero a Jefe de Panader\u00eda - Pizza Stories<\/title>\n<meta name=\"robots\" content=\"index, follow, max-snippet:-1, max-image-preview:large, max-video-preview:-1\" \/>\n<link rel=\"canonical\" href=\"https:\/\/pizzastories.le5stagioni.com\/es\/estilo-de-vida-es\/de-panadero-a-jefe-de-panaderia\/\" \/>\n<meta property=\"og:locale\" content=\"es_ES\" \/>\n<meta property=\"og:type\" content=\"article\" \/>\n<meta property=\"og:title\" content=\"De Panadero a Jefe de Panader\u00eda - Pizza Stories\" \/>\n<meta property=\"og:description\" content=\"C\u00f3mo est\u00e1 cambiando la profesi\u00f3n de panadero en la era de la alimentaci\u00f3n consciente, entre la tradici\u00f3n, la innovaci\u00f3n y la atenci\u00f3n a la salud El mercado de la panader\u00eda no conoce crisis: seg\u00fan las estimaciones, el volumen de negocio mundial supera los 340.000 millones de d\u00f3lares, con Europa a la cabeza gracias a la [&hellip;]\" \/>\n<meta property=\"og:url\" content=\"https:\/\/pizzastories.le5stagioni.com\/es\/estilo-de-vida-es\/de-panadero-a-jefe-de-panaderia\/\" \/>\n<meta property=\"og:site_name\" content=\"Pizza Stories\" \/>\n<meta property=\"article:published_time\" content=\"2025-06-20T13:44:53+00:00\" \/>\n<meta property=\"article:modified_time\" content=\"2025-07-01T14:21:13+00:00\" \/>\n<meta property=\"og:image\" content=\"https:\/\/pizzastories.le5stagioni.com\/wp-content\/uploads\/2025\/06\/pexels-fmaderebner-745988-scaled.jpg\" \/>\n\t<meta property=\"og:image:width\" content=\"2560\" \/>\n\t<meta property=\"og:image:height\" content=\"1710\" \/>\n\t<meta property=\"og:image:type\" content=\"image\/jpeg\" \/>\n<meta name=\"author\" content=\"Giovanni\" \/>\n<meta name=\"twitter:card\" content=\"summary_large_image\" \/>\n<meta name=\"twitter:label1\" content=\"Escrito por\" \/>\n\t<meta name=\"twitter:data1\" content=\"Giovanni\" \/>\n\t<meta name=\"twitter:label2\" content=\"Tiempo de lectura\" \/>\n\t<meta name=\"twitter:data2\" content=\"2 minutos\" \/>\n<script type=\"application\/ld+json\" class=\"yoast-schema-graph\">{\"@context\":\"https:\\\/\\\/schema.org\",\"@graph\":[{\"@type\":\"Article\",\"@id\":\"https:\\\/\\\/pizzastories.le5stagioni.com\\\/es\\\/estilo-de-vida-es\\\/de-panadero-a-jefe-de-panaderia\\\/#article\",\"isPartOf\":{\"@id\":\"https:\\\/\\\/pizzastories.le5stagioni.com\\\/es\\\/estilo-de-vida-es\\\/de-panadero-a-jefe-de-panaderia\\\/\"},\"author\":{\"name\":\"Giovanni\",\"@id\":\"https:\\\/\\\/pizzastories.le5stagioni.com\\\/es\\\/#\\\/schema\\\/person\\\/0d424ca2391dc26a6473ca01cc351137\"},\"headline\":\"De Panadero a Jefe de Panader\u00eda\",\"datePublished\":\"2025-06-20T13:44:53+00:00\",\"dateModified\":\"2025-07-01T14:21:13+00:00\",\"mainEntityOfPage\":{\"@id\":\"https:\\\/\\\/pizzastories.le5stagioni.com\\\/es\\\/estilo-de-vida-es\\\/de-panadero-a-jefe-de-panaderia\\\/\"},\"wordCount\":434,\"publisher\":{\"@id\":\"https:\\\/\\\/pizzastories.le5stagioni.com\\\/es\\\/#organization\"},\"image\":{\"@id\":\"https:\\\/\\\/pizzastories.le5stagioni.com\\\/es\\\/estilo-de-vida-es\\\/de-panadero-a-jefe-de-panaderia\\\/#primaryimage\"},\"thumbnailUrl\":\"https:\\\/\\\/pizzastories.le5stagioni.com\\\/wp-content\\\/uploads\\\/2025\\\/06\\\/pexels-fmaderebner-745988-scaled.jpg\",\"articleSection\":[\"Estilo de vida\"],\"inLanguage\":\"es\"},{\"@type\":\"WebPage\",\"@id\":\"https:\\\/\\\/pizzastories.le5stagioni.com\\\/es\\\/estilo-de-vida-es\\\/de-panadero-a-jefe-de-panaderia\\\/\",\"url\":\"https:\\\/\\\/pizzastories.le5stagioni.com\\\/es\\\/estilo-de-vida-es\\\/de-panadero-a-jefe-de-panaderia\\\/\",\"name\":\"De Panadero a Jefe de Panader\u00eda - Pizza Stories\",\"isPartOf\":{\"@id\":\"https:\\\/\\\/pizzastories.le5stagioni.com\\\/es\\\/#website\"},\"primaryImageOfPage\":{\"@id\":\"https:\\\/\\\/pizzastories.le5stagioni.com\\\/es\\\/estilo-de-vida-es\\\/de-panadero-a-jefe-de-panaderia\\\/#primaryimage\"},\"image\":{\"@id\":\"https:\\\/\\\/pizzastories.le5stagioni.com\\\/es\\\/estilo-de-vida-es\\\/de-panadero-a-jefe-de-panaderia\\\/#primaryimage\"},\"thumbnailUrl\":\"https:\\\/\\\/pizzastories.le5stagioni.com\\\/wp-content\\\/uploads\\\/2025\\\/06\\\/pexels-fmaderebner-745988-scaled.jpg\",\"datePublished\":\"2025-06-20T13:44:53+00:00\",\"dateModified\":\"2025-07-01T14:21:13+00:00\",\"breadcrumb\":{\"@id\":\"https:\\\/\\\/pizzastories.le5stagioni.com\\\/es\\\/estilo-de-vida-es\\\/de-panadero-a-jefe-de-panaderia\\\/#breadcrumb\"},\"inLanguage\":\"es\",\"potentialAction\":[{\"@type\":\"ReadAction\",\"target\":[\"https:\\\/\\\/pizzastories.le5stagioni.com\\\/es\\\/estilo-de-vida-es\\\/de-panadero-a-jefe-de-panaderia\\\/\"]}]},{\"@type\":\"ImageObject\",\"inLanguage\":\"es\",\"@id\":\"https:\\\/\\\/pizzastories.le5stagioni.com\\\/es\\\/estilo-de-vida-es\\\/de-panadero-a-jefe-de-panaderia\\\/#primaryimage\",\"url\":\"https:\\\/\\\/pizzastories.le5stagioni.com\\\/wp-content\\\/uploads\\\/2025\\\/06\\\/pexels-fmaderebner-745988-scaled.jpg\",\"contentUrl\":\"https:\\\/\\\/pizzastories.le5stagioni.com\\\/wp-content\\\/uploads\\\/2025\\\/06\\\/pexels-fmaderebner-745988-scaled.jpg\",\"width\":2560,\"height\":1710,\"caption\":\"pane integrale con farine agugiaro & figna MIA GRA le 5 stagioni\"},{\"@type\":\"BreadcrumbList\",\"@id\":\"https:\\\/\\\/pizzastories.le5stagioni.com\\\/es\\\/estilo-de-vida-es\\\/de-panadero-a-jefe-de-panaderia\\\/#breadcrumb\",\"itemListElement\":[{\"@type\":\"ListItem\",\"position\":1,\"name\":\"Home\",\"item\":\"https:\\\/\\\/pizzastories.le5stagioni.com\\\/es\\\/\"},{\"@type\":\"ListItem\",\"position\":2,\"name\":\"De Panadero a Jefe de Panader\u00eda\"}]},{\"@type\":\"WebSite\",\"@id\":\"https:\\\/\\\/pizzastories.le5stagioni.com\\\/es\\\/#website\",\"url\":\"https:\\\/\\\/pizzastories.le5stagioni.com\\\/es\\\/\",\"name\":\"Pizza Stories\",\"description\":\"La community degli amanti della pizza\",\"publisher\":{\"@id\":\"https:\\\/\\\/pizzastories.le5stagioni.com\\\/es\\\/#organization\"},\"potentialAction\":[{\"@type\":\"SearchAction\",\"target\":{\"@type\":\"EntryPoint\",\"urlTemplate\":\"https:\\\/\\\/pizzastories.le5stagioni.com\\\/es\\\/?s={search_term_string}\"},\"query-input\":{\"@type\":\"PropertyValueSpecification\",\"valueRequired\":true,\"valueName\":\"search_term_string\"}}],\"inLanguage\":\"es\"},{\"@type\":\"Organization\",\"@id\":\"https:\\\/\\\/pizzastories.le5stagioni.com\\\/es\\\/#organization\",\"name\":\"Pizza Stories\",\"url\":\"https:\\\/\\\/pizzastories.le5stagioni.com\\\/es\\\/\",\"logo\":{\"@type\":\"ImageObject\",\"inLanguage\":\"es\",\"@id\":\"https:\\\/\\\/pizzastories.le5stagioni.com\\\/es\\\/#\\\/schema\\\/logo\\\/image\\\/\",\"url\":\"https:\\\/\\\/pizzastories.le5stagioni.com\\\/wp-content\\\/uploads\\\/2025\\\/05\\\/cropped-pizza-stories-logo.png\",\"contentUrl\":\"https:\\\/\\\/pizzastories.le5stagioni.com\\\/wp-content\\\/uploads\\\/2025\\\/05\\\/cropped-pizza-stories-logo.png\",\"width\":512,\"height\":512,\"caption\":\"Pizza Stories\"},\"image\":{\"@id\":\"https:\\\/\\\/pizzastories.le5stagioni.com\\\/es\\\/#\\\/schema\\\/logo\\\/image\\\/\"}},{\"@type\":\"Person\",\"@id\":\"https:\\\/\\\/pizzastories.le5stagioni.com\\\/es\\\/#\\\/schema\\\/person\\\/0d424ca2391dc26a6473ca01cc351137\",\"name\":\"Giovanni\",\"image\":{\"@type\":\"ImageObject\",\"inLanguage\":\"es\",\"@id\":\"https:\\\/\\\/secure.gravatar.com\\\/avatar\\\/e790db86f03a781da86f49749663d3c225e90a6481699e19e0845b59a9a45b2f?s=96&d=mm&r=g\",\"url\":\"https:\\\/\\\/secure.gravatar.com\\\/avatar\\\/e790db86f03a781da86f49749663d3c225e90a6481699e19e0845b59a9a45b2f?s=96&d=mm&r=g\",\"contentUrl\":\"https:\\\/\\\/secure.gravatar.com\\\/avatar\\\/e790db86f03a781da86f49749663d3c225e90a6481699e19e0845b59a9a45b2f?s=96&d=mm&r=g\",\"caption\":\"Giovanni\"},\"url\":\"https:\\\/\\\/pizzastories.le5stagioni.com\\\/es\\\/author\\\/giovanni\\\/\"}]}<\/script>\n<!-- \/ Yoast SEO plugin. -->","yoast_head_json":{"title":"De Panadero a Jefe de Panader\u00eda - Pizza Stories","robots":{"index":"index","follow":"follow","max-snippet":"max-snippet:-1","max-image-preview":"max-image-preview:large","max-video-preview":"max-video-preview:-1"},"canonical":"https:\/\/pizzastories.le5stagioni.com\/es\/estilo-de-vida-es\/de-panadero-a-jefe-de-panaderia\/","og_locale":"es_ES","og_type":"article","og_title":"De Panadero a Jefe de Panader\u00eda - Pizza Stories","og_description":"C\u00f3mo est\u00e1 cambiando la profesi\u00f3n de panadero en la era de la alimentaci\u00f3n consciente, entre la tradici\u00f3n, la innovaci\u00f3n y la atenci\u00f3n a la salud El mercado de la panader\u00eda no conoce crisis: seg\u00fan las estimaciones, el volumen de negocio mundial supera los 340.000 millones de d\u00f3lares, con Europa a la cabeza gracias a la [&hellip;]","og_url":"https:\/\/pizzastories.le5stagioni.com\/es\/estilo-de-vida-es\/de-panadero-a-jefe-de-panaderia\/","og_site_name":"Pizza Stories","article_published_time":"2025-06-20T13:44:53+00:00","article_modified_time":"2025-07-01T14:21:13+00:00","og_image":[{"width":2560,"height":1710,"url":"https:\/\/pizzastories.le5stagioni.com\/wp-content\/uploads\/2025\/06\/pexels-fmaderebner-745988-scaled.jpg","type":"image\/jpeg"}],"author":"Giovanni","twitter_card":"summary_large_image","twitter_misc":{"Escrito por":"Giovanni","Tiempo de lectura":"2 minutos"},"schema":{"@context":"https:\/\/schema.org","@graph":[{"@type":"Article","@id":"https:\/\/pizzastories.le5stagioni.com\/es\/estilo-de-vida-es\/de-panadero-a-jefe-de-panaderia\/#article","isPartOf":{"@id":"https:\/\/pizzastories.le5stagioni.com\/es\/estilo-de-vida-es\/de-panadero-a-jefe-de-panaderia\/"},"author":{"name":"Giovanni","@id":"https:\/\/pizzastories.le5stagioni.com\/es\/#\/schema\/person\/0d424ca2391dc26a6473ca01cc351137"},"headline":"De Panadero a Jefe de Panader\u00eda","datePublished":"2025-06-20T13:44:53+00:00","dateModified":"2025-07-01T14:21:13+00:00","mainEntityOfPage":{"@id":"https:\/\/pizzastories.le5stagioni.com\/es\/estilo-de-vida-es\/de-panadero-a-jefe-de-panaderia\/"},"wordCount":434,"publisher":{"@id":"https:\/\/pizzastories.le5stagioni.com\/es\/#organization"},"image":{"@id":"https:\/\/pizzastories.le5stagioni.com\/es\/estilo-de-vida-es\/de-panadero-a-jefe-de-panaderia\/#primaryimage"},"thumbnailUrl":"https:\/\/pizzastories.le5stagioni.com\/wp-content\/uploads\/2025\/06\/pexels-fmaderebner-745988-scaled.jpg","articleSection":["Estilo de vida"],"inLanguage":"es"},{"@type":"WebPage","@id":"https:\/\/pizzastories.le5stagioni.com\/es\/estilo-de-vida-es\/de-panadero-a-jefe-de-panaderia\/","url":"https:\/\/pizzastories.le5stagioni.com\/es\/estilo-de-vida-es\/de-panadero-a-jefe-de-panaderia\/","name":"De Panadero a Jefe de Panader\u00eda - Pizza Stories","isPartOf":{"@id":"https:\/\/pizzastories.le5stagioni.com\/es\/#website"},"primaryImageOfPage":{"@id":"https:\/\/pizzastories.le5stagioni.com\/es\/estilo-de-vida-es\/de-panadero-a-jefe-de-panaderia\/#primaryimage"},"image":{"@id":"https:\/\/pizzastories.le5stagioni.com\/es\/estilo-de-vida-es\/de-panadero-a-jefe-de-panaderia\/#primaryimage"},"thumbnailUrl":"https:\/\/pizzastories.le5stagioni.com\/wp-content\/uploads\/2025\/06\/pexels-fmaderebner-745988-scaled.jpg","datePublished":"2025-06-20T13:44:53+00:00","dateModified":"2025-07-01T14:21:13+00:00","breadcrumb":{"@id":"https:\/\/pizzastories.le5stagioni.com\/es\/estilo-de-vida-es\/de-panadero-a-jefe-de-panaderia\/#breadcrumb"},"inLanguage":"es","potentialAction":[{"@type":"ReadAction","target":["https:\/\/pizzastories.le5stagioni.com\/es\/estilo-de-vida-es\/de-panadero-a-jefe-de-panaderia\/"]}]},{"@type":"ImageObject","inLanguage":"es","@id":"https:\/\/pizzastories.le5stagioni.com\/es\/estilo-de-vida-es\/de-panadero-a-jefe-de-panaderia\/#primaryimage","url":"https:\/\/pizzastories.le5stagioni.com\/wp-content\/uploads\/2025\/06\/pexels-fmaderebner-745988-scaled.jpg","contentUrl":"https:\/\/pizzastories.le5stagioni.com\/wp-content\/uploads\/2025\/06\/pexels-fmaderebner-745988-scaled.jpg","width":2560,"height":1710,"caption":"pane integrale con farine agugiaro & figna MIA GRA le 5 stagioni"},{"@type":"BreadcrumbList","@id":"https:\/\/pizzastories.le5stagioni.com\/es\/estilo-de-vida-es\/de-panadero-a-jefe-de-panaderia\/#breadcrumb","itemListElement":[{"@type":"ListItem","position":1,"name":"Home","item":"https:\/\/pizzastories.le5stagioni.com\/es\/"},{"@type":"ListItem","position":2,"name":"De Panadero a Jefe de Panader\u00eda"}]},{"@type":"WebSite","@id":"https:\/\/pizzastories.le5stagioni.com\/es\/#website","url":"https:\/\/pizzastories.le5stagioni.com\/es\/","name":"Pizza Stories","description":"La community degli amanti della pizza","publisher":{"@id":"https:\/\/pizzastories.le5stagioni.com\/es\/#organization"},"potentialAction":[{"@type":"SearchAction","target":{"@type":"EntryPoint","urlTemplate":"https:\/\/pizzastories.le5stagioni.com\/es\/?s={search_term_string}"},"query-input":{"@type":"PropertyValueSpecification","valueRequired":true,"valueName":"search_term_string"}}],"inLanguage":"es"},{"@type":"Organization","@id":"https:\/\/pizzastories.le5stagioni.com\/es\/#organization","name":"Pizza Stories","url":"https:\/\/pizzastories.le5stagioni.com\/es\/","logo":{"@type":"ImageObject","inLanguage":"es","@id":"https:\/\/pizzastories.le5stagioni.com\/es\/#\/schema\/logo\/image\/","url":"https:\/\/pizzastories.le5stagioni.com\/wp-content\/uploads\/2025\/05\/cropped-pizza-stories-logo.png","contentUrl":"https:\/\/pizzastories.le5stagioni.com\/wp-content\/uploads\/2025\/05\/cropped-pizza-stories-logo.png","width":512,"height":512,"caption":"Pizza Stories"},"image":{"@id":"https:\/\/pizzastories.le5stagioni.com\/es\/#\/schema\/logo\/image\/"}},{"@type":"Person","@id":"https:\/\/pizzastories.le5stagioni.com\/es\/#\/schema\/person\/0d424ca2391dc26a6473ca01cc351137","name":"Giovanni","image":{"@type":"ImageObject","inLanguage":"es","@id":"https:\/\/secure.gravatar.com\/avatar\/e790db86f03a781da86f49749663d3c225e90a6481699e19e0845b59a9a45b2f?s=96&d=mm&r=g","url":"https:\/\/secure.gravatar.com\/avatar\/e790db86f03a781da86f49749663d3c225e90a6481699e19e0845b59a9a45b2f?s=96&d=mm&r=g","contentUrl":"https:\/\/secure.gravatar.com\/avatar\/e790db86f03a781da86f49749663d3c225e90a6481699e19e0845b59a9a45b2f?s=96&d=mm&r=g","caption":"Giovanni"},"url":"https:\/\/pizzastories.le5stagioni.com\/es\/author\/giovanni\/"}]}},"_links":{"self":[{"href":"https:\/\/pizzastories.le5stagioni.com\/es\/wp-json\/wp\/v2\/posts\/5587","targetHints":{"allow":["GET"]}}],"collection":[{"href":"https:\/\/pizzastories.le5stagioni.com\/es\/wp-json\/wp\/v2\/posts"}],"about":[{"href":"https:\/\/pizzastories.le5stagioni.com\/es\/wp-json\/wp\/v2\/types\/post"}],"author":[{"embeddable":true,"href":"https:\/\/pizzastories.le5stagioni.com\/es\/wp-json\/wp\/v2\/users\/3"}],"replies":[{"embeddable":true,"href":"https:\/\/pizzastories.le5stagioni.com\/es\/wp-json\/wp\/v2\/comments?post=5587"}],"version-history":[{"count":2,"href":"https:\/\/pizzastories.le5stagioni.com\/es\/wp-json\/wp\/v2\/posts\/5587\/revisions"}],"predecessor-version":[{"id":5968,"href":"https:\/\/pizzastories.le5stagioni.com\/es\/wp-json\/wp\/v2\/posts\/5587\/revisions\/5968"}],"wp:featuredmedia":[{"embeddable":true,"href":"https:\/\/pizzastories.le5stagioni.com\/es\/wp-json\/wp\/v2\/media\/5965"}],"wp:attachment":[{"href":"https:\/\/pizzastories.le5stagioni.com\/es\/wp-json\/wp\/v2\/media?parent=5587"}],"wp:term":[{"taxonomy":"category","embeddable":true,"href":"https:\/\/pizzastories.le5stagioni.com\/es\/wp-json\/wp\/v2\/categories?post=5587"},{"taxonomy":"post_tag","embeddable":true,"href":"https:\/\/pizzastories.le5stagioni.com\/es\/wp-json\/wp\/v2\/tags?post=5587"}],"curies":[{"name":"wp","href":"https:\/\/api.w.org\/{rel}","templated":true}]}}