{"id":4470,"date":"2023-06-20T15:03:41","date_gmt":"2023-06-20T13:03:41","guid":{"rendered":"https:\/\/pizzastories.le5stagioni.com\/non-categorise\/voici-le-gagnant-demergente-pizza-2023\/"},"modified":"2023-06-20T15:03:41","modified_gmt":"2023-06-20T13:03:41","slug":"voici-le-gagnant-demergente-pizza-2023","status":"publish","type":"post","link":"https:\/\/pizzastories.le5stagioni.com\/fr\/pizza-emergente-fr\/voici-le-gagnant-demergente-pizza-2023\/","title":{"rendered":"Voici le gagnant d&rsquo;Emergente Pizza 2023"},"content":{"rendered":"\n<div class=\"stripe-one-col-media fullwidth\">\n            <img decoding=\"async\" src=\"https:\/\/pizzastories.le5stagioni.com\/wp-content\/uploads\/2025\/05\/emergenza-pizza-la-tappa-centro-sud-header.jpg\" alt=\"\">\t\t<\/div>\n<div class=\"stripe-one-col-text \">\n<div class=\"text-description\">\n<p style=\"text-align: justify;\">Les 11 et 12 mars, les finales nationales des prix EmergenteChef et EmergentePizza, un format con\u00e7u et organis\u00e9 par Witaly, par Luigi Cremona et Lorenza Vitali, ont eu lieu \u00e0 l \u00ab <strong>ALMA<\/strong>, l \u00bb \u00e9cole la plus importante d&rsquo;Italie pour la formation avanc\u00e9e dans le domaine de l&rsquo;h\u00f4tellerie.<\/p>\n<p style=\"text-align: justify;\">Le week-end a commenc\u00e9 le samedi, o\u00f9 les concurrents se sont essay\u00e9s au p\u00e9trissage de la p\u00e2te \u00e0 pizza avec des farines d&rsquo;<strong>Agugiaro &amp; Figna<\/strong>, partenaires du prix depuis la premi\u00e8re \u00e9dition il y a 12 ans &#8211; un v\u00e9ritable exploit !<\/p>\n<p style=\"text-align: justify;\">L&rsquo;apr\u00e8s-midi a \u00e9t\u00e9 consacr\u00e9e \u00e0 l&rsquo;\u00e9preuve des \u00ab\u00a0fritti\u00a0\u00bb (frites), au cours de laquelle les 7 pizza\u00efolos finalistes se sont affront\u00e9s autour d&rsquo;une recette \u00e0 base de riz et d&rsquo;une interpr\u00e9tation libre.<\/p>\n<p style=\"text-align: justify;\">Le dimanche matin, c&rsquo;\u00e9tait au tour du concours \u00ab\u00a0pizza sans d\u00e9chets\u00a0\u00bb, o\u00f9 la cr\u00e9ativit\u00e9 de chaque concurrent s&rsquo;est manifest\u00e9e, en utilisant le disque de p\u00e2te pr\u00e9par\u00e9 au pr\u00e9alable pour laisser libre cours \u00e0 leur cr\u00e9ativit\u00e9.<\/p>\n<p style=\"text-align: justify;\">Le gagnant de l&rsquo;<strong>\u00e9dition 2023 du Best EmergentePizza Chef<\/strong> a \u00e9t\u00e9 <strong>Pasquale Petrillo<\/strong>, de la pizzeria <strong>Il Fiore di latte<\/strong> \u00e0 Verbania, avec sa pizza<strong>&lsquo;Hortum<\/strong>&lsquo; compos\u00e9e de : fleurs comestibles, f\u00e8ves, haricots, oignon rouge \u00e0 l&rsquo;aigre, cr\u00e8me de courgette, roquette paysanne, julienne d&rsquo;asperges, robiola Roccaverano, citron citronette de Sorrente, confit de dattes et haricots verts. Une pizza enti\u00e8rement v\u00e9g\u00e9tale. <\/p>\n<p style=\"text-align: justify;\">Pour le test de la \u00ab base de riz \u00bb frit, Pasquale Petrillo a propos\u00e9 un \u00ab Arancino al Prunet e Bettelmatt \u00bb avec du riz Carnaroli, du bouillon de viande, des \u00e9chalotes, du Prunet, du Bettelmatt, du beurre et du thym.<\/p>\n<p style=\"text-align: justify;\">Au lieu de cela, dans le \u00ab fritto libero \u00bb, une \u00ab Montanara Ossolana \u00bb avec une p\u00e2te \u00e0 pizza, de la mortadelle de la vall\u00e9e d&rsquo;Ossola, une pur\u00e9e de f\u00e8ves fra\u00eeches et de la ricotta de Seirass.<\/p>\n<p style=\"text-align: justify;\">Le <strong>prix de la mention sp\u00e9ciale<\/strong>a \u00e9t\u00e9 d\u00e9cern\u00e9 \u00e0 <strong>Umberto Costa<\/strong>, de la pizzeria <strong>Da Umberto<\/strong> \u00e0 Lucques, pour sa pizza tr\u00e8s r\u00e9ussie (et audacieuse) compos\u00e9e de diff\u00e9rentes variations de navet rouge.<\/p>\n<p style=\"text-align: justify;\">Voici les autres participants au concours :<\/p>\n<p style=\"text-align: justify;\">Francesco Gabriele de Il Corso \u00e0 Bolzano ; Vincenzo La Porta de Le Fontanelle \u00e0 Raffadali (AG) ; Giulio Piersanti de A Modo Mio \u00e0 Lugnano in Teverina (TR) ; Raul Rotundo de I Fiori di Zucca \u00e0 Rome ; Filippo Venturi de Me Pizzeria&amp;Cocktailbar \u00e0 Ferrara.<\/p>\n<\/div><\/div>\n<div class=\"shared-content \">\n            \t\t<\/div>\n","protected":false},"excerpt":{"rendered":"<p>Le laur\u00e9at de l&rsquo;\u00e9dition 2023 du Meilleur pizza\u00efolo \u00e9mergent est Pasquale Petrillo, de la pizzeria Il Fiore di latte \u00e0 Verbania, avec la pizza \u00ab\u00a0Hortum\u00a0\u00bb.<\/p>\n","protected":false},"author":1,"featured_media":2002,"comment_status":"closed","ping_status":"closed","sticky":false,"template":"","format":"standard","meta":{"_acf_changed":false,"footnotes":""},"categories":[165],"tags":[],"class_list":["post-4470","post","type-post","status-publish","format-standard","has-post-thumbnail","hentry","category-pizza-emergente-fr"],"acf":[],"yoast_head":"<!-- This site is optimized with the Yoast SEO plugin v27.5 - https:\/\/yoast.com\/product\/yoast-seo-wordpress\/ -->\n<title>Voici le gagnant d&#039;Emergente Pizza 2023 - Pizza Stories<\/title>\n<meta name=\"robots\" content=\"index, follow, max-snippet:-1, max-image-preview:large, max-video-preview:-1\" \/>\n<link rel=\"canonical\" href=\"https:\/\/pizzastories.le5stagioni.com\/fr\/pizza-emergente-fr\/voici-le-gagnant-demergente-pizza-2023\/\" \/>\n<meta property=\"og:locale\" content=\"fr_FR\" \/>\n<meta property=\"og:type\" content=\"article\" \/>\n<meta property=\"og:title\" content=\"Voici le gagnant d&#039;Emergente Pizza 2023 - Pizza Stories\" \/>\n<meta property=\"og:description\" content=\"Le laur\u00e9at de l&#039;\u00e9dition 2023 du Meilleur pizza\u00efolo \u00e9mergent est Pasquale Petrillo, de la pizzeria Il Fiore di latte \u00e0 Verbania, avec la pizza &quot;Hortum&quot;.\" \/>\n<meta property=\"og:url\" content=\"https:\/\/pizzastories.le5stagioni.com\/fr\/pizza-emergente-fr\/voici-le-gagnant-demergente-pizza-2023\/\" \/>\n<meta property=\"og:site_name\" content=\"Pizza Stories\" \/>\n<meta property=\"article:published_time\" content=\"2023-06-20T13:03:41+00:00\" \/>\n<meta property=\"og:image\" content=\"https:\/\/pizzastories.le5stagioni.com\/wp-content\/uploads\/2025\/05\/emergenza-pizza-la-tappa-centro-sud-header-3.jpg\" \/>\n\t<meta property=\"og:image:width\" content=\"1920\" \/>\n\t<meta property=\"og:image:height\" content=\"647\" \/>\n\t<meta property=\"og:image:type\" content=\"image\/jpeg\" \/>\n<meta name=\"author\" content=\"admin\" \/>\n<meta name=\"twitter:card\" content=\"summary_large_image\" \/>\n<meta name=\"twitter:label1\" content=\"\u00c9crit par\" \/>\n\t<meta name=\"twitter:data1\" content=\"admin\" \/>\n\t<meta name=\"twitter:label2\" content=\"Dur\u00e9e de lecture estim\u00e9e\" \/>\n\t<meta name=\"twitter:data2\" content=\"2 minutes\" \/>\n<script type=\"application\/ld+json\" class=\"yoast-schema-graph\">{\"@context\":\"https:\\\/\\\/schema.org\",\"@graph\":[{\"@type\":\"Article\",\"@id\":\"https:\\\/\\\/pizzastories.le5stagioni.com\\\/fr\\\/pizza-emergente-fr\\\/voici-le-gagnant-demergente-pizza-2023\\\/#article\",\"isPartOf\":{\"@id\":\"https:\\\/\\\/pizzastories.le5stagioni.com\\\/fr\\\/pizza-emergente-fr\\\/voici-le-gagnant-demergente-pizza-2023\\\/\"},\"author\":{\"name\":\"admin\",\"@id\":\"https:\\\/\\\/pizzastories.le5stagioni.com\\\/fr\\\/#\\\/schema\\\/person\\\/d29300c90b5517cd405edf2c907a69ba\"},\"headline\":\"Voici le gagnant d&rsquo;Emergente Pizza 2023\",\"datePublished\":\"2023-06-20T13:03:41+00:00\",\"mainEntityOfPage\":{\"@id\":\"https:\\\/\\\/pizzastories.le5stagioni.com\\\/fr\\\/pizza-emergente-fr\\\/voici-le-gagnant-demergente-pizza-2023\\\/\"},\"wordCount\":404,\"publisher\":{\"@id\":\"https:\\\/\\\/pizzastories.le5stagioni.com\\\/fr\\\/#organization\"},\"image\":{\"@id\":\"https:\\\/\\\/pizzastories.le5stagioni.com\\\/fr\\\/pizza-emergente-fr\\\/voici-le-gagnant-demergente-pizza-2023\\\/#primaryimage\"},\"thumbnailUrl\":\"https:\\\/\\\/pizzastories.le5stagioni.com\\\/wp-content\\\/uploads\\\/2025\\\/05\\\/emergenza-pizza-la-tappa-centro-sud-header-3.jpg\",\"articleSection\":[\"pizza \u00e9mergente\"],\"inLanguage\":\"fr-FR\"},{\"@type\":\"WebPage\",\"@id\":\"https:\\\/\\\/pizzastories.le5stagioni.com\\\/fr\\\/pizza-emergente-fr\\\/voici-le-gagnant-demergente-pizza-2023\\\/\",\"url\":\"https:\\\/\\\/pizzastories.le5stagioni.com\\\/fr\\\/pizza-emergente-fr\\\/voici-le-gagnant-demergente-pizza-2023\\\/\",\"name\":\"Voici le gagnant d'Emergente Pizza 2023 - Pizza Stories\",\"isPartOf\":{\"@id\":\"https:\\\/\\\/pizzastories.le5stagioni.com\\\/fr\\\/#website\"},\"primaryImageOfPage\":{\"@id\":\"https:\\\/\\\/pizzastories.le5stagioni.com\\\/fr\\\/pizza-emergente-fr\\\/voici-le-gagnant-demergente-pizza-2023\\\/#primaryimage\"},\"image\":{\"@id\":\"https:\\\/\\\/pizzastories.le5stagioni.com\\\/fr\\\/pizza-emergente-fr\\\/voici-le-gagnant-demergente-pizza-2023\\\/#primaryimage\"},\"thumbnailUrl\":\"https:\\\/\\\/pizzastories.le5stagioni.com\\\/wp-content\\\/uploads\\\/2025\\\/05\\\/emergenza-pizza-la-tappa-centro-sud-header-3.jpg\",\"datePublished\":\"2023-06-20T13:03:41+00:00\",\"breadcrumb\":{\"@id\":\"https:\\\/\\\/pizzastories.le5stagioni.com\\\/fr\\\/pizza-emergente-fr\\\/voici-le-gagnant-demergente-pizza-2023\\\/#breadcrumb\"},\"inLanguage\":\"fr-FR\",\"potentialAction\":[{\"@type\":\"ReadAction\",\"target\":[\"https:\\\/\\\/pizzastories.le5stagioni.com\\\/fr\\\/pizza-emergente-fr\\\/voici-le-gagnant-demergente-pizza-2023\\\/\"]}]},{\"@type\":\"ImageObject\",\"inLanguage\":\"fr-FR\",\"@id\":\"https:\\\/\\\/pizzastories.le5stagioni.com\\\/fr\\\/pizza-emergente-fr\\\/voici-le-gagnant-demergente-pizza-2023\\\/#primaryimage\",\"url\":\"https:\\\/\\\/pizzastories.le5stagioni.com\\\/wp-content\\\/uploads\\\/2025\\\/05\\\/emergenza-pizza-la-tappa-centro-sud-header-3.jpg\",\"contentUrl\":\"https:\\\/\\\/pizzastories.le5stagioni.com\\\/wp-content\\\/uploads\\\/2025\\\/05\\\/emergenza-pizza-la-tappa-centro-sud-header-3.jpg\",\"width\":1920,\"height\":647},{\"@type\":\"BreadcrumbList\",\"@id\":\"https:\\\/\\\/pizzastories.le5stagioni.com\\\/fr\\\/pizza-emergente-fr\\\/voici-le-gagnant-demergente-pizza-2023\\\/#breadcrumb\",\"itemListElement\":[{\"@type\":\"ListItem\",\"position\":1,\"name\":\"Home\",\"item\":\"https:\\\/\\\/pizzastories.le5stagioni.com\\\/fr\\\/\"},{\"@type\":\"ListItem\",\"position\":2,\"name\":\"Voici le gagnant d&#8217;Emergente Pizza 2023\"}]},{\"@type\":\"WebSite\",\"@id\":\"https:\\\/\\\/pizzastories.le5stagioni.com\\\/fr\\\/#website\",\"url\":\"https:\\\/\\\/pizzastories.le5stagioni.com\\\/fr\\\/\",\"name\":\"Pizza Stories\",\"description\":\"La community degli amanti della pizza\",\"publisher\":{\"@id\":\"https:\\\/\\\/pizzastories.le5stagioni.com\\\/fr\\\/#organization\"},\"potentialAction\":[{\"@type\":\"SearchAction\",\"target\":{\"@type\":\"EntryPoint\",\"urlTemplate\":\"https:\\\/\\\/pizzastories.le5stagioni.com\\\/fr\\\/?s={search_term_string}\"},\"query-input\":{\"@type\":\"PropertyValueSpecification\",\"valueRequired\":true,\"valueName\":\"search_term_string\"}}],\"inLanguage\":\"fr-FR\"},{\"@type\":\"Organization\",\"@id\":\"https:\\\/\\\/pizzastories.le5stagioni.com\\\/fr\\\/#organization\",\"name\":\"Pizza Stories\",\"url\":\"https:\\\/\\\/pizzastories.le5stagioni.com\\\/fr\\\/\",\"logo\":{\"@type\":\"ImageObject\",\"inLanguage\":\"fr-FR\",\"@id\":\"https:\\\/\\\/pizzastories.le5stagioni.com\\\/fr\\\/#\\\/schema\\\/logo\\\/image\\\/\",\"url\":\"https:\\\/\\\/pizzastories.le5stagioni.com\\\/wp-content\\\/uploads\\\/2025\\\/05\\\/cropped-pizza-stories-logo.png\",\"contentUrl\":\"https:\\\/\\\/pizzastories.le5stagioni.com\\\/wp-content\\\/uploads\\\/2025\\\/05\\\/cropped-pizza-stories-logo.png\",\"width\":512,\"height\":512,\"caption\":\"Pizza Stories\"},\"image\":{\"@id\":\"https:\\\/\\\/pizzastories.le5stagioni.com\\\/fr\\\/#\\\/schema\\\/logo\\\/image\\\/\"}},{\"@type\":\"Person\",\"@id\":\"https:\\\/\\\/pizzastories.le5stagioni.com\\\/fr\\\/#\\\/schema\\\/person\\\/d29300c90b5517cd405edf2c907a69ba\",\"name\":\"admin\",\"image\":{\"@type\":\"ImageObject\",\"inLanguage\":\"fr-FR\",\"@id\":\"https:\\\/\\\/secure.gravatar.com\\\/avatar\\\/5edb4df5e2959cba313f23cb81d70d9233dad5fed62a756d80df55fa53e32990?s=96&d=mm&r=g\",\"url\":\"https:\\\/\\\/secure.gravatar.com\\\/avatar\\\/5edb4df5e2959cba313f23cb81d70d9233dad5fed62a756d80df55fa53e32990?s=96&d=mm&r=g\",\"contentUrl\":\"https:\\\/\\\/secure.gravatar.com\\\/avatar\\\/5edb4df5e2959cba313f23cb81d70d9233dad5fed62a756d80df55fa53e32990?s=96&d=mm&r=g\",\"caption\":\"admin\"},\"sameAs\":[\"https:\\\/\\\/pizzastories.le5stagioni.com\"],\"url\":\"https:\\\/\\\/pizzastories.le5stagioni.com\\\/fr\\\/author\\\/eperrone_1lnrhwgg\\\/\"}]}<\/script>\n<!-- \/ Yoast SEO plugin. -->","yoast_head_json":{"title":"Voici le gagnant d'Emergente Pizza 2023 - Pizza Stories","robots":{"index":"index","follow":"follow","max-snippet":"max-snippet:-1","max-image-preview":"max-image-preview:large","max-video-preview":"max-video-preview:-1"},"canonical":"https:\/\/pizzastories.le5stagioni.com\/fr\/pizza-emergente-fr\/voici-le-gagnant-demergente-pizza-2023\/","og_locale":"fr_FR","og_type":"article","og_title":"Voici le gagnant d'Emergente Pizza 2023 - Pizza Stories","og_description":"Le laur\u00e9at de l'\u00e9dition 2023 du Meilleur pizza\u00efolo \u00e9mergent est Pasquale Petrillo, de la pizzeria Il Fiore di latte \u00e0 Verbania, avec la pizza \"Hortum\".","og_url":"https:\/\/pizzastories.le5stagioni.com\/fr\/pizza-emergente-fr\/voici-le-gagnant-demergente-pizza-2023\/","og_site_name":"Pizza Stories","article_published_time":"2023-06-20T13:03:41+00:00","og_image":[{"width":1920,"height":647,"url":"https:\/\/pizzastories.le5stagioni.com\/wp-content\/uploads\/2025\/05\/emergenza-pizza-la-tappa-centro-sud-header-3.jpg","type":"image\/jpeg"}],"author":"admin","twitter_card":"summary_large_image","twitter_misc":{"\u00c9crit par":"admin","Dur\u00e9e de lecture estim\u00e9e":"2 minutes"},"schema":{"@context":"https:\/\/schema.org","@graph":[{"@type":"Article","@id":"https:\/\/pizzastories.le5stagioni.com\/fr\/pizza-emergente-fr\/voici-le-gagnant-demergente-pizza-2023\/#article","isPartOf":{"@id":"https:\/\/pizzastories.le5stagioni.com\/fr\/pizza-emergente-fr\/voici-le-gagnant-demergente-pizza-2023\/"},"author":{"name":"admin","@id":"https:\/\/pizzastories.le5stagioni.com\/fr\/#\/schema\/person\/d29300c90b5517cd405edf2c907a69ba"},"headline":"Voici le gagnant d&rsquo;Emergente Pizza 2023","datePublished":"2023-06-20T13:03:41+00:00","mainEntityOfPage":{"@id":"https:\/\/pizzastories.le5stagioni.com\/fr\/pizza-emergente-fr\/voici-le-gagnant-demergente-pizza-2023\/"},"wordCount":404,"publisher":{"@id":"https:\/\/pizzastories.le5stagioni.com\/fr\/#organization"},"image":{"@id":"https:\/\/pizzastories.le5stagioni.com\/fr\/pizza-emergente-fr\/voici-le-gagnant-demergente-pizza-2023\/#primaryimage"},"thumbnailUrl":"https:\/\/pizzastories.le5stagioni.com\/wp-content\/uploads\/2025\/05\/emergenza-pizza-la-tappa-centro-sud-header-3.jpg","articleSection":["pizza \u00e9mergente"],"inLanguage":"fr-FR"},{"@type":"WebPage","@id":"https:\/\/pizzastories.le5stagioni.com\/fr\/pizza-emergente-fr\/voici-le-gagnant-demergente-pizza-2023\/","url":"https:\/\/pizzastories.le5stagioni.com\/fr\/pizza-emergente-fr\/voici-le-gagnant-demergente-pizza-2023\/","name":"Voici le gagnant d'Emergente Pizza 2023 - Pizza Stories","isPartOf":{"@id":"https:\/\/pizzastories.le5stagioni.com\/fr\/#website"},"primaryImageOfPage":{"@id":"https:\/\/pizzastories.le5stagioni.com\/fr\/pizza-emergente-fr\/voici-le-gagnant-demergente-pizza-2023\/#primaryimage"},"image":{"@id":"https:\/\/pizzastories.le5stagioni.com\/fr\/pizza-emergente-fr\/voici-le-gagnant-demergente-pizza-2023\/#primaryimage"},"thumbnailUrl":"https:\/\/pizzastories.le5stagioni.com\/wp-content\/uploads\/2025\/05\/emergenza-pizza-la-tappa-centro-sud-header-3.jpg","datePublished":"2023-06-20T13:03:41+00:00","breadcrumb":{"@id":"https:\/\/pizzastories.le5stagioni.com\/fr\/pizza-emergente-fr\/voici-le-gagnant-demergente-pizza-2023\/#breadcrumb"},"inLanguage":"fr-FR","potentialAction":[{"@type":"ReadAction","target":["https:\/\/pizzastories.le5stagioni.com\/fr\/pizza-emergente-fr\/voici-le-gagnant-demergente-pizza-2023\/"]}]},{"@type":"ImageObject","inLanguage":"fr-FR","@id":"https:\/\/pizzastories.le5stagioni.com\/fr\/pizza-emergente-fr\/voici-le-gagnant-demergente-pizza-2023\/#primaryimage","url":"https:\/\/pizzastories.le5stagioni.com\/wp-content\/uploads\/2025\/05\/emergenza-pizza-la-tappa-centro-sud-header-3.jpg","contentUrl":"https:\/\/pizzastories.le5stagioni.com\/wp-content\/uploads\/2025\/05\/emergenza-pizza-la-tappa-centro-sud-header-3.jpg","width":1920,"height":647},{"@type":"BreadcrumbList","@id":"https:\/\/pizzastories.le5stagioni.com\/fr\/pizza-emergente-fr\/voici-le-gagnant-demergente-pizza-2023\/#breadcrumb","itemListElement":[{"@type":"ListItem","position":1,"name":"Home","item":"https:\/\/pizzastories.le5stagioni.com\/fr\/"},{"@type":"ListItem","position":2,"name":"Voici le gagnant d&#8217;Emergente Pizza 2023"}]},{"@type":"WebSite","@id":"https:\/\/pizzastories.le5stagioni.com\/fr\/#website","url":"https:\/\/pizzastories.le5stagioni.com\/fr\/","name":"Pizza Stories","description":"La community degli amanti della pizza","publisher":{"@id":"https:\/\/pizzastories.le5stagioni.com\/fr\/#organization"},"potentialAction":[{"@type":"SearchAction","target":{"@type":"EntryPoint","urlTemplate":"https:\/\/pizzastories.le5stagioni.com\/fr\/?s={search_term_string}"},"query-input":{"@type":"PropertyValueSpecification","valueRequired":true,"valueName":"search_term_string"}}],"inLanguage":"fr-FR"},{"@type":"Organization","@id":"https:\/\/pizzastories.le5stagioni.com\/fr\/#organization","name":"Pizza Stories","url":"https:\/\/pizzastories.le5stagioni.com\/fr\/","logo":{"@type":"ImageObject","inLanguage":"fr-FR","@id":"https:\/\/pizzastories.le5stagioni.com\/fr\/#\/schema\/logo\/image\/","url":"https:\/\/pizzastories.le5stagioni.com\/wp-content\/uploads\/2025\/05\/cropped-pizza-stories-logo.png","contentUrl":"https:\/\/pizzastories.le5stagioni.com\/wp-content\/uploads\/2025\/05\/cropped-pizza-stories-logo.png","width":512,"height":512,"caption":"Pizza Stories"},"image":{"@id":"https:\/\/pizzastories.le5stagioni.com\/fr\/#\/schema\/logo\/image\/"}},{"@type":"Person","@id":"https:\/\/pizzastories.le5stagioni.com\/fr\/#\/schema\/person\/d29300c90b5517cd405edf2c907a69ba","name":"admin","image":{"@type":"ImageObject","inLanguage":"fr-FR","@id":"https:\/\/secure.gravatar.com\/avatar\/5edb4df5e2959cba313f23cb81d70d9233dad5fed62a756d80df55fa53e32990?s=96&d=mm&r=g","url":"https:\/\/secure.gravatar.com\/avatar\/5edb4df5e2959cba313f23cb81d70d9233dad5fed62a756d80df55fa53e32990?s=96&d=mm&r=g","contentUrl":"https:\/\/secure.gravatar.com\/avatar\/5edb4df5e2959cba313f23cb81d70d9233dad5fed62a756d80df55fa53e32990?s=96&d=mm&r=g","caption":"admin"},"sameAs":["https:\/\/pizzastories.le5stagioni.com"],"url":"https:\/\/pizzastories.le5stagioni.com\/fr\/author\/eperrone_1lnrhwgg\/"}]}},"_links":{"self":[{"href":"https:\/\/pizzastories.le5stagioni.com\/fr\/wp-json\/wp\/v2\/posts\/4470","targetHints":{"allow":["GET"]}}],"collection":[{"href":"https:\/\/pizzastories.le5stagioni.com\/fr\/wp-json\/wp\/v2\/posts"}],"about":[{"href":"https:\/\/pizzastories.le5stagioni.com\/fr\/wp-json\/wp\/v2\/types\/post"}],"author":[{"embeddable":true,"href":"https:\/\/pizzastories.le5stagioni.com\/fr\/wp-json\/wp\/v2\/users\/1"}],"replies":[{"embeddable":true,"href":"https:\/\/pizzastories.le5stagioni.com\/fr\/wp-json\/wp\/v2\/comments?post=4470"}],"version-history":[{"count":0,"href":"https:\/\/pizzastories.le5stagioni.com\/fr\/wp-json\/wp\/v2\/posts\/4470\/revisions"}],"wp:featuredmedia":[{"embeddable":true,"href":"https:\/\/pizzastories.le5stagioni.com\/fr\/wp-json\/wp\/v2\/media\/2002"}],"wp:attachment":[{"href":"https:\/\/pizzastories.le5stagioni.com\/fr\/wp-json\/wp\/v2\/media?parent=4470"}],"wp:term":[{"taxonomy":"category","embeddable":true,"href":"https:\/\/pizzastories.le5stagioni.com\/fr\/wp-json\/wp\/v2\/categories?post=4470"},{"taxonomy":"post_tag","embeddable":true,"href":"https:\/\/pizzastories.le5stagioni.com\/fr\/wp-json\/wp\/v2\/tags?post=4470"}],"curies":[{"name":"wp","href":"https:\/\/api.w.org\/{rel}","templated":true}]}}