{"id":4556,"date":"2023-06-20T14:31:20","date_gmt":"2023-06-20T12:31:20","guid":{"rendered":"https:\/\/pizzastories.le5stagioni.com\/non-categorise\/la-selection-emergente-pizza-pour-le-centre-sud-est-terminee\/"},"modified":"2023-06-20T14:31:20","modified_gmt":"2023-06-20T12:31:20","slug":"la-selection-emergente-pizza-pour-le-centre-sud-est-terminee","status":"publish","type":"post","link":"https:\/\/pizzastories.le5stagioni.com\/fr\/pizza-emergente-fr\/la-selection-emergente-pizza-pour-le-centre-sud-est-terminee\/","title":{"rendered":"La s\u00e9lection Emergente Pizza pour le Centre-Sud est termin\u00e9e"},"content":{"rendered":"\n<div class=\"stripe-one-col-media fullwidth\">\n            <img decoding=\"async\" src=\"https:\/\/pizzastories.le5stagioni.com\/wp-content\/uploads\/2025\/05\/emergenza-pizza-la-tappa-centro-sud-header.jpg\" alt=\"\">\t\t<\/div>\n<div class=\"stripe-one-col-text \">\n<div class=\"text-description\">\n<p style=\"text-align: justify;\">La s\u00e9lection Centre-Sud valable pour le prix <strong>EMERGENT PIZZA 2023<\/strong> (concours r\u00e9serv\u00e9 aux jeunes chefs et pizza\u00efolos de moins de 30 ans con\u00e7u et organis\u00e9 par Witaly) s&rsquo;est d\u00e9roul\u00e9e cette ann\u00e9e dans un lieu exceptionnel : l&rsquo;<strong>Universit\u00e9 des Saveurs de P\u00e9rouse<\/strong>.<\/p>\n<p style=\"text-align: justify;\">Pour la cat\u00e9gorie PIZZA \u00c9MERGENTE (rappelez-vous que le r\u00e8glement imposait le th\u00e8me NO-WASTE), ils ont pass\u00e9 l&rsquo;\u00e9preuve :<\/p>\n<p style=\"text-align: justify;\"><strong>1.<\/strong> UMBERTO <strong>COSTA<\/strong> (Umberto \u00e0 Lucques) avec la pizza sans d\u00e9chets \u00ab Autunno in una pizza &#8211; Vellutata di bufala bleu, nduja, thym, feuilles de graines de courge et pulpe de courge r\u00f4tie \u00bb ;<br \/>&nbsp;<\/p>\n<p style=\"text-align: justify;\"><strong>2. RAOUL ROTUNDO<\/strong> (Fiori di zucca \u00e0 Rome) avec la pizza sans d\u00e9chets \u00ab\u00a0Nonna non butta niente &#8211; Salsa di ciliegino confit, chou violet au naturel, sph\u00e8res de baccal\u00e0 mantecato avec poivrons crusco faits maison, chips d&rsquo;\u00e9pluchures de pommes de terre de Tuscia\u00a0\u00bb ;<\/p>\n<p style=\"text-align: justify;\"><strong>3. VINCENZO LA PORTA<\/strong> (Le Fontanelle in Raffadali &#8211; AG) avec la pizza sans d\u00e9chets \u00ab Variation de Norma &#8211; Cr\u00e8me d&rsquo;aubergines r\u00f4ties au basilic, chips d&rsquo;aubergines frites, fiordilatte, tomates pizzutello semi-s\u00e9ch\u00e9es, ricotta fra\u00eeche de brebis, graines de s\u00e9same noir, basilic \u00bb ;<\/p>\n<p style=\"text-align: justify;\"><strong>4. GIULIO PIERSANTI <\/strong>(A modo mio in Lugnano in Teverina) avec la pizza sans d\u00e9chets \u00ab Profumi di Terra Mia &#8211; Crema di castagne di Soriano del Cimino, fiordilatte, porcini della Valnerina, saucisses, noix grill\u00e9es de Porchiano del Monte \u00bb.<\/p>\n<p style=\"text-align: justify;\">Emergente Pizza s&rsquo;est d\u00e9roul\u00e9e en deux temps, le <strong>lundi 10 octobre<\/strong> o\u00f9 les concurrents se sont affront\u00e9s sur le th\u00e8me de la reine des pizzas, la pizza margherita. Le lendemain, <strong>mardi 11 octobre<\/strong>, le d\u00e9fi portait plut\u00f4t sur un th\u00e8me libre. <\/p>\n<p style=\"text-align: justify;\">Voici les concurrents qui ont particip\u00e9 au concours :<\/p>\n<p style=\"text-align: justify;\">Gabriele Tomassetti de Svario \u00e0 Rome ; Matteo Apollonio de Cotto&amp;Mangiato \u00e0 Aradeo (LE) ; Vincenzo La Porta de Le Fontanelle \u00e0 Raffadali (AG) ; Carmine Argenziano de Capuano \u00e0 Caserta ; Nicholas Pardini de Il Centro \u00e0 Lido di Camaiore (LU) ; Raul Rotundo de Fiori di Zucca \u00e0 Rome ; Luca Tufano de PizzaArt \u00e0 Battipaglia (NA) ; Giulio Piersanti de A modo mio \u00e0 Lugnano (TR) ; Diego Caiazzo de Capriccio \u00e0 Monsano (AN) ; Gabriele Saviello de Alchimia \u00e0 Salerne ; Pasquale Livello de O&rsquo;Sbarazzino \u00e0 Torre del Greco (NA) ; Umberto Costa de Da Umberto \u00e0 Lucca.<\/p>\n<p style=\"text-align: justify;\">Les quatre premiers participeront \u00e0 la finale au d\u00e9but de l&rsquo;ann\u00e9e 2023.<\/p>\n<\/div><\/div>\n<div class=\"shared-content \">\n            \t\t<\/div>\n","protected":false},"excerpt":{"rendered":"<p>La s\u00e9lection Centre-Sud valable pour le prix EMERGENT PIZZA 2023 (concours r\u00e9serv\u00e9 aux jeunes chefs et pizza\u00efolos de moins de 30 ans con\u00e7u et organis\u00e9 par Witaly) s&rsquo;est d\u00e9roul\u00e9e cette ann\u00e9e dans un lieu exceptionnel : l&rsquo;Universit\u00e9 des Saveurs de P\u00e9rouse.<\/p>\n","protected":false},"author":1,"featured_media":2112,"comment_status":"closed","ping_status":"closed","sticky":false,"template":"","format":"standard","meta":{"_acf_changed":false,"footnotes":""},"categories":[165],"tags":[],"class_list":["post-4556","post","type-post","status-publish","format-standard","has-post-thumbnail","hentry","category-pizza-emergente-fr"],"acf":[],"yoast_head":"<!-- This site is optimized with the Yoast SEO plugin v27.5 - https:\/\/yoast.com\/product\/yoast-seo-wordpress\/ -->\n<title>La s\u00e9lection Emergente Pizza pour le Centre-Sud est termin\u00e9e - Pizza Stories<\/title>\n<meta name=\"robots\" content=\"index, follow, max-snippet:-1, max-image-preview:large, max-video-preview:-1\" \/>\n<link rel=\"canonical\" href=\"https:\/\/pizzastories.le5stagioni.com\/fr\/pizza-emergente-fr\/la-selection-emergente-pizza-pour-le-centre-sud-est-terminee\/\" \/>\n<meta property=\"og:locale\" content=\"fr_FR\" \/>\n<meta property=\"og:type\" content=\"article\" \/>\n<meta property=\"og:title\" content=\"La s\u00e9lection Emergente Pizza pour le Centre-Sud est termin\u00e9e - Pizza Stories\" \/>\n<meta property=\"og:description\" content=\"La s\u00e9lection Centre-Sud valable pour le prix EMERGENT PIZZA 2023 (concours r\u00e9serv\u00e9 aux jeunes chefs et pizza\u00efolos de moins de 30 ans con\u00e7u et organis\u00e9 par Witaly) s&#039;est d\u00e9roul\u00e9e cette ann\u00e9e dans un lieu exceptionnel : l&#039;Universit\u00e9 des Saveurs de P\u00e9rouse.\" \/>\n<meta property=\"og:url\" content=\"https:\/\/pizzastories.le5stagioni.com\/fr\/pizza-emergente-fr\/la-selection-emergente-pizza-pour-le-centre-sud-est-terminee\/\" \/>\n<meta property=\"og:site_name\" content=\"Pizza Stories\" \/>\n<meta property=\"article:published_time\" content=\"2023-06-20T12:31:20+00:00\" \/>\n<meta property=\"og:image\" content=\"https:\/\/pizzastories.le5stagioni.com\/wp-content\/uploads\/2025\/05\/emergenza-pizza-la-tappa-centro-sud-header-5.jpg\" \/>\n\t<meta property=\"og:image:width\" content=\"1920\" \/>\n\t<meta property=\"og:image:height\" content=\"647\" \/>\n\t<meta property=\"og:image:type\" content=\"image\/jpeg\" \/>\n<meta name=\"author\" content=\"admin\" \/>\n<meta name=\"twitter:card\" content=\"summary_large_image\" \/>\n<meta name=\"twitter:label1\" content=\"\u00c9crit par\" \/>\n\t<meta name=\"twitter:data1\" content=\"admin\" \/>\n\t<meta name=\"twitter:label2\" content=\"Dur\u00e9e de lecture estim\u00e9e\" \/>\n\t<meta name=\"twitter:data2\" content=\"2 minutes\" \/>\n<script type=\"application\/ld+json\" class=\"yoast-schema-graph\">{\"@context\":\"https:\\\/\\\/schema.org\",\"@graph\":[{\"@type\":\"Article\",\"@id\":\"https:\\\/\\\/pizzastories.le5stagioni.com\\\/fr\\\/pizza-emergente-fr\\\/la-selection-emergente-pizza-pour-le-centre-sud-est-terminee\\\/#article\",\"isPartOf\":{\"@id\":\"https:\\\/\\\/pizzastories.le5stagioni.com\\\/fr\\\/pizza-emergente-fr\\\/la-selection-emergente-pizza-pour-le-centre-sud-est-terminee\\\/\"},\"author\":{\"name\":\"admin\",\"@id\":\"https:\\\/\\\/pizzastories.le5stagioni.com\\\/fr\\\/#\\\/schema\\\/person\\\/d29300c90b5517cd405edf2c907a69ba\"},\"headline\":\"La s\u00e9lection Emergente Pizza pour le Centre-Sud est termin\u00e9e\",\"datePublished\":\"2023-06-20T12:31:20+00:00\",\"mainEntityOfPage\":{\"@id\":\"https:\\\/\\\/pizzastories.le5stagioni.com\\\/fr\\\/pizza-emergente-fr\\\/la-selection-emergente-pizza-pour-le-centre-sud-est-terminee\\\/\"},\"wordCount\":394,\"publisher\":{\"@id\":\"https:\\\/\\\/pizzastories.le5stagioni.com\\\/fr\\\/#organization\"},\"image\":{\"@id\":\"https:\\\/\\\/pizzastories.le5stagioni.com\\\/fr\\\/pizza-emergente-fr\\\/la-selection-emergente-pizza-pour-le-centre-sud-est-terminee\\\/#primaryimage\"},\"thumbnailUrl\":\"https:\\\/\\\/pizzastories.le5stagioni.com\\\/wp-content\\\/uploads\\\/2025\\\/05\\\/emergenza-pizza-la-tappa-centro-sud-header-5.jpg\",\"articleSection\":[\"pizza \u00e9mergente\"],\"inLanguage\":\"fr-FR\"},{\"@type\":\"WebPage\",\"@id\":\"https:\\\/\\\/pizzastories.le5stagioni.com\\\/fr\\\/pizza-emergente-fr\\\/la-selection-emergente-pizza-pour-le-centre-sud-est-terminee\\\/\",\"url\":\"https:\\\/\\\/pizzastories.le5stagioni.com\\\/fr\\\/pizza-emergente-fr\\\/la-selection-emergente-pizza-pour-le-centre-sud-est-terminee\\\/\",\"name\":\"La s\u00e9lection Emergente Pizza pour le Centre-Sud est termin\u00e9e - Pizza Stories\",\"isPartOf\":{\"@id\":\"https:\\\/\\\/pizzastories.le5stagioni.com\\\/fr\\\/#website\"},\"primaryImageOfPage\":{\"@id\":\"https:\\\/\\\/pizzastories.le5stagioni.com\\\/fr\\\/pizza-emergente-fr\\\/la-selection-emergente-pizza-pour-le-centre-sud-est-terminee\\\/#primaryimage\"},\"image\":{\"@id\":\"https:\\\/\\\/pizzastories.le5stagioni.com\\\/fr\\\/pizza-emergente-fr\\\/la-selection-emergente-pizza-pour-le-centre-sud-est-terminee\\\/#primaryimage\"},\"thumbnailUrl\":\"https:\\\/\\\/pizzastories.le5stagioni.com\\\/wp-content\\\/uploads\\\/2025\\\/05\\\/emergenza-pizza-la-tappa-centro-sud-header-5.jpg\",\"datePublished\":\"2023-06-20T12:31:20+00:00\",\"breadcrumb\":{\"@id\":\"https:\\\/\\\/pizzastories.le5stagioni.com\\\/fr\\\/pizza-emergente-fr\\\/la-selection-emergente-pizza-pour-le-centre-sud-est-terminee\\\/#breadcrumb\"},\"inLanguage\":\"fr-FR\",\"potentialAction\":[{\"@type\":\"ReadAction\",\"target\":[\"https:\\\/\\\/pizzastories.le5stagioni.com\\\/fr\\\/pizza-emergente-fr\\\/la-selection-emergente-pizza-pour-le-centre-sud-est-terminee\\\/\"]}]},{\"@type\":\"ImageObject\",\"inLanguage\":\"fr-FR\",\"@id\":\"https:\\\/\\\/pizzastories.le5stagioni.com\\\/fr\\\/pizza-emergente-fr\\\/la-selection-emergente-pizza-pour-le-centre-sud-est-terminee\\\/#primaryimage\",\"url\":\"https:\\\/\\\/pizzastories.le5stagioni.com\\\/wp-content\\\/uploads\\\/2025\\\/05\\\/emergenza-pizza-la-tappa-centro-sud-header-5.jpg\",\"contentUrl\":\"https:\\\/\\\/pizzastories.le5stagioni.com\\\/wp-content\\\/uploads\\\/2025\\\/05\\\/emergenza-pizza-la-tappa-centro-sud-header-5.jpg\",\"width\":1920,\"height\":647},{\"@type\":\"BreadcrumbList\",\"@id\":\"https:\\\/\\\/pizzastories.le5stagioni.com\\\/fr\\\/pizza-emergente-fr\\\/la-selection-emergente-pizza-pour-le-centre-sud-est-terminee\\\/#breadcrumb\",\"itemListElement\":[{\"@type\":\"ListItem\",\"position\":1,\"name\":\"Home\",\"item\":\"https:\\\/\\\/pizzastories.le5stagioni.com\\\/fr\\\/\"},{\"@type\":\"ListItem\",\"position\":2,\"name\":\"La s\u00e9lection Emergente Pizza pour le Centre-Sud est termin\u00e9e\"}]},{\"@type\":\"WebSite\",\"@id\":\"https:\\\/\\\/pizzastories.le5stagioni.com\\\/fr\\\/#website\",\"url\":\"https:\\\/\\\/pizzastories.le5stagioni.com\\\/fr\\\/\",\"name\":\"Pizza Stories\",\"description\":\"La community degli amanti della pizza\",\"publisher\":{\"@id\":\"https:\\\/\\\/pizzastories.le5stagioni.com\\\/fr\\\/#organization\"},\"potentialAction\":[{\"@type\":\"SearchAction\",\"target\":{\"@type\":\"EntryPoint\",\"urlTemplate\":\"https:\\\/\\\/pizzastories.le5stagioni.com\\\/fr\\\/?s={search_term_string}\"},\"query-input\":{\"@type\":\"PropertyValueSpecification\",\"valueRequired\":true,\"valueName\":\"search_term_string\"}}],\"inLanguage\":\"fr-FR\"},{\"@type\":\"Organization\",\"@id\":\"https:\\\/\\\/pizzastories.le5stagioni.com\\\/fr\\\/#organization\",\"name\":\"Pizza Stories\",\"url\":\"https:\\\/\\\/pizzastories.le5stagioni.com\\\/fr\\\/\",\"logo\":{\"@type\":\"ImageObject\",\"inLanguage\":\"fr-FR\",\"@id\":\"https:\\\/\\\/pizzastories.le5stagioni.com\\\/fr\\\/#\\\/schema\\\/logo\\\/image\\\/\",\"url\":\"https:\\\/\\\/pizzastories.le5stagioni.com\\\/wp-content\\\/uploads\\\/2025\\\/05\\\/cropped-pizza-stories-logo.png\",\"contentUrl\":\"https:\\\/\\\/pizzastories.le5stagioni.com\\\/wp-content\\\/uploads\\\/2025\\\/05\\\/cropped-pizza-stories-logo.png\",\"width\":512,\"height\":512,\"caption\":\"Pizza Stories\"},\"image\":{\"@id\":\"https:\\\/\\\/pizzastories.le5stagioni.com\\\/fr\\\/#\\\/schema\\\/logo\\\/image\\\/\"}},{\"@type\":\"Person\",\"@id\":\"https:\\\/\\\/pizzastories.le5stagioni.com\\\/fr\\\/#\\\/schema\\\/person\\\/d29300c90b5517cd405edf2c907a69ba\",\"name\":\"admin\",\"image\":{\"@type\":\"ImageObject\",\"inLanguage\":\"fr-FR\",\"@id\":\"https:\\\/\\\/secure.gravatar.com\\\/avatar\\\/5edb4df5e2959cba313f23cb81d70d9233dad5fed62a756d80df55fa53e32990?s=96&d=mm&r=g\",\"url\":\"https:\\\/\\\/secure.gravatar.com\\\/avatar\\\/5edb4df5e2959cba313f23cb81d70d9233dad5fed62a756d80df55fa53e32990?s=96&d=mm&r=g\",\"contentUrl\":\"https:\\\/\\\/secure.gravatar.com\\\/avatar\\\/5edb4df5e2959cba313f23cb81d70d9233dad5fed62a756d80df55fa53e32990?s=96&d=mm&r=g\",\"caption\":\"admin\"},\"sameAs\":[\"https:\\\/\\\/pizzastories.le5stagioni.com\"],\"url\":\"https:\\\/\\\/pizzastories.le5stagioni.com\\\/fr\\\/author\\\/eperrone_1lnrhwgg\\\/\"}]}<\/script>\n<!-- \/ Yoast SEO plugin. -->","yoast_head_json":{"title":"La s\u00e9lection Emergente Pizza pour le Centre-Sud est termin\u00e9e - Pizza Stories","robots":{"index":"index","follow":"follow","max-snippet":"max-snippet:-1","max-image-preview":"max-image-preview:large","max-video-preview":"max-video-preview:-1"},"canonical":"https:\/\/pizzastories.le5stagioni.com\/fr\/pizza-emergente-fr\/la-selection-emergente-pizza-pour-le-centre-sud-est-terminee\/","og_locale":"fr_FR","og_type":"article","og_title":"La s\u00e9lection Emergente Pizza pour le Centre-Sud est termin\u00e9e - Pizza Stories","og_description":"La s\u00e9lection Centre-Sud valable pour le prix EMERGENT PIZZA 2023 (concours r\u00e9serv\u00e9 aux jeunes chefs et pizza\u00efolos de moins de 30 ans con\u00e7u et organis\u00e9 par Witaly) s'est d\u00e9roul\u00e9e cette ann\u00e9e dans un lieu exceptionnel : l'Universit\u00e9 des Saveurs de P\u00e9rouse.","og_url":"https:\/\/pizzastories.le5stagioni.com\/fr\/pizza-emergente-fr\/la-selection-emergente-pizza-pour-le-centre-sud-est-terminee\/","og_site_name":"Pizza Stories","article_published_time":"2023-06-20T12:31:20+00:00","og_image":[{"width":1920,"height":647,"url":"https:\/\/pizzastories.le5stagioni.com\/wp-content\/uploads\/2025\/05\/emergenza-pizza-la-tappa-centro-sud-header-5.jpg","type":"image\/jpeg"}],"author":"admin","twitter_card":"summary_large_image","twitter_misc":{"\u00c9crit par":"admin","Dur\u00e9e de lecture estim\u00e9e":"2 minutes"},"schema":{"@context":"https:\/\/schema.org","@graph":[{"@type":"Article","@id":"https:\/\/pizzastories.le5stagioni.com\/fr\/pizza-emergente-fr\/la-selection-emergente-pizza-pour-le-centre-sud-est-terminee\/#article","isPartOf":{"@id":"https:\/\/pizzastories.le5stagioni.com\/fr\/pizza-emergente-fr\/la-selection-emergente-pizza-pour-le-centre-sud-est-terminee\/"},"author":{"name":"admin","@id":"https:\/\/pizzastories.le5stagioni.com\/fr\/#\/schema\/person\/d29300c90b5517cd405edf2c907a69ba"},"headline":"La s\u00e9lection Emergente Pizza pour le Centre-Sud est termin\u00e9e","datePublished":"2023-06-20T12:31:20+00:00","mainEntityOfPage":{"@id":"https:\/\/pizzastories.le5stagioni.com\/fr\/pizza-emergente-fr\/la-selection-emergente-pizza-pour-le-centre-sud-est-terminee\/"},"wordCount":394,"publisher":{"@id":"https:\/\/pizzastories.le5stagioni.com\/fr\/#organization"},"image":{"@id":"https:\/\/pizzastories.le5stagioni.com\/fr\/pizza-emergente-fr\/la-selection-emergente-pizza-pour-le-centre-sud-est-terminee\/#primaryimage"},"thumbnailUrl":"https:\/\/pizzastories.le5stagioni.com\/wp-content\/uploads\/2025\/05\/emergenza-pizza-la-tappa-centro-sud-header-5.jpg","articleSection":["pizza \u00e9mergente"],"inLanguage":"fr-FR"},{"@type":"WebPage","@id":"https:\/\/pizzastories.le5stagioni.com\/fr\/pizza-emergente-fr\/la-selection-emergente-pizza-pour-le-centre-sud-est-terminee\/","url":"https:\/\/pizzastories.le5stagioni.com\/fr\/pizza-emergente-fr\/la-selection-emergente-pizza-pour-le-centre-sud-est-terminee\/","name":"La s\u00e9lection Emergente Pizza pour le Centre-Sud est termin\u00e9e - Pizza Stories","isPartOf":{"@id":"https:\/\/pizzastories.le5stagioni.com\/fr\/#website"},"primaryImageOfPage":{"@id":"https:\/\/pizzastories.le5stagioni.com\/fr\/pizza-emergente-fr\/la-selection-emergente-pizza-pour-le-centre-sud-est-terminee\/#primaryimage"},"image":{"@id":"https:\/\/pizzastories.le5stagioni.com\/fr\/pizza-emergente-fr\/la-selection-emergente-pizza-pour-le-centre-sud-est-terminee\/#primaryimage"},"thumbnailUrl":"https:\/\/pizzastories.le5stagioni.com\/wp-content\/uploads\/2025\/05\/emergenza-pizza-la-tappa-centro-sud-header-5.jpg","datePublished":"2023-06-20T12:31:20+00:00","breadcrumb":{"@id":"https:\/\/pizzastories.le5stagioni.com\/fr\/pizza-emergente-fr\/la-selection-emergente-pizza-pour-le-centre-sud-est-terminee\/#breadcrumb"},"inLanguage":"fr-FR","potentialAction":[{"@type":"ReadAction","target":["https:\/\/pizzastories.le5stagioni.com\/fr\/pizza-emergente-fr\/la-selection-emergente-pizza-pour-le-centre-sud-est-terminee\/"]}]},{"@type":"ImageObject","inLanguage":"fr-FR","@id":"https:\/\/pizzastories.le5stagioni.com\/fr\/pizza-emergente-fr\/la-selection-emergente-pizza-pour-le-centre-sud-est-terminee\/#primaryimage","url":"https:\/\/pizzastories.le5stagioni.com\/wp-content\/uploads\/2025\/05\/emergenza-pizza-la-tappa-centro-sud-header-5.jpg","contentUrl":"https:\/\/pizzastories.le5stagioni.com\/wp-content\/uploads\/2025\/05\/emergenza-pizza-la-tappa-centro-sud-header-5.jpg","width":1920,"height":647},{"@type":"BreadcrumbList","@id":"https:\/\/pizzastories.le5stagioni.com\/fr\/pizza-emergente-fr\/la-selection-emergente-pizza-pour-le-centre-sud-est-terminee\/#breadcrumb","itemListElement":[{"@type":"ListItem","position":1,"name":"Home","item":"https:\/\/pizzastories.le5stagioni.com\/fr\/"},{"@type":"ListItem","position":2,"name":"La s\u00e9lection Emergente Pizza pour le Centre-Sud est termin\u00e9e"}]},{"@type":"WebSite","@id":"https:\/\/pizzastories.le5stagioni.com\/fr\/#website","url":"https:\/\/pizzastories.le5stagioni.com\/fr\/","name":"Pizza Stories","description":"La community degli amanti della pizza","publisher":{"@id":"https:\/\/pizzastories.le5stagioni.com\/fr\/#organization"},"potentialAction":[{"@type":"SearchAction","target":{"@type":"EntryPoint","urlTemplate":"https:\/\/pizzastories.le5stagioni.com\/fr\/?s={search_term_string}"},"query-input":{"@type":"PropertyValueSpecification","valueRequired":true,"valueName":"search_term_string"}}],"inLanguage":"fr-FR"},{"@type":"Organization","@id":"https:\/\/pizzastories.le5stagioni.com\/fr\/#organization","name":"Pizza Stories","url":"https:\/\/pizzastories.le5stagioni.com\/fr\/","logo":{"@type":"ImageObject","inLanguage":"fr-FR","@id":"https:\/\/pizzastories.le5stagioni.com\/fr\/#\/schema\/logo\/image\/","url":"https:\/\/pizzastories.le5stagioni.com\/wp-content\/uploads\/2025\/05\/cropped-pizza-stories-logo.png","contentUrl":"https:\/\/pizzastories.le5stagioni.com\/wp-content\/uploads\/2025\/05\/cropped-pizza-stories-logo.png","width":512,"height":512,"caption":"Pizza Stories"},"image":{"@id":"https:\/\/pizzastories.le5stagioni.com\/fr\/#\/schema\/logo\/image\/"}},{"@type":"Person","@id":"https:\/\/pizzastories.le5stagioni.com\/fr\/#\/schema\/person\/d29300c90b5517cd405edf2c907a69ba","name":"admin","image":{"@type":"ImageObject","inLanguage":"fr-FR","@id":"https:\/\/secure.gravatar.com\/avatar\/5edb4df5e2959cba313f23cb81d70d9233dad5fed62a756d80df55fa53e32990?s=96&d=mm&r=g","url":"https:\/\/secure.gravatar.com\/avatar\/5edb4df5e2959cba313f23cb81d70d9233dad5fed62a756d80df55fa53e32990?s=96&d=mm&r=g","contentUrl":"https:\/\/secure.gravatar.com\/avatar\/5edb4df5e2959cba313f23cb81d70d9233dad5fed62a756d80df55fa53e32990?s=96&d=mm&r=g","caption":"admin"},"sameAs":["https:\/\/pizzastories.le5stagioni.com"],"url":"https:\/\/pizzastories.le5stagioni.com\/fr\/author\/eperrone_1lnrhwgg\/"}]}},"_links":{"self":[{"href":"https:\/\/pizzastories.le5stagioni.com\/fr\/wp-json\/wp\/v2\/posts\/4556","targetHints":{"allow":["GET"]}}],"collection":[{"href":"https:\/\/pizzastories.le5stagioni.com\/fr\/wp-json\/wp\/v2\/posts"}],"about":[{"href":"https:\/\/pizzastories.le5stagioni.com\/fr\/wp-json\/wp\/v2\/types\/post"}],"author":[{"embeddable":true,"href":"https:\/\/pizzastories.le5stagioni.com\/fr\/wp-json\/wp\/v2\/users\/1"}],"replies":[{"embeddable":true,"href":"https:\/\/pizzastories.le5stagioni.com\/fr\/wp-json\/wp\/v2\/comments?post=4556"}],"version-history":[{"count":0,"href":"https:\/\/pizzastories.le5stagioni.com\/fr\/wp-json\/wp\/v2\/posts\/4556\/revisions"}],"wp:featuredmedia":[{"embeddable":true,"href":"https:\/\/pizzastories.le5stagioni.com\/fr\/wp-json\/wp\/v2\/media\/2112"}],"wp:attachment":[{"href":"https:\/\/pizzastories.le5stagioni.com\/fr\/wp-json\/wp\/v2\/media?parent=4556"}],"wp:term":[{"taxonomy":"category","embeddable":true,"href":"https:\/\/pizzastories.le5stagioni.com\/fr\/wp-json\/wp\/v2\/categories?post=4556"},{"taxonomy":"post_tag","embeddable":true,"href":"https:\/\/pizzastories.le5stagioni.com\/fr\/wp-json\/wp\/v2\/tags?post=4556"}],"curies":[{"name":"wp","href":"https:\/\/api.w.org\/{rel}","templated":true}]}}