{"id":4664,"date":"2023-07-10T10:50:21","date_gmt":"2023-07-10T08:50:21","guid":{"rendered":"https:\/\/pizzastories.le5stagioni.com\/non-categorise\/voici-les-finalistes-de-lemergentepizza-selezione-nord-2024\/"},"modified":"2023-07-10T10:50:21","modified_gmt":"2023-07-10T08:50:21","slug":"voici-les-finalistes-de-lemergentepizza-selezione-nord-2024","status":"publish","type":"post","link":"https:\/\/pizzastories.le5stagioni.com\/fr\/pizza-emergente-fr\/voici-les-finalistes-de-lemergentepizza-selezione-nord-2024\/","title":{"rendered":"Voici les finalistes de l&rsquo;EmergentePizza Selezione Nord 2024"},"content":{"rendered":"\n<div class=\"stripe-one-col-media fullwidth\">\n            <img decoding=\"async\" src=\"https:\/\/pizzastories.le5stagioni.com\/wp-content\/uploads\/2025\/05\/emergenza-pizza-la-tappa-centro-sud-header-1.jpg\" alt=\"\">\t\t<\/div>\n<div class=\"stripe-one-col-text \">\n<div class=\"text-description\">\n<p style=\"text-align: justify;\">La s\u00e9lection nord d \u00ab <strong>EMERGENTE PIZZA 2024<\/strong>, qui s&rsquo;est tenue \u00e0 la <strong>Villa Terzaghi<\/strong> \u00e0 Milan <strong>les<\/strong> <strong>4 et 5 juillet<\/strong>, a vu la participation de jeunes pizza\u00efolos d\u00e9sireux de se mettre \u00e0 l \u00bb \u00e9preuve et d&rsquo;apporter leur cr\u00e9ativit\u00e9 au concours.<\/p>\n<p style=\"text-align: justify;\">Le premier jour, les concurrents ont pr\u00e9par\u00e9 les p\u00e2tes pour le lendemain et ont pr\u00e9sent\u00e9 au jury leur version personnelle d&rsquo;un classique ind\u00e9modable : la Pizza Margherita. Le dernier jour du concours a \u00e9t\u00e9 plac\u00e9 sous le signe de la cr\u00e9ativit\u00e9, chaque pizza\u00efolo pr\u00e9sentant une pizza avec une garniture sp\u00e9ciale destin\u00e9e \u00e0 impressionner et \u00e0 raconter sa propre histoire. <\/p>\n<p style=\"text-align: justify;\">En attendant le verdict du jury, une discussion int\u00e9ressante a \u00e9t\u00e9 organis\u00e9e sur le th\u00e8me<strong>\u00ab\u00a0Restauration et durabilit\u00e9 : une combinaison possible ?<\/strong>\u00ab\u00a0, au cours de laquelle, outre les pizzaiolos, certains sponsors et invit\u00e9s de l&rsquo;\u00e9v\u00e9nement ont parl\u00e9 de leur vision, de leurs bonnes pratiques et de leurs initiatives actuelles.<\/p>\n<p style=\"text-align: justify;\">Nous adressons nos plus sinc\u00e8res f\u00e9licitations aux gagnants des prix mis en jeu et aux finalistes d&rsquo;Emergente Pizza selezione Nord qui acc\u00e8dent directement \u00e0 la finale \u00e0 l&rsquo;<strong>ALMA<\/strong>.<\/p>\n<p style=\"text-align: justify;\">Les laur\u00e9ats du <strong>prix de la durabilit\u00e9 <\/strong>sont les suivants :<\/p>\n<ul>\n<li style=\"text-align: justify;\"><strong>Mara Fabiana Mancosu<\/strong> (Domo Mia &#8211; Costa Masnaga, Lecco) ;<\/li>\n<li style=\"text-align: justify;\"><strong>Alexandra Horghidan <\/strong>(Zia Pizza &#8211; Peschiera del Garda, Verona) ;<\/li>\n<li style=\"text-align: justify;\"><strong>Daniele Cassese<\/strong><strong> <\/strong>(Varrone Pizza &#8211; Milan) ;<\/li>\n<\/ul>\n<p style=\"text-align: justify;\">&nbsp;<\/p>\n<p style=\"text-align: justify;\">Les finalistes de l&rsquo;<strong>EMERGENTE PIZZA NORD SELECTION 2024 <\/strong>sont les suivants :<\/p>\n<ul>\n<li style=\"text-align: justify;\"><strong>Jurgen Verbofshi <\/strong>(I Bravi Ragazzi Pizzeria &#8211; Meda) : une floraison d&rsquo;herbes savamment s\u00e9lectionn\u00e9es pour donner de la fra\u00eecheur au lard ;<\/li>\n<li style=\"text-align: justify;\"><strong>Luca Pasca <\/strong>(Sesto Gusto &#8211; Turin) : a pr\u00e9sent\u00e9 une pizza aux saveurs pi\u00e9montaises, avec de la langue, de la cr\u00e8me de poivron, du bagnetto vert et des germes ;<\/li>\n<li style=\"text-align: justify;\"><strong>Arvind Patwa <\/strong>(Pizzeria Shambo &#8211; Milan) : surprenant sa pizza \u00e0 la menthe enrichie de courgettes et de bacon ;<\/li>\n<li style=\"text-align: justify;\"><strong>Davide Franco<\/strong> (Signor Pizza &#8211; Busto Arsizio).<\/li>\n<\/ul>\n<p style=\"text-align: justify;\"><strong>F\u00e9licitations \u00e0 tous !<\/strong><\/p>\n<p style=\"text-align: justify;\">Nous vous donnons rendez-vous pour le prochain \u00e9v\u00e9nement \u00e0 l <strong>&lsquo;Universit\u00e0 dei Sapori \u00e0 P\u00e9rouse<\/strong> <strong>les 3 et 4 octobre<\/strong> avec <strong>Emergente Pizza selezione Centro-Sud<\/strong>.<\/p>\n<\/div><\/div>\n<div class=\"shared-content \">\n            \t\t<\/div>\n","protected":false},"excerpt":{"rendered":"<p>La s\u00e9lection nord d&rsquo;EMERGENTE PIZZA 2024, qui s&rsquo;est tenue \u00e0 la Villa Terzaghi \u00e0 Milan les 4 et 5 juillet, a vu la participation de jeunes pizza\u00efolos d\u00e9sireux de se mettre \u00e0 l&rsquo;\u00e9preuve et d&rsquo;apporter leur cr\u00e9ativit\u00e9 au concours.<\/p>\n","protected":false},"author":1,"featured_media":2032,"comment_status":"closed","ping_status":"closed","sticky":false,"template":"","format":"standard","meta":{"_acf_changed":false,"footnotes":""},"categories":[165],"tags":[],"class_list":["post-4664","post","type-post","status-publish","format-standard","has-post-thumbnail","hentry","category-pizza-emergente-fr"],"acf":[],"yoast_head":"<!-- This site is optimized with the Yoast SEO plugin v27.5 - https:\/\/yoast.com\/product\/yoast-seo-wordpress\/ -->\n<title>Voici les finalistes de l&#039;EmergentePizza Selezione Nord 2024 - Pizza Stories<\/title>\n<meta name=\"robots\" content=\"index, follow, max-snippet:-1, max-image-preview:large, max-video-preview:-1\" \/>\n<link rel=\"canonical\" href=\"https:\/\/pizzastories.le5stagioni.com\/fr\/pizza-emergente-fr\/voici-les-finalistes-de-lemergentepizza-selezione-nord-2024\/\" \/>\n<meta property=\"og:locale\" content=\"fr_FR\" \/>\n<meta property=\"og:type\" content=\"article\" \/>\n<meta property=\"og:title\" content=\"Voici les finalistes de l&#039;EmergentePizza Selezione Nord 2024 - Pizza Stories\" \/>\n<meta property=\"og:description\" content=\"La s\u00e9lection nord d&#039;EMERGENTE PIZZA 2024, qui s&#039;est tenue \u00e0 la Villa Terzaghi \u00e0 Milan les 4 et 5 juillet, a vu la participation de jeunes pizza\u00efolos d\u00e9sireux de se mettre \u00e0 l&#039;\u00e9preuve et d&#039;apporter leur cr\u00e9ativit\u00e9 au concours.\" \/>\n<meta property=\"og:url\" content=\"https:\/\/pizzastories.le5stagioni.com\/fr\/pizza-emergente-fr\/voici-les-finalistes-de-lemergentepizza-selezione-nord-2024\/\" \/>\n<meta property=\"og:site_name\" content=\"Pizza Stories\" \/>\n<meta property=\"article:published_time\" content=\"2023-07-10T08:50:21+00:00\" \/>\n<meta property=\"og:image\" content=\"https:\/\/pizzastories.le5stagioni.com\/wp-content\/uploads\/2025\/05\/emergenza-pizza-la-tappa-centro-sud-header-1-2.jpg\" \/>\n\t<meta property=\"og:image:width\" content=\"1920\" \/>\n\t<meta property=\"og:image:height\" content=\"647\" \/>\n\t<meta property=\"og:image:type\" content=\"image\/jpeg\" \/>\n<meta name=\"author\" content=\"admin\" \/>\n<meta name=\"twitter:card\" content=\"summary_large_image\" \/>\n<meta name=\"twitter:label1\" content=\"\u00c9crit par\" \/>\n\t<meta name=\"twitter:data1\" content=\"admin\" \/>\n\t<meta name=\"twitter:label2\" content=\"Dur\u00e9e de lecture estim\u00e9e\" \/>\n\t<meta name=\"twitter:data2\" content=\"2 minutes\" \/>\n<script type=\"application\/ld+json\" class=\"yoast-schema-graph\">{\"@context\":\"https:\\\/\\\/schema.org\",\"@graph\":[{\"@type\":\"Article\",\"@id\":\"https:\\\/\\\/pizzastories.le5stagioni.com\\\/fr\\\/pizza-emergente-fr\\\/voici-les-finalistes-de-lemergentepizza-selezione-nord-2024\\\/#article\",\"isPartOf\":{\"@id\":\"https:\\\/\\\/pizzastories.le5stagioni.com\\\/fr\\\/pizza-emergente-fr\\\/voici-les-finalistes-de-lemergentepizza-selezione-nord-2024\\\/\"},\"author\":{\"name\":\"admin\",\"@id\":\"https:\\\/\\\/pizzastories.le5stagioni.com\\\/fr\\\/#\\\/schema\\\/person\\\/d29300c90b5517cd405edf2c907a69ba\"},\"headline\":\"Voici les finalistes de l&rsquo;EmergentePizza Selezione Nord 2024\",\"datePublished\":\"2023-07-10T08:50:21+00:00\",\"mainEntityOfPage\":{\"@id\":\"https:\\\/\\\/pizzastories.le5stagioni.com\\\/fr\\\/pizza-emergente-fr\\\/voici-les-finalistes-de-lemergentepizza-selezione-nord-2024\\\/\"},\"wordCount\":352,\"publisher\":{\"@id\":\"https:\\\/\\\/pizzastories.le5stagioni.com\\\/fr\\\/#organization\"},\"image\":{\"@id\":\"https:\\\/\\\/pizzastories.le5stagioni.com\\\/fr\\\/pizza-emergente-fr\\\/voici-les-finalistes-de-lemergentepizza-selezione-nord-2024\\\/#primaryimage\"},\"thumbnailUrl\":\"https:\\\/\\\/pizzastories.le5stagioni.com\\\/wp-content\\\/uploads\\\/2025\\\/05\\\/emergenza-pizza-la-tappa-centro-sud-header-1-2.jpg\",\"articleSection\":[\"pizza \u00e9mergente\"],\"inLanguage\":\"fr-FR\"},{\"@type\":\"WebPage\",\"@id\":\"https:\\\/\\\/pizzastories.le5stagioni.com\\\/fr\\\/pizza-emergente-fr\\\/voici-les-finalistes-de-lemergentepizza-selezione-nord-2024\\\/\",\"url\":\"https:\\\/\\\/pizzastories.le5stagioni.com\\\/fr\\\/pizza-emergente-fr\\\/voici-les-finalistes-de-lemergentepizza-selezione-nord-2024\\\/\",\"name\":\"Voici les finalistes de l'EmergentePizza Selezione Nord 2024 - Pizza Stories\",\"isPartOf\":{\"@id\":\"https:\\\/\\\/pizzastories.le5stagioni.com\\\/fr\\\/#website\"},\"primaryImageOfPage\":{\"@id\":\"https:\\\/\\\/pizzastories.le5stagioni.com\\\/fr\\\/pizza-emergente-fr\\\/voici-les-finalistes-de-lemergentepizza-selezione-nord-2024\\\/#primaryimage\"},\"image\":{\"@id\":\"https:\\\/\\\/pizzastories.le5stagioni.com\\\/fr\\\/pizza-emergente-fr\\\/voici-les-finalistes-de-lemergentepizza-selezione-nord-2024\\\/#primaryimage\"},\"thumbnailUrl\":\"https:\\\/\\\/pizzastories.le5stagioni.com\\\/wp-content\\\/uploads\\\/2025\\\/05\\\/emergenza-pizza-la-tappa-centro-sud-header-1-2.jpg\",\"datePublished\":\"2023-07-10T08:50:21+00:00\",\"breadcrumb\":{\"@id\":\"https:\\\/\\\/pizzastories.le5stagioni.com\\\/fr\\\/pizza-emergente-fr\\\/voici-les-finalistes-de-lemergentepizza-selezione-nord-2024\\\/#breadcrumb\"},\"inLanguage\":\"fr-FR\",\"potentialAction\":[{\"@type\":\"ReadAction\",\"target\":[\"https:\\\/\\\/pizzastories.le5stagioni.com\\\/fr\\\/pizza-emergente-fr\\\/voici-les-finalistes-de-lemergentepizza-selezione-nord-2024\\\/\"]}]},{\"@type\":\"ImageObject\",\"inLanguage\":\"fr-FR\",\"@id\":\"https:\\\/\\\/pizzastories.le5stagioni.com\\\/fr\\\/pizza-emergente-fr\\\/voici-les-finalistes-de-lemergentepizza-selezione-nord-2024\\\/#primaryimage\",\"url\":\"https:\\\/\\\/pizzastories.le5stagioni.com\\\/wp-content\\\/uploads\\\/2025\\\/05\\\/emergenza-pizza-la-tappa-centro-sud-header-1-2.jpg\",\"contentUrl\":\"https:\\\/\\\/pizzastories.le5stagioni.com\\\/wp-content\\\/uploads\\\/2025\\\/05\\\/emergenza-pizza-la-tappa-centro-sud-header-1-2.jpg\",\"width\":1920,\"height\":647},{\"@type\":\"BreadcrumbList\",\"@id\":\"https:\\\/\\\/pizzastories.le5stagioni.com\\\/fr\\\/pizza-emergente-fr\\\/voici-les-finalistes-de-lemergentepizza-selezione-nord-2024\\\/#breadcrumb\",\"itemListElement\":[{\"@type\":\"ListItem\",\"position\":1,\"name\":\"Home\",\"item\":\"https:\\\/\\\/pizzastories.le5stagioni.com\\\/fr\\\/\"},{\"@type\":\"ListItem\",\"position\":2,\"name\":\"Voici les finalistes de l&#8217;EmergentePizza Selezione Nord 2024\"}]},{\"@type\":\"WebSite\",\"@id\":\"https:\\\/\\\/pizzastories.le5stagioni.com\\\/fr\\\/#website\",\"url\":\"https:\\\/\\\/pizzastories.le5stagioni.com\\\/fr\\\/\",\"name\":\"Pizza Stories\",\"description\":\"La community degli amanti della pizza\",\"publisher\":{\"@id\":\"https:\\\/\\\/pizzastories.le5stagioni.com\\\/fr\\\/#organization\"},\"potentialAction\":[{\"@type\":\"SearchAction\",\"target\":{\"@type\":\"EntryPoint\",\"urlTemplate\":\"https:\\\/\\\/pizzastories.le5stagioni.com\\\/fr\\\/?s={search_term_string}\"},\"query-input\":{\"@type\":\"PropertyValueSpecification\",\"valueRequired\":true,\"valueName\":\"search_term_string\"}}],\"inLanguage\":\"fr-FR\"},{\"@type\":\"Organization\",\"@id\":\"https:\\\/\\\/pizzastories.le5stagioni.com\\\/fr\\\/#organization\",\"name\":\"Pizza Stories\",\"url\":\"https:\\\/\\\/pizzastories.le5stagioni.com\\\/fr\\\/\",\"logo\":{\"@type\":\"ImageObject\",\"inLanguage\":\"fr-FR\",\"@id\":\"https:\\\/\\\/pizzastories.le5stagioni.com\\\/fr\\\/#\\\/schema\\\/logo\\\/image\\\/\",\"url\":\"https:\\\/\\\/pizzastories.le5stagioni.com\\\/wp-content\\\/uploads\\\/2025\\\/05\\\/cropped-pizza-stories-logo.png\",\"contentUrl\":\"https:\\\/\\\/pizzastories.le5stagioni.com\\\/wp-content\\\/uploads\\\/2025\\\/05\\\/cropped-pizza-stories-logo.png\",\"width\":512,\"height\":512,\"caption\":\"Pizza Stories\"},\"image\":{\"@id\":\"https:\\\/\\\/pizzastories.le5stagioni.com\\\/fr\\\/#\\\/schema\\\/logo\\\/image\\\/\"}},{\"@type\":\"Person\",\"@id\":\"https:\\\/\\\/pizzastories.le5stagioni.com\\\/fr\\\/#\\\/schema\\\/person\\\/d29300c90b5517cd405edf2c907a69ba\",\"name\":\"admin\",\"image\":{\"@type\":\"ImageObject\",\"inLanguage\":\"fr-FR\",\"@id\":\"https:\\\/\\\/secure.gravatar.com\\\/avatar\\\/5edb4df5e2959cba313f23cb81d70d9233dad5fed62a756d80df55fa53e32990?s=96&d=mm&r=g\",\"url\":\"https:\\\/\\\/secure.gravatar.com\\\/avatar\\\/5edb4df5e2959cba313f23cb81d70d9233dad5fed62a756d80df55fa53e32990?s=96&d=mm&r=g\",\"contentUrl\":\"https:\\\/\\\/secure.gravatar.com\\\/avatar\\\/5edb4df5e2959cba313f23cb81d70d9233dad5fed62a756d80df55fa53e32990?s=96&d=mm&r=g\",\"caption\":\"admin\"},\"sameAs\":[\"https:\\\/\\\/pizzastories.le5stagioni.com\"],\"url\":\"https:\\\/\\\/pizzastories.le5stagioni.com\\\/fr\\\/author\\\/eperrone_1lnrhwgg\\\/\"}]}<\/script>\n<!-- \/ Yoast SEO plugin. -->","yoast_head_json":{"title":"Voici les finalistes de l'EmergentePizza Selezione Nord 2024 - Pizza Stories","robots":{"index":"index","follow":"follow","max-snippet":"max-snippet:-1","max-image-preview":"max-image-preview:large","max-video-preview":"max-video-preview:-1"},"canonical":"https:\/\/pizzastories.le5stagioni.com\/fr\/pizza-emergente-fr\/voici-les-finalistes-de-lemergentepizza-selezione-nord-2024\/","og_locale":"fr_FR","og_type":"article","og_title":"Voici les finalistes de l'EmergentePizza Selezione Nord 2024 - Pizza Stories","og_description":"La s\u00e9lection nord d'EMERGENTE PIZZA 2024, qui s'est tenue \u00e0 la Villa Terzaghi \u00e0 Milan les 4 et 5 juillet, a vu la participation de jeunes pizza\u00efolos d\u00e9sireux de se mettre \u00e0 l'\u00e9preuve et d'apporter leur cr\u00e9ativit\u00e9 au concours.","og_url":"https:\/\/pizzastories.le5stagioni.com\/fr\/pizza-emergente-fr\/voici-les-finalistes-de-lemergentepizza-selezione-nord-2024\/","og_site_name":"Pizza Stories","article_published_time":"2023-07-10T08:50:21+00:00","og_image":[{"width":1920,"height":647,"url":"https:\/\/pizzastories.le5stagioni.com\/wp-content\/uploads\/2025\/05\/emergenza-pizza-la-tappa-centro-sud-header-1-2.jpg","type":"image\/jpeg"}],"author":"admin","twitter_card":"summary_large_image","twitter_misc":{"\u00c9crit par":"admin","Dur\u00e9e de lecture estim\u00e9e":"2 minutes"},"schema":{"@context":"https:\/\/schema.org","@graph":[{"@type":"Article","@id":"https:\/\/pizzastories.le5stagioni.com\/fr\/pizza-emergente-fr\/voici-les-finalistes-de-lemergentepizza-selezione-nord-2024\/#article","isPartOf":{"@id":"https:\/\/pizzastories.le5stagioni.com\/fr\/pizza-emergente-fr\/voici-les-finalistes-de-lemergentepizza-selezione-nord-2024\/"},"author":{"name":"admin","@id":"https:\/\/pizzastories.le5stagioni.com\/fr\/#\/schema\/person\/d29300c90b5517cd405edf2c907a69ba"},"headline":"Voici les finalistes de l&rsquo;EmergentePizza Selezione Nord 2024","datePublished":"2023-07-10T08:50:21+00:00","mainEntityOfPage":{"@id":"https:\/\/pizzastories.le5stagioni.com\/fr\/pizza-emergente-fr\/voici-les-finalistes-de-lemergentepizza-selezione-nord-2024\/"},"wordCount":352,"publisher":{"@id":"https:\/\/pizzastories.le5stagioni.com\/fr\/#organization"},"image":{"@id":"https:\/\/pizzastories.le5stagioni.com\/fr\/pizza-emergente-fr\/voici-les-finalistes-de-lemergentepizza-selezione-nord-2024\/#primaryimage"},"thumbnailUrl":"https:\/\/pizzastories.le5stagioni.com\/wp-content\/uploads\/2025\/05\/emergenza-pizza-la-tappa-centro-sud-header-1-2.jpg","articleSection":["pizza \u00e9mergente"],"inLanguage":"fr-FR"},{"@type":"WebPage","@id":"https:\/\/pizzastories.le5stagioni.com\/fr\/pizza-emergente-fr\/voici-les-finalistes-de-lemergentepizza-selezione-nord-2024\/","url":"https:\/\/pizzastories.le5stagioni.com\/fr\/pizza-emergente-fr\/voici-les-finalistes-de-lemergentepizza-selezione-nord-2024\/","name":"Voici les finalistes de l'EmergentePizza Selezione Nord 2024 - Pizza Stories","isPartOf":{"@id":"https:\/\/pizzastories.le5stagioni.com\/fr\/#website"},"primaryImageOfPage":{"@id":"https:\/\/pizzastories.le5stagioni.com\/fr\/pizza-emergente-fr\/voici-les-finalistes-de-lemergentepizza-selezione-nord-2024\/#primaryimage"},"image":{"@id":"https:\/\/pizzastories.le5stagioni.com\/fr\/pizza-emergente-fr\/voici-les-finalistes-de-lemergentepizza-selezione-nord-2024\/#primaryimage"},"thumbnailUrl":"https:\/\/pizzastories.le5stagioni.com\/wp-content\/uploads\/2025\/05\/emergenza-pizza-la-tappa-centro-sud-header-1-2.jpg","datePublished":"2023-07-10T08:50:21+00:00","breadcrumb":{"@id":"https:\/\/pizzastories.le5stagioni.com\/fr\/pizza-emergente-fr\/voici-les-finalistes-de-lemergentepizza-selezione-nord-2024\/#breadcrumb"},"inLanguage":"fr-FR","potentialAction":[{"@type":"ReadAction","target":["https:\/\/pizzastories.le5stagioni.com\/fr\/pizza-emergente-fr\/voici-les-finalistes-de-lemergentepizza-selezione-nord-2024\/"]}]},{"@type":"ImageObject","inLanguage":"fr-FR","@id":"https:\/\/pizzastories.le5stagioni.com\/fr\/pizza-emergente-fr\/voici-les-finalistes-de-lemergentepizza-selezione-nord-2024\/#primaryimage","url":"https:\/\/pizzastories.le5stagioni.com\/wp-content\/uploads\/2025\/05\/emergenza-pizza-la-tappa-centro-sud-header-1-2.jpg","contentUrl":"https:\/\/pizzastories.le5stagioni.com\/wp-content\/uploads\/2025\/05\/emergenza-pizza-la-tappa-centro-sud-header-1-2.jpg","width":1920,"height":647},{"@type":"BreadcrumbList","@id":"https:\/\/pizzastories.le5stagioni.com\/fr\/pizza-emergente-fr\/voici-les-finalistes-de-lemergentepizza-selezione-nord-2024\/#breadcrumb","itemListElement":[{"@type":"ListItem","position":1,"name":"Home","item":"https:\/\/pizzastories.le5stagioni.com\/fr\/"},{"@type":"ListItem","position":2,"name":"Voici les finalistes de l&#8217;EmergentePizza Selezione Nord 2024"}]},{"@type":"WebSite","@id":"https:\/\/pizzastories.le5stagioni.com\/fr\/#website","url":"https:\/\/pizzastories.le5stagioni.com\/fr\/","name":"Pizza Stories","description":"La community degli amanti della pizza","publisher":{"@id":"https:\/\/pizzastories.le5stagioni.com\/fr\/#organization"},"potentialAction":[{"@type":"SearchAction","target":{"@type":"EntryPoint","urlTemplate":"https:\/\/pizzastories.le5stagioni.com\/fr\/?s={search_term_string}"},"query-input":{"@type":"PropertyValueSpecification","valueRequired":true,"valueName":"search_term_string"}}],"inLanguage":"fr-FR"},{"@type":"Organization","@id":"https:\/\/pizzastories.le5stagioni.com\/fr\/#organization","name":"Pizza Stories","url":"https:\/\/pizzastories.le5stagioni.com\/fr\/","logo":{"@type":"ImageObject","inLanguage":"fr-FR","@id":"https:\/\/pizzastories.le5stagioni.com\/fr\/#\/schema\/logo\/image\/","url":"https:\/\/pizzastories.le5stagioni.com\/wp-content\/uploads\/2025\/05\/cropped-pizza-stories-logo.png","contentUrl":"https:\/\/pizzastories.le5stagioni.com\/wp-content\/uploads\/2025\/05\/cropped-pizza-stories-logo.png","width":512,"height":512,"caption":"Pizza Stories"},"image":{"@id":"https:\/\/pizzastories.le5stagioni.com\/fr\/#\/schema\/logo\/image\/"}},{"@type":"Person","@id":"https:\/\/pizzastories.le5stagioni.com\/fr\/#\/schema\/person\/d29300c90b5517cd405edf2c907a69ba","name":"admin","image":{"@type":"ImageObject","inLanguage":"fr-FR","@id":"https:\/\/secure.gravatar.com\/avatar\/5edb4df5e2959cba313f23cb81d70d9233dad5fed62a756d80df55fa53e32990?s=96&d=mm&r=g","url":"https:\/\/secure.gravatar.com\/avatar\/5edb4df5e2959cba313f23cb81d70d9233dad5fed62a756d80df55fa53e32990?s=96&d=mm&r=g","contentUrl":"https:\/\/secure.gravatar.com\/avatar\/5edb4df5e2959cba313f23cb81d70d9233dad5fed62a756d80df55fa53e32990?s=96&d=mm&r=g","caption":"admin"},"sameAs":["https:\/\/pizzastories.le5stagioni.com"],"url":"https:\/\/pizzastories.le5stagioni.com\/fr\/author\/eperrone_1lnrhwgg\/"}]}},"_links":{"self":[{"href":"https:\/\/pizzastories.le5stagioni.com\/fr\/wp-json\/wp\/v2\/posts\/4664","targetHints":{"allow":["GET"]}}],"collection":[{"href":"https:\/\/pizzastories.le5stagioni.com\/fr\/wp-json\/wp\/v2\/posts"}],"about":[{"href":"https:\/\/pizzastories.le5stagioni.com\/fr\/wp-json\/wp\/v2\/types\/post"}],"author":[{"embeddable":true,"href":"https:\/\/pizzastories.le5stagioni.com\/fr\/wp-json\/wp\/v2\/users\/1"}],"replies":[{"embeddable":true,"href":"https:\/\/pizzastories.le5stagioni.com\/fr\/wp-json\/wp\/v2\/comments?post=4664"}],"version-history":[{"count":0,"href":"https:\/\/pizzastories.le5stagioni.com\/fr\/wp-json\/wp\/v2\/posts\/4664\/revisions"}],"wp:featuredmedia":[{"embeddable":true,"href":"https:\/\/pizzastories.le5stagioni.com\/fr\/wp-json\/wp\/v2\/media\/2032"}],"wp:attachment":[{"href":"https:\/\/pizzastories.le5stagioni.com\/fr\/wp-json\/wp\/v2\/media?parent=4664"}],"wp:term":[{"taxonomy":"category","embeddable":true,"href":"https:\/\/pizzastories.le5stagioni.com\/fr\/wp-json\/wp\/v2\/categories?post=4664"},{"taxonomy":"post_tag","embeddable":true,"href":"https:\/\/pizzastories.le5stagioni.com\/fr\/wp-json\/wp\/v2\/tags?post=4664"}],"curies":[{"name":"wp","href":"https:\/\/api.w.org\/{rel}","templated":true}]}}