{"id":5581,"date":"2025-06-20T15:44:53","date_gmt":"2025-06-20T13:44:53","guid":{"rendered":"https:\/\/pizzastories.le5stagioni.com\/non-categorise\/de-boulanger-a-chef-boulanger\/"},"modified":"2025-07-01T16:21:13","modified_gmt":"2025-07-01T14:21:13","slug":"de-boulanger-a-chef-boulanger","status":"publish","type":"post","link":"https:\/\/pizzastories.le5stagioni.com\/fr\/mode-de-vie\/de-boulanger-a-chef-boulanger\/","title":{"rendered":"De boulanger \u00e0 chef boulanger"},"content":{"rendered":"\t\t<div data-elementor-type=\"wp-post\" data-elementor-id=\"5581\" class=\"elementor elementor-5581 elementor-5551\" data-elementor-post-type=\"post\">\n\t\t\t\t<div class=\"elementor-element elementor-element-227c5592 e-flex e-con-boxed e-con e-parent\" data-id=\"227c5592\" data-element_type=\"container\" data-e-type=\"container\">\n\t\t\t\t\t<div class=\"e-con-inner\">\n\t\t<div class=\"elementor-element elementor-element-d87c127 e-con-full e-flex e-con e-child\" data-id=\"d87c127\" data-element_type=\"container\" data-e-type=\"container\">\n\t\t\t\t<div class=\"elementor-element elementor-element-485cc4a elementor-widget elementor-widget-text-editor\" data-id=\"485cc4a\" data-element_type=\"widget\" data-e-type=\"widget\" data-widget_type=\"text-editor.default\">\n\t\t\t\t<div class=\"elementor-widget-container\">\n\t\t\t\t\t\t\t\t\t<p>L \u00ab \u00e9volution du m\u00e9tier de boulanger \u00e0 l \u00bb \u00e8re de l&rsquo;alimentation consciente, entre tradition, innovation et attention \u00e0 la sant\u00e9<\/p>\t\t\t\t\t\t\t\t<\/div>\n\t\t\t\t<\/div>\n\t\t\t\t<\/div>\n\t\t\t\t<div class=\"elementor-element elementor-element-7e534579 elementor-widget elementor-widget-image\" data-id=\"7e534579\" data-element_type=\"widget\" data-e-type=\"widget\" data-widget_type=\"image.default\">\n\t\t\t\t<div class=\"elementor-widget-container\">\n\t\t\t\t\t\t\t\t\t\t\t\t\t\t\t<img decoding=\"async\" src=\"https:\/\/pizzastories.le5stagioni.com\/wp-content\/plugins\/elementor\/assets\/images\/placeholder.png\" title=\"\" alt=\"\" loading=\"lazy\" \/>\t\t\t\t\t\t\t\t\t\t\t\t\t\t\t<\/div>\n\t\t\t\t<\/div>\n\t\t\t\t\t<\/div>\n\t\t\t\t<\/div>\n\t\t<div class=\"elementor-element elementor-element-4ca9b608 e-flex e-con-boxed e-con e-parent\" data-id=\"4ca9b608\" data-element_type=\"container\" data-e-type=\"container\">\n\t\t\t\t\t<div class=\"e-con-inner\">\n\t\t\t\t<div class=\"elementor-element elementor-element-3632ff3e elementor-widget elementor-widget-text-editor\" data-id=\"3632ff3e\" data-element_type=\"widget\" data-e-type=\"widget\" data-widget_type=\"text-editor.default\">\n\t\t\t\t<div class=\"elementor-widget-container\">\n\t\t\t\t\t\t\t\t\t<p>Le march\u00e9 de la boulangerie ne conna\u00eet pas la crise : selon les estimations, le chiffre d&rsquo;affaires mondial d\u00e9passe les 340 milliards de dollars, l&rsquo;Europe \u00e9tant en t\u00eate gr\u00e2ce \u00e0 la pr\u00e9sence g\u00e9n\u00e9ralis\u00e9e de boulangeries artisanales sur l&rsquo;ensemble du territoire. En Italie, 85 % du pain consomm\u00e9 chaque jour provient d&rsquo;environ 24 000 boulangeries artisanales, qui produisent plus de 250 vari\u00e9t\u00e9s de pain, t\u00e9moignant d&rsquo;un patrimoine culturel et gastronomique unique au monde.   <span style=\"color: var( --e-global-color-text ); font-family: var( --e-global-typography-text-font-family ), Sans-serif; font-size: var( --e-global-typography-text-font-size ); font-weight: var( --e-global-typography-text-font-weight ); text-align: var(--text-align); background-color: var( --e-global-color-0945e81 );\">Les consommateurs affichent une nette pr\u00e9f\u00e9rence pour les produits de boulangerie fabriqu\u00e9s \u00e0 partir d&rsquo;ingr\u00e9dients s\u00e9lectionn\u00e9s et de recettes traditionnelles, souvent li\u00e9es \u00e0 des souvenirs ruraux et \u00e0 l&rsquo;utilisation du levain.  <\/span><\/p><p><span style=\"color: var( --e-global-color-text ); font-family: var( --e-global-typography-text-font-family ), Sans-serif; font-size: var( --e-global-typography-text-font-size ); font-weight: var( --e-global-typography-text-font-weight ); text-align: var(--text-align); background-color: var( --e-global-color-0945e81 );\">Il s&rsquo;agit de produits authentiques, li\u00e9s au territoire, \u00e0 la saisonnalit\u00e9 et \u00e0 la valorisation des mati\u00e8res premi\u00e8res locales, capables de r\u00e9sister aux modes passag\u00e8res. Parall\u00e8lement, de nouveaux mod\u00e8les de consommation et de vente \u00e9mergent, dans lesquels la boulangerie traditionnelle se transforme en un format hybride, int\u00e9grant une caf\u00e9t\u00e9ria, une pizzeria \u00e0 la coupe ou une p\u00e2tisserie, afin d&rsquo;offrir une exp\u00e9rience plus compl\u00e8te et diversifi\u00e9e.   <\/span><\/p><p><span style=\"color: var( --e-global-color-text ); font-family: var( --e-global-typography-text-font-family ), Sans-serif; font-size: var( --e-global-typography-text-font-size ); font-weight: var( --e-global-typography-text-font-weight ); text-align: var(--text-align); background-color: var( --e-global-color-0945e81 );\">Dans ce sc\u00e9nario \u00e9volutif, la figure du boulanger se transforme en chef boulanger : un professionnel cr\u00e9atif dot\u00e9 d&rsquo;une connaissance approfondie des levains, des techniques et des mati\u00e8res premi\u00e8res, capable de produire du pain, de la focaccia, des pizzas, des biscuits et d&rsquo;autres produits de boulangerie avec une approche attentive de la nutrition et de la durabilit\u00e9. Le boulanger contemporain introduit une nouvelle fa\u00e7on de concevoir les produits de boulangerie, avec des propositions riches en prot\u00e9ines et en fibres, r\u00e9alis\u00e9es avec des farines compl\u00e8tes ou des c\u00e9r\u00e9ales alternatives, en pla\u00e7ant le bien-\u00eatre du consommateur au centre. <\/span><\/p>\t\t\t\t\t\t\t\t<\/div>\n\t\t\t\t<\/div>\n\t\t\t\t\t<\/div>\n\t\t\t\t<\/div>\n\t\t<div class=\"elementor-element elementor-element-2cdaf52d e-flex e-con-boxed e-con e-parent\" data-id=\"2cdaf52d\" data-element_type=\"container\" data-e-type=\"container\">\n\t\t\t\t\t<div class=\"e-con-inner\">\n\t\t\t\t<div class=\"elementor-element elementor-element-48fb6e2f elementor-widget elementor-widget-image\" data-id=\"48fb6e2f\" data-element_type=\"widget\" data-e-type=\"widget\" data-widget_type=\"image.default\">\n\t\t\t\t<div class=\"elementor-widget-container\">\n\t\t\t\t\t\t\t\t\t\t\t\t\t\t\t<img decoding=\"async\" src=\"https:\/\/pizzastories.le5stagioni.com\/wp-content\/plugins\/elementor\/assets\/images\/placeholder.png\" title=\"\" alt=\"\" loading=\"lazy\" \/>\t\t\t\t\t\t\t\t\t\t\t\t\t\t\t<\/div>\n\t\t\t\t<\/div>\n\t\t\t\t\t<\/div>\n\t\t\t\t<\/div>\n\t\t<div class=\"elementor-element elementor-element-6df69ee1 e-flex e-con-boxed e-con e-parent\" data-id=\"6df69ee1\" data-element_type=\"container\" data-e-type=\"container\">\n\t\t\t\t\t<div class=\"e-con-inner\">\n\t\t\t\t<div class=\"elementor-element elementor-element-476bb7c0 elementor-widget elementor-widget-text-editor\" data-id=\"476bb7c0\" data-element_type=\"widget\" data-e-type=\"widget\" data-widget_type=\"text-editor.default\">\n\t\t\t\t<div class=\"elementor-widget-container\">\n\t\t\t\t\t\t\t\t\t<p>L \u00ab \u00e9volution de la profession s&rsquo;accompagne de l&rsquo;utilisation d \u00bb \u00e9quipements modernes, num\u00e9riques et performants &#8211; tels que des p\u00e9trins intelligents, des fours professionnels et des cellules de levage contr\u00f4l\u00e9es &#8211; qui am\u00e9liorent la qualit\u00e9 du travail et permettent un meilleur contr\u00f4le du processus de maturation de la p\u00e2te et de la production.&nbsp;<\/p><p>\u00c0 l&rsquo;avenir, l&rsquo;offre de produits de boulangerie hyperprot\u00e9in\u00e9s pour les sportifs augmentera, de m\u00eame que les recettes v\u00e9g\u00e9taliennes, \u00e0 base de plantes et sans gluten, sans oublier les grands classiques li\u00e9s aux traditions et aux festivit\u00e9s r\u00e9gionales. Le tout sera guid\u00e9 par une vision de plus en plus saine, en mettant l&rsquo;accent sur le bio, la cha\u00eene d&rsquo;approvisionnement courte et la durabilit\u00e9 environnementale. <\/p>\t\t\t\t\t\t\t\t<\/div>\n\t\t\t\t<\/div>\n\t\t\t\t\t<\/div>\n\t\t\t\t<\/div>\n\t\t<div class=\"elementor-element elementor-element-61fe9d08 e-flex e-con-boxed e-con e-parent\" data-id=\"61fe9d08\" data-element_type=\"container\" data-e-type=\"container\">\n\t\t\t\t\t<div class=\"e-con-inner\">\n\t\t\t\t\t<\/div>\n\t\t\t\t<\/div>\n\t\t<div class=\"elementor-element elementor-element-231dadc7 e-flex e-con-boxed e-con e-parent\" data-id=\"231dadc7\" data-element_type=\"container\" data-e-type=\"container\">\n\t\t\t\t\t<div class=\"e-con-inner\">\n\t\t\t\t\t<\/div>\n\t\t\t\t<\/div>\n\t\t\t\t<\/div>\n\t\t","protected":false},"excerpt":{"rendered":"<p>L \u00ab \u00e9volution du m\u00e9tier de boulanger \u00e0 l \u00bb \u00e8re de l&rsquo;alimentation consciente, entre tradition, innovation et attention \u00e0 la sant\u00e9 Le march\u00e9 de la boulangerie ne conna\u00eet pas la crise : selon les estimations, le chiffre d&rsquo;affaires mondial d\u00e9passe les 340 milliards de dollars, l&rsquo;Europe \u00e9tant en t\u00eate gr\u00e2ce \u00e0 la pr\u00e9sence g\u00e9n\u00e9ralis\u00e9e [&hellip;]<\/p>\n","protected":false},"author":3,"featured_media":5962,"comment_status":"closed","ping_status":"closed","sticky":false,"template":"","format":"standard","meta":{"_acf_changed":false,"footnotes":""},"categories":[169],"tags":[],"class_list":["post-5581","post","type-post","status-publish","format-standard","has-post-thumbnail","hentry","category-mode-de-vie"],"acf":[],"yoast_head":"<!-- This site is optimized with the Yoast SEO plugin v27.5 - https:\/\/yoast.com\/product\/yoast-seo-wordpress\/ -->\n<title>De boulanger \u00e0 chef boulanger - Pizza Stories<\/title>\n<meta name=\"robots\" content=\"index, follow, max-snippet:-1, max-image-preview:large, max-video-preview:-1\" \/>\n<link rel=\"canonical\" href=\"https:\/\/pizzastories.le5stagioni.com\/fr\/mode-de-vie\/de-boulanger-a-chef-boulanger\/\" \/>\n<meta property=\"og:locale\" content=\"fr_FR\" \/>\n<meta property=\"og:type\" content=\"article\" \/>\n<meta property=\"og:title\" content=\"De boulanger \u00e0 chef boulanger - Pizza Stories\" \/>\n<meta property=\"og:description\" content=\"L \u00ab \u00e9volution du m\u00e9tier de boulanger \u00e0 l \u00bb \u00e8re de l&rsquo;alimentation consciente, entre tradition, innovation et attention \u00e0 la sant\u00e9 Le march\u00e9 de la boulangerie ne conna\u00eet pas la crise : selon les estimations, le chiffre d&rsquo;affaires mondial d\u00e9passe les 340 milliards de dollars, l&rsquo;Europe \u00e9tant en t\u00eate gr\u00e2ce \u00e0 la pr\u00e9sence g\u00e9n\u00e9ralis\u00e9e [&hellip;]\" \/>\n<meta property=\"og:url\" content=\"https:\/\/pizzastories.le5stagioni.com\/fr\/mode-de-vie\/de-boulanger-a-chef-boulanger\/\" \/>\n<meta property=\"og:site_name\" content=\"Pizza Stories\" \/>\n<meta property=\"article:published_time\" content=\"2025-06-20T13:44:53+00:00\" \/>\n<meta property=\"article:modified_time\" content=\"2025-07-01T14:21:13+00:00\" \/>\n<meta property=\"og:image\" content=\"https:\/\/pizzastories.le5stagioni.com\/wp-content\/uploads\/2025\/06\/pexels-fmaderebner-745988-scaled.jpg\" \/>\n\t<meta property=\"og:image:width\" content=\"2560\" \/>\n\t<meta property=\"og:image:height\" content=\"1710\" \/>\n\t<meta property=\"og:image:type\" content=\"image\/jpeg\" \/>\n<meta name=\"author\" content=\"Giovanni\" \/>\n<meta name=\"twitter:card\" content=\"summary_large_image\" \/>\n<meta name=\"twitter:label1\" content=\"\u00c9crit par\" \/>\n\t<meta name=\"twitter:data1\" content=\"Giovanni\" \/>\n\t<meta name=\"twitter:label2\" content=\"Dur\u00e9e de lecture estim\u00e9e\" \/>\n\t<meta name=\"twitter:data2\" content=\"2 minutes\" \/>\n<script type=\"application\/ld+json\" class=\"yoast-schema-graph\">{\"@context\":\"https:\\\/\\\/schema.org\",\"@graph\":[{\"@type\":\"Article\",\"@id\":\"https:\\\/\\\/pizzastories.le5stagioni.com\\\/fr\\\/mode-de-vie\\\/de-boulanger-a-chef-boulanger\\\/#article\",\"isPartOf\":{\"@id\":\"https:\\\/\\\/pizzastories.le5stagioni.com\\\/fr\\\/mode-de-vie\\\/de-boulanger-a-chef-boulanger\\\/\"},\"author\":{\"name\":\"Giovanni\",\"@id\":\"https:\\\/\\\/pizzastories.le5stagioni.com\\\/fr\\\/#\\\/schema\\\/person\\\/0d424ca2391dc26a6473ca01cc351137\"},\"headline\":\"De boulanger \u00e0 chef boulanger\",\"datePublished\":\"2025-06-20T13:44:53+00:00\",\"dateModified\":\"2025-07-01T14:21:13+00:00\",\"mainEntityOfPage\":{\"@id\":\"https:\\\/\\\/pizzastories.le5stagioni.com\\\/fr\\\/mode-de-vie\\\/de-boulanger-a-chef-boulanger\\\/\"},\"wordCount\":465,\"publisher\":{\"@id\":\"https:\\\/\\\/pizzastories.le5stagioni.com\\\/fr\\\/#organization\"},\"image\":{\"@id\":\"https:\\\/\\\/pizzastories.le5stagioni.com\\\/fr\\\/mode-de-vie\\\/de-boulanger-a-chef-boulanger\\\/#primaryimage\"},\"thumbnailUrl\":\"https:\\\/\\\/pizzastories.le5stagioni.com\\\/wp-content\\\/uploads\\\/2025\\\/06\\\/pexels-fmaderebner-745988-scaled.jpg\",\"articleSection\":[\"Mode de vie\"],\"inLanguage\":\"fr-FR\"},{\"@type\":\"WebPage\",\"@id\":\"https:\\\/\\\/pizzastories.le5stagioni.com\\\/fr\\\/mode-de-vie\\\/de-boulanger-a-chef-boulanger\\\/\",\"url\":\"https:\\\/\\\/pizzastories.le5stagioni.com\\\/fr\\\/mode-de-vie\\\/de-boulanger-a-chef-boulanger\\\/\",\"name\":\"De boulanger \u00e0 chef boulanger - Pizza Stories\",\"isPartOf\":{\"@id\":\"https:\\\/\\\/pizzastories.le5stagioni.com\\\/fr\\\/#website\"},\"primaryImageOfPage\":{\"@id\":\"https:\\\/\\\/pizzastories.le5stagioni.com\\\/fr\\\/mode-de-vie\\\/de-boulanger-a-chef-boulanger\\\/#primaryimage\"},\"image\":{\"@id\":\"https:\\\/\\\/pizzastories.le5stagioni.com\\\/fr\\\/mode-de-vie\\\/de-boulanger-a-chef-boulanger\\\/#primaryimage\"},\"thumbnailUrl\":\"https:\\\/\\\/pizzastories.le5stagioni.com\\\/wp-content\\\/uploads\\\/2025\\\/06\\\/pexels-fmaderebner-745988-scaled.jpg\",\"datePublished\":\"2025-06-20T13:44:53+00:00\",\"dateModified\":\"2025-07-01T14:21:13+00:00\",\"breadcrumb\":{\"@id\":\"https:\\\/\\\/pizzastories.le5stagioni.com\\\/fr\\\/mode-de-vie\\\/de-boulanger-a-chef-boulanger\\\/#breadcrumb\"},\"inLanguage\":\"fr-FR\",\"potentialAction\":[{\"@type\":\"ReadAction\",\"target\":[\"https:\\\/\\\/pizzastories.le5stagioni.com\\\/fr\\\/mode-de-vie\\\/de-boulanger-a-chef-boulanger\\\/\"]}]},{\"@type\":\"ImageObject\",\"inLanguage\":\"fr-FR\",\"@id\":\"https:\\\/\\\/pizzastories.le5stagioni.com\\\/fr\\\/mode-de-vie\\\/de-boulanger-a-chef-boulanger\\\/#primaryimage\",\"url\":\"https:\\\/\\\/pizzastories.le5stagioni.com\\\/wp-content\\\/uploads\\\/2025\\\/06\\\/pexels-fmaderebner-745988-scaled.jpg\",\"contentUrl\":\"https:\\\/\\\/pizzastories.le5stagioni.com\\\/wp-content\\\/uploads\\\/2025\\\/06\\\/pexels-fmaderebner-745988-scaled.jpg\",\"width\":2560,\"height\":1710,\"caption\":\"pane integrale con farine agugiaro & figna MIA GRA le 5 stagioni\"},{\"@type\":\"BreadcrumbList\",\"@id\":\"https:\\\/\\\/pizzastories.le5stagioni.com\\\/fr\\\/mode-de-vie\\\/de-boulanger-a-chef-boulanger\\\/#breadcrumb\",\"itemListElement\":[{\"@type\":\"ListItem\",\"position\":1,\"name\":\"Home\",\"item\":\"https:\\\/\\\/pizzastories.le5stagioni.com\\\/fr\\\/\"},{\"@type\":\"ListItem\",\"position\":2,\"name\":\"De boulanger \u00e0 chef boulanger\"}]},{\"@type\":\"WebSite\",\"@id\":\"https:\\\/\\\/pizzastories.le5stagioni.com\\\/fr\\\/#website\",\"url\":\"https:\\\/\\\/pizzastories.le5stagioni.com\\\/fr\\\/\",\"name\":\"Pizza Stories\",\"description\":\"La community degli amanti della pizza\",\"publisher\":{\"@id\":\"https:\\\/\\\/pizzastories.le5stagioni.com\\\/fr\\\/#organization\"},\"potentialAction\":[{\"@type\":\"SearchAction\",\"target\":{\"@type\":\"EntryPoint\",\"urlTemplate\":\"https:\\\/\\\/pizzastories.le5stagioni.com\\\/fr\\\/?s={search_term_string}\"},\"query-input\":{\"@type\":\"PropertyValueSpecification\",\"valueRequired\":true,\"valueName\":\"search_term_string\"}}],\"inLanguage\":\"fr-FR\"},{\"@type\":\"Organization\",\"@id\":\"https:\\\/\\\/pizzastories.le5stagioni.com\\\/fr\\\/#organization\",\"name\":\"Pizza Stories\",\"url\":\"https:\\\/\\\/pizzastories.le5stagioni.com\\\/fr\\\/\",\"logo\":{\"@type\":\"ImageObject\",\"inLanguage\":\"fr-FR\",\"@id\":\"https:\\\/\\\/pizzastories.le5stagioni.com\\\/fr\\\/#\\\/schema\\\/logo\\\/image\\\/\",\"url\":\"https:\\\/\\\/pizzastories.le5stagioni.com\\\/wp-content\\\/uploads\\\/2025\\\/05\\\/cropped-pizza-stories-logo.png\",\"contentUrl\":\"https:\\\/\\\/pizzastories.le5stagioni.com\\\/wp-content\\\/uploads\\\/2025\\\/05\\\/cropped-pizza-stories-logo.png\",\"width\":512,\"height\":512,\"caption\":\"Pizza Stories\"},\"image\":{\"@id\":\"https:\\\/\\\/pizzastories.le5stagioni.com\\\/fr\\\/#\\\/schema\\\/logo\\\/image\\\/\"}},{\"@type\":\"Person\",\"@id\":\"https:\\\/\\\/pizzastories.le5stagioni.com\\\/fr\\\/#\\\/schema\\\/person\\\/0d424ca2391dc26a6473ca01cc351137\",\"name\":\"Giovanni\",\"image\":{\"@type\":\"ImageObject\",\"inLanguage\":\"fr-FR\",\"@id\":\"https:\\\/\\\/secure.gravatar.com\\\/avatar\\\/e790db86f03a781da86f49749663d3c225e90a6481699e19e0845b59a9a45b2f?s=96&d=mm&r=g\",\"url\":\"https:\\\/\\\/secure.gravatar.com\\\/avatar\\\/e790db86f03a781da86f49749663d3c225e90a6481699e19e0845b59a9a45b2f?s=96&d=mm&r=g\",\"contentUrl\":\"https:\\\/\\\/secure.gravatar.com\\\/avatar\\\/e790db86f03a781da86f49749663d3c225e90a6481699e19e0845b59a9a45b2f?s=96&d=mm&r=g\",\"caption\":\"Giovanni\"},\"url\":\"https:\\\/\\\/pizzastories.le5stagioni.com\\\/fr\\\/author\\\/giovanni\\\/\"}]}<\/script>\n<!-- \/ Yoast SEO plugin. -->","yoast_head_json":{"title":"De boulanger \u00e0 chef boulanger - Pizza Stories","robots":{"index":"index","follow":"follow","max-snippet":"max-snippet:-1","max-image-preview":"max-image-preview:large","max-video-preview":"max-video-preview:-1"},"canonical":"https:\/\/pizzastories.le5stagioni.com\/fr\/mode-de-vie\/de-boulanger-a-chef-boulanger\/","og_locale":"fr_FR","og_type":"article","og_title":"De boulanger \u00e0 chef boulanger - Pizza Stories","og_description":"L \u00ab \u00e9volution du m\u00e9tier de boulanger \u00e0 l \u00bb \u00e8re de l&rsquo;alimentation consciente, entre tradition, innovation et attention \u00e0 la sant\u00e9 Le march\u00e9 de la boulangerie ne conna\u00eet pas la crise : selon les estimations, le chiffre d&rsquo;affaires mondial d\u00e9passe les 340 milliards de dollars, l&rsquo;Europe \u00e9tant en t\u00eate gr\u00e2ce \u00e0 la pr\u00e9sence g\u00e9n\u00e9ralis\u00e9e [&hellip;]","og_url":"https:\/\/pizzastories.le5stagioni.com\/fr\/mode-de-vie\/de-boulanger-a-chef-boulanger\/","og_site_name":"Pizza Stories","article_published_time":"2025-06-20T13:44:53+00:00","article_modified_time":"2025-07-01T14:21:13+00:00","og_image":[{"width":2560,"height":1710,"url":"https:\/\/pizzastories.le5stagioni.com\/wp-content\/uploads\/2025\/06\/pexels-fmaderebner-745988-scaled.jpg","type":"image\/jpeg"}],"author":"Giovanni","twitter_card":"summary_large_image","twitter_misc":{"\u00c9crit par":"Giovanni","Dur\u00e9e de lecture estim\u00e9e":"2 minutes"},"schema":{"@context":"https:\/\/schema.org","@graph":[{"@type":"Article","@id":"https:\/\/pizzastories.le5stagioni.com\/fr\/mode-de-vie\/de-boulanger-a-chef-boulanger\/#article","isPartOf":{"@id":"https:\/\/pizzastories.le5stagioni.com\/fr\/mode-de-vie\/de-boulanger-a-chef-boulanger\/"},"author":{"name":"Giovanni","@id":"https:\/\/pizzastories.le5stagioni.com\/fr\/#\/schema\/person\/0d424ca2391dc26a6473ca01cc351137"},"headline":"De boulanger \u00e0 chef boulanger","datePublished":"2025-06-20T13:44:53+00:00","dateModified":"2025-07-01T14:21:13+00:00","mainEntityOfPage":{"@id":"https:\/\/pizzastories.le5stagioni.com\/fr\/mode-de-vie\/de-boulanger-a-chef-boulanger\/"},"wordCount":465,"publisher":{"@id":"https:\/\/pizzastories.le5stagioni.com\/fr\/#organization"},"image":{"@id":"https:\/\/pizzastories.le5stagioni.com\/fr\/mode-de-vie\/de-boulanger-a-chef-boulanger\/#primaryimage"},"thumbnailUrl":"https:\/\/pizzastories.le5stagioni.com\/wp-content\/uploads\/2025\/06\/pexels-fmaderebner-745988-scaled.jpg","articleSection":["Mode de vie"],"inLanguage":"fr-FR"},{"@type":"WebPage","@id":"https:\/\/pizzastories.le5stagioni.com\/fr\/mode-de-vie\/de-boulanger-a-chef-boulanger\/","url":"https:\/\/pizzastories.le5stagioni.com\/fr\/mode-de-vie\/de-boulanger-a-chef-boulanger\/","name":"De boulanger \u00e0 chef boulanger - Pizza Stories","isPartOf":{"@id":"https:\/\/pizzastories.le5stagioni.com\/fr\/#website"},"primaryImageOfPage":{"@id":"https:\/\/pizzastories.le5stagioni.com\/fr\/mode-de-vie\/de-boulanger-a-chef-boulanger\/#primaryimage"},"image":{"@id":"https:\/\/pizzastories.le5stagioni.com\/fr\/mode-de-vie\/de-boulanger-a-chef-boulanger\/#primaryimage"},"thumbnailUrl":"https:\/\/pizzastories.le5stagioni.com\/wp-content\/uploads\/2025\/06\/pexels-fmaderebner-745988-scaled.jpg","datePublished":"2025-06-20T13:44:53+00:00","dateModified":"2025-07-01T14:21:13+00:00","breadcrumb":{"@id":"https:\/\/pizzastories.le5stagioni.com\/fr\/mode-de-vie\/de-boulanger-a-chef-boulanger\/#breadcrumb"},"inLanguage":"fr-FR","potentialAction":[{"@type":"ReadAction","target":["https:\/\/pizzastories.le5stagioni.com\/fr\/mode-de-vie\/de-boulanger-a-chef-boulanger\/"]}]},{"@type":"ImageObject","inLanguage":"fr-FR","@id":"https:\/\/pizzastories.le5stagioni.com\/fr\/mode-de-vie\/de-boulanger-a-chef-boulanger\/#primaryimage","url":"https:\/\/pizzastories.le5stagioni.com\/wp-content\/uploads\/2025\/06\/pexels-fmaderebner-745988-scaled.jpg","contentUrl":"https:\/\/pizzastories.le5stagioni.com\/wp-content\/uploads\/2025\/06\/pexels-fmaderebner-745988-scaled.jpg","width":2560,"height":1710,"caption":"pane integrale con farine agugiaro & figna MIA GRA le 5 stagioni"},{"@type":"BreadcrumbList","@id":"https:\/\/pizzastories.le5stagioni.com\/fr\/mode-de-vie\/de-boulanger-a-chef-boulanger\/#breadcrumb","itemListElement":[{"@type":"ListItem","position":1,"name":"Home","item":"https:\/\/pizzastories.le5stagioni.com\/fr\/"},{"@type":"ListItem","position":2,"name":"De boulanger \u00e0 chef boulanger"}]},{"@type":"WebSite","@id":"https:\/\/pizzastories.le5stagioni.com\/fr\/#website","url":"https:\/\/pizzastories.le5stagioni.com\/fr\/","name":"Pizza Stories","description":"La community degli amanti della pizza","publisher":{"@id":"https:\/\/pizzastories.le5stagioni.com\/fr\/#organization"},"potentialAction":[{"@type":"SearchAction","target":{"@type":"EntryPoint","urlTemplate":"https:\/\/pizzastories.le5stagioni.com\/fr\/?s={search_term_string}"},"query-input":{"@type":"PropertyValueSpecification","valueRequired":true,"valueName":"search_term_string"}}],"inLanguage":"fr-FR"},{"@type":"Organization","@id":"https:\/\/pizzastories.le5stagioni.com\/fr\/#organization","name":"Pizza Stories","url":"https:\/\/pizzastories.le5stagioni.com\/fr\/","logo":{"@type":"ImageObject","inLanguage":"fr-FR","@id":"https:\/\/pizzastories.le5stagioni.com\/fr\/#\/schema\/logo\/image\/","url":"https:\/\/pizzastories.le5stagioni.com\/wp-content\/uploads\/2025\/05\/cropped-pizza-stories-logo.png","contentUrl":"https:\/\/pizzastories.le5stagioni.com\/wp-content\/uploads\/2025\/05\/cropped-pizza-stories-logo.png","width":512,"height":512,"caption":"Pizza Stories"},"image":{"@id":"https:\/\/pizzastories.le5stagioni.com\/fr\/#\/schema\/logo\/image\/"}},{"@type":"Person","@id":"https:\/\/pizzastories.le5stagioni.com\/fr\/#\/schema\/person\/0d424ca2391dc26a6473ca01cc351137","name":"Giovanni","image":{"@type":"ImageObject","inLanguage":"fr-FR","@id":"https:\/\/secure.gravatar.com\/avatar\/e790db86f03a781da86f49749663d3c225e90a6481699e19e0845b59a9a45b2f?s=96&d=mm&r=g","url":"https:\/\/secure.gravatar.com\/avatar\/e790db86f03a781da86f49749663d3c225e90a6481699e19e0845b59a9a45b2f?s=96&d=mm&r=g","contentUrl":"https:\/\/secure.gravatar.com\/avatar\/e790db86f03a781da86f49749663d3c225e90a6481699e19e0845b59a9a45b2f?s=96&d=mm&r=g","caption":"Giovanni"},"url":"https:\/\/pizzastories.le5stagioni.com\/fr\/author\/giovanni\/"}]}},"_links":{"self":[{"href":"https:\/\/pizzastories.le5stagioni.com\/fr\/wp-json\/wp\/v2\/posts\/5581","targetHints":{"allow":["GET"]}}],"collection":[{"href":"https:\/\/pizzastories.le5stagioni.com\/fr\/wp-json\/wp\/v2\/posts"}],"about":[{"href":"https:\/\/pizzastories.le5stagioni.com\/fr\/wp-json\/wp\/v2\/types\/post"}],"author":[{"embeddable":true,"href":"https:\/\/pizzastories.le5stagioni.com\/fr\/wp-json\/wp\/v2\/users\/3"}],"replies":[{"embeddable":true,"href":"https:\/\/pizzastories.le5stagioni.com\/fr\/wp-json\/wp\/v2\/comments?post=5581"}],"version-history":[{"count":2,"href":"https:\/\/pizzastories.le5stagioni.com\/fr\/wp-json\/wp\/v2\/posts\/5581\/revisions"}],"predecessor-version":[{"id":5969,"href":"https:\/\/pizzastories.le5stagioni.com\/fr\/wp-json\/wp\/v2\/posts\/5581\/revisions\/5969"}],"wp:featuredmedia":[{"embeddable":true,"href":"https:\/\/pizzastories.le5stagioni.com\/fr\/wp-json\/wp\/v2\/media\/5962"}],"wp:attachment":[{"href":"https:\/\/pizzastories.le5stagioni.com\/fr\/wp-json\/wp\/v2\/media?parent=5581"}],"wp:term":[{"taxonomy":"category","embeddable":true,"href":"https:\/\/pizzastories.le5stagioni.com\/fr\/wp-json\/wp\/v2\/categories?post=5581"},{"taxonomy":"post_tag","embeddable":true,"href":"https:\/\/pizzastories.le5stagioni.com\/fr\/wp-json\/wp\/v2\/tags?post=5581"}],"curies":[{"name":"wp","href":"https:\/\/api.w.org\/{rel}","templated":true}]}}