{"id":5604,"date":"2025-06-20T15:49:12","date_gmt":"2025-06-20T13:49:12","guid":{"rendered":"https:\/\/pizzastories.le5stagioni.com\/non-categorise\/annee-mille-en-trois\/"},"modified":"2025-06-23T16:49:16","modified_gmt":"2025-06-23T14:49:16","slug":"annee-mille-en-trois","status":"publish","type":"post","link":"https:\/\/pizzastories.le5stagioni.com\/fr\/nouvelles\/annee-mille-en-trois\/","title":{"rendered":"Ann\u00e9e mille en trois"},"content":{"rendered":"\t\t<div data-elementor-type=\"wp-post\" data-elementor-id=\"5604\" class=\"elementor elementor-5604\" data-elementor-post-type=\"post\">\n\t\t\t\t<div class=\"elementor-element elementor-element-720bbf12 e-flex e-con-boxed e-con e-parent\" data-id=\"720bbf12\" data-element_type=\"container\" data-e-type=\"container\">\n\t\t\t\t\t<div class=\"e-con-inner\">\n\t\t\t\t<div class=\"elementor-element elementor-element-00c4ab6 elementor-widget elementor-widget-text-editor\" data-id=\"00c4ab6\" data-element_type=\"widget\" data-e-type=\"widget\" data-widget_type=\"text-editor.default\">\n\t\t\t\t<div class=\"elementor-widget-container\">\n\t\t\t\t\t\t\t\t\t<p>La recherche, l&rsquo;\u00e9tude et la <span style=\"color: var( --e-global-color-text ); font-family: var( --e-global-typography-text-font-family ), Sans-serif; font-size: var( --e-global-typography-text-font-size ); font-weight: var( --e-global-typography-text-font-weight ); text-align: var(--text-align); background-color: var( --e-global-color-0945e81 );\">s\u00e9lection minutieuse des <\/span><span style=\"color: var( --e-global-color-text ); font-family: var( --e-global-typography-text-font-family ), Sans-serif; font-size: var( --e-global-typography-text-font-size ); font-weight: var( --e-global-typography-text-font-weight ); text-align: var(--text-align); background-color: var( --e-global-color-0945e81 );\">produits aboutissent \u00e0 un <\/span><span style=\"color: var( --e-global-color-text ); font-family: var( --e-global-typography-text-font-family ), Sans-serif; font-size: var( --e-global-typography-text-font-size ); font-weight: var( --e-global-typography-text-font-weight ); text-align: var(--text-align); background-color: var( --e-global-color-0945e81 );\">r\u00e9sultat final qui <\/span><span style=\"color: var( --e-global-color-text ); font-family: var( --e-global-typography-text-font-family ), Sans-serif; font-size: var( --e-global-typography-text-font-size ); font-weight: var( --e-global-typography-text-font-weight ); text-align: var(--text-align); background-color: var( --e-global-color-0945e81 );\">ne d\u00e9\u00e7oit jamais : <\/span><span style=\"color: var( --e-global-color-text ); font-family: var( --e-global-typography-text-font-family ), Sans-serif; font-size: var( --e-global-typography-text-font-size ); font-weight: var( --e-global-typography-text-font-weight ); text-align: var(--text-align); background-color: var( --e-global-color-0945e81 );\">auberge, osteria et pinseria, pour tous les go\u00fbts.<\/span><\/p>\t\t\t\t\t\t\t\t<\/div>\n\t\t\t\t<\/div>\n\t\t\t\t<div class=\"elementor-element elementor-element-6f714c37 elementor-widget elementor-widget-image\" data-id=\"6f714c37\" data-element_type=\"widget\" data-e-type=\"widget\" data-widget_type=\"image.default\">\n\t\t\t\t<div class=\"elementor-widget-container\">\n\t\t\t\t\t\t\t\t\t\t\t\t\t\t\t<img decoding=\"async\" src=\"https:\/\/pizzastories.le5stagioni.com\/wp-content\/plugins\/elementor\/assets\/images\/placeholder.png\" title=\"\" alt=\"\" loading=\"lazy\" \/>\t\t\t\t\t\t\t\t\t\t\t\t\t\t\t<\/div>\n\t\t\t\t<\/div>\n\t\t\t\t\t<\/div>\n\t\t\t\t<\/div>\n\t\t<div class=\"elementor-element elementor-element-65fa10d1 e-con-full e-flex e-con e-parent\" data-id=\"65fa10d1\" data-element_type=\"container\" data-e-type=\"container\">\n\t\t\t\t<div class=\"elementor-element elementor-element-7ebaae3d elementor-widget elementor-widget-text-editor\" data-id=\"7ebaae3d\" data-element_type=\"widget\" data-e-type=\"widget\" data-widget_type=\"text-editor.default\">\n\t\t\t\t<div class=\"elementor-widget-container\">\n\t\t\t\t\t\t\t\t\t<p>Tout a commenc\u00e9 en 1990 \u00e0 Villa Corti, un petit hameau de Venarotta, \u00e0 la p\u00e9riph\u00e9rie d&rsquo;Ascoli Piceno. <b style=\"color: var( --e-global-color-text ); font-family: var( --e-global-typography-text-font-family ), Sans-serif; font-size: var( --e-global-typography-text-font-size ); text-align: var(--text-align); background-color: var( --e-global-color-0945e81 );\">Gabriele Cennerini<\/b><span style=\"color: var( --e-global-color-text ); font-family: var( --e-global-typography-text-font-family ), Sans-serif; font-size: var( --e-global-typography-text-font-size ); font-weight: var( --e-global-typography-text-font-weight ); text-align: var(--text-align); background-color: var( --e-global-color-0945e81 );\">, aubergiste et entrepreneur <\/span><span style=\"color: var( --e-global-color-text ); font-family: var( --e-global-typography-text-font-family ), Sans-serif; font-size: var( --e-global-typography-text-font-size ); font-weight: var( --e-global-typography-text-font-weight ); text-align: var(--text-align); background-color: var( --e-global-color-0945e81 );\">\u00e0 l&rsquo;esprit ouvert, se rend compte que l&rsquo;endroit et l&rsquo;entreprise ont un <\/span><span style=\"color: var( --e-global-color-text ); font-family: var( --e-global-typography-text-font-family ), Sans-serif; font-size: var( --e-global-typography-text-font-size ); font-weight: var( --e-global-typography-text-font-weight ); text-align: var(--text-align); background-color: var( --e-global-color-0945e81 );\">potentiel qui m\u00e9rite d&rsquo;\u00eatre explor\u00e9.<\/span><\/p><p>En 1998, apr\u00e8s avoir suivi des cours professionnels et profit\u00e9 de l&rsquo;occasion pour agrandir les locaux, l&rsquo;osteria devient une pizzeria et commence son ascension. <span style=\"color: var( --e-global-color-text ); font-family: var( --e-global-typography-text-font-family ), Sans-serif; font-size: var( --e-global-typography-text-font-size ); font-weight: var( --e-global-typography-text-font-weight ); text-align: var(--text-align); background-color: var( --e-global-color-0945e81 );\">Au d\u00e9but, raconte Cennerini, Anno Mille <\/span><span style=\"color: var( --e-global-color-text ); font-family: var( --e-global-typography-text-font-family ), Sans-serif; font-size: var( --e-global-typography-text-font-size ); font-weight: var( --e-global-typography-text-font-weight ); text-align: var(--text-align); background-color: var( --e-global-color-0945e81 );\">\u00e9tait un bar de village classique, sans service de restauration, mais apr\u00e8s avoir rencontr\u00e9 5 Stagioni et ses <\/span><span style=\"color: var( --e-global-color-text ); font-family: var( --e-global-typography-text-font-family ), Sans-serif; font-size: var( --e-global-typography-text-font-size ); font-weight: var( --e-global-typography-text-font-weight ); text-align: var(--text-align); background-color: var( --e-global-color-0945e81 );\">experts, j&rsquo;ai compris qu&rsquo;une pizzeria serait <\/span><span style=\"color: var( --e-global-color-text ); font-family: var( --e-global-typography-text-font-family ), Sans-serif; font-size: var( --e-global-typography-text-font-size ); font-weight: var( --e-global-typography-text-font-weight ); text-align: var(--text-align); background-color: var( --e-global-color-0945e81 );\">un bon investissement, et c&rsquo;est ce qui s&rsquo;est pass\u00e9.<\/span><\/p><p><b>La premi\u00e8re \u00e9tape est la pizza napolitaine, dont il apprend les bases gr\u00e2ce aux enseignements des techniciens des 5 Stagioni, tels que Graziano Bertuzzo ; il se passionne peu \u00e0 peu pour le produit  <\/b><span style=\"color: var( --e-global-color-text ); font-family: var( --e-global-typography-text-font-family ), Sans-serif; font-size: var( --e-global-typography-text-font-size ); font-weight: var( --e-global-typography-text-font-weight ); text-align: var(--text-align); background-color: var( --e-global-color-0945e81 );\">et s&rsquo;int\u00e9resse \u00e0 toutes les nuances du processus jusqu&rsquo;\u00e0 l&rsquo;obtention de la certification.  <\/span><span style=\"color: var( --e-global-color-text ); font-family: var( --e-global-typography-text-font-family ), Sans-serif; font-size: var( --e-global-typography-text-font-size ); font-weight: var( --e-global-typography-text-font-weight ); text-align: var(--text-align); background-color: var( --e-global-color-0945e81 );\">interpr\u00e9ter les pizzas selon les m\u00e9thodes et techniques de  <\/span><span style=\"color: var( --e-global-color-text ); font-family: var( --e-global-typography-text-font-family ), Sans-serif; font-size: var( --e-global-typography-text-font-size ); font-weight: var( --e-global-typography-text-font-weight ); text-align: var(--text-align); background-color: var( --e-global-color-0945e81 );\">de diff\u00e9rentes sortes, pour en faire une sorte de pizza gastronomique  <\/span><span style=\"color: var( --e-global-color-text ); font-family: var( --e-global-typography-text-font-family ), Sans-serif; font-size: var( --e-global-typography-text-font-size ); font-weight: var( --e-global-typography-text-font-weight ); text-align: var(--text-align); background-color: var( --e-global-color-0945e81 );\">qui compl\u00e8te aujourd&rsquo;hui le traditionnel par des variations et des recettes personnalis\u00e9es.  <\/span><span style=\"color: var( --e-global-color-text ); font-family: var( --e-global-typography-text-font-family ), Sans-serif; font-size: var( --e-global-typography-text-font-size ); font-weight: var( --e-global-typography-text-font-weight ); text-align: var(--text-align); background-color: var( --e-global-color-0945e81 );\">Nouvelles farines, nouvelles m\u00e9thodes : l&rsquo;exp\u00e9rience de Gabriele Cennerini s&rsquo;accro\u00eet et il se voit offrir des opportunit\u00e9s qui lui permettent d&rsquo;am\u00e9liorer sa qualit\u00e9 de vie.  <\/span><span style=\"color: var( --e-global-color-text ); font-family: var( --e-global-typography-text-font-family ), Sans-serif; font-size: var( --e-global-typography-text-font-size ); font-weight: var( --e-global-typography-text-font-weight ); text-align: var(--text-align); background-color: var( --e-global-color-0945e81 );\">La Commission a saisi l&rsquo;occasion en ouvrant deux autres \u00e9tablissements, cette fois-ci dans le centre d&rsquo;Ascoli Piceno,  <\/span><span style=\"color: var( --e-global-color-text ); font-family: var( --e-global-typography-text-font-family ), Sans-serif; font-size: var( --e-global-typography-text-font-size ); font-weight: var( --e-global-typography-text-font-weight ); text-align: var(--text-align); background-color: var( --e-global-color-0945e81 );\">\u00e0 c\u00f4t\u00e9 du Duomo, dans une position parfaite pour offrir ce qu&rsquo;il a en t\u00eate : une nouvelle pizza l\u00e9g\u00e8re,  <\/span><span style=\"color: var( --e-global-color-text ); font-family: var( --e-global-typography-text-font-family ), Sans-serif; font-size: var( --e-global-typography-text-font-size ); font-weight: var( --e-global-typography-text-font-weight ); text-align: var(--text-align); background-color: var( --e-global-color-0945e81 );\">cr\u00e9ative et \u00e9volu\u00e9e.  <\/span><\/p>\t\t\t\t\t\t\t\t<\/div>\n\t\t\t\t<\/div>\n\t\t\t\t<\/div>\n\t\t<div class=\"elementor-element elementor-element-4bddc420 e-flex e-con-boxed e-con e-parent\" data-id=\"4bddc420\" data-element_type=\"container\" data-e-type=\"container\">\n\t\t\t\t\t<div class=\"e-con-inner\">\n\t\t\t\t<div class=\"elementor-element elementor-element-1e93c0a5 elementor-widget elementor-widget-image\" data-id=\"1e93c0a5\" data-element_type=\"widget\" data-e-type=\"widget\" data-widget_type=\"image.default\">\n\t\t\t\t<div class=\"elementor-widget-container\">\n\t\t\t\t\t\t\t\t\t\t\t\t\t\t\t<img decoding=\"async\" src=\"https:\/\/pizzastories.le5stagioni.com\/wp-content\/plugins\/elementor\/assets\/images\/placeholder.png\" title=\"\" alt=\"\" loading=\"lazy\" \/>\t\t\t\t\t\t\t\t\t\t\t\t\t\t\t<\/div>\n\t\t\t\t<\/div>\n\t\t\t\t\t<\/div>\n\t\t\t\t<\/div>\n\t\t<div class=\"elementor-element elementor-element-da1f1d7 e-flex e-con-boxed e-con e-parent\" data-id=\"da1f1d7\" data-element_type=\"container\" data-e-type=\"container\">\n\t\t\t\t\t<div class=\"e-con-inner\">\n\t\t\t\t<div class=\"elementor-element elementor-element-6e106bc5 elementor-widget elementor-widget-text-editor\" data-id=\"6e106bc5\" data-element_type=\"widget\" data-e-type=\"widget\" data-widget_type=\"text-editor.default\">\n\t\t\t\t<div class=\"elementor-widget-container\">\n\t\t\t\t\t\t\t\t\t<p>Je fais des p\u00e2tes avec diff\u00e9rentes farines, classiques ou moulues sur pierre, j&rsquo;utilise des mati\u00e8res premi\u00e8res locales de la r\u00e9gion des Marches et je me suis concentr\u00e9 sur la qualit\u00e9 des ingr\u00e9dients et de la technique\u00a0\u00bb, explique <b>Gabriele Cennerini<\/b>, \u00ab\u00a0une philosophie de production que je transmets \u00e0 mes jeunes\u00a0\u00bb.&nbsp;<span style=\"color: var( --e-global-color-text ); font-family: var( --e-global-typography-text-font-family ), Sans-serif; font-size: var( --e-global-typography-text-font-size ); font-weight: var( --e-global-typography-text-font-weight ); text-align: var(--text-align); background-color: var( --e-global-color-0945e81 );\">Davide Fazzini qui, \u00e0 seulement 24 ans, est d\u00e9j\u00e0 une figure de proue de l&rsquo;\u00e9conomie europ\u00e9enne.&nbsp;<\/span><span style=\"color: var( --e-global-color-text ); font-family: var( --e-global-typography-text-font-family ), Sans-serif; font-size: var( --e-global-typography-text-font-size ); font-weight: var( --e-global-typography-text-font-weight ); text-align: var(--text-align); background-color: var( --e-global-color-0945e81 );\">pizza\u00efolo passionn\u00e9 et tr\u00e8s dou\u00e9. C&rsquo;est moi qui d\u00e9cide et &nbsp;<\/span><span style=\"color: var( --e-global-color-text ); font-family: var( --e-global-typography-text-font-family ), Sans-serif; font-size: var( --e-global-typography-text-font-size ); font-weight: var( --e-global-typography-text-font-weight ); text-align: var(--text-align); background-color: var( --e-global-color-0945e81 );\">J&rsquo;organise la cha\u00eene de production, je contr\u00f4le et je pr\u00e9pare,&nbsp;<\/span><span style=\"color: var( --e-global-color-text ); font-family: var( --e-global-typography-text-font-family ), Sans-serif; font-size: var( --e-global-typography-text-font-size ); font-weight: var( --e-global-typography-text-font-weight ); text-align: var(--text-align); background-color: var( --e-global-color-0945e81 );\">mais Davide s&rsquo;occupe de la cuisine de la Locanda Anno.&nbsp;<\/span><span style=\"color: var( --e-global-color-text ); font-family: var( --e-global-typography-text-font-family ), Sans-serif; font-size: var( --e-global-typography-text-font-size ); font-weight: var( --e-global-typography-text-font-weight ); text-align: var(--text-align); background-color: var( --e-global-color-0945e81 );\">Un millier avec beaucoup de professionnalisme.&nbsp;<\/span><span style=\"color: var( --e-global-color-text ); font-family: var( --e-global-typography-text-font-family ), Sans-serif; font-size: var( --e-global-typography-text-font-size ); font-weight: var( --e-global-typography-text-font-weight ); text-align: var(--text-align); background-color: var( --e-global-color-0945e81 );\">Aujourd&rsquo;hui, il existe trois pizzerias Anno Mille : l&rsquo;historique Locanda&nbsp;<\/span><span style=\"color: var( --e-global-color-text ); font-family: var( --e-global-typography-text-font-family ), Sans-serif; font-size: var( --e-global-typography-text-font-size ); font-weight: var( --e-global-typography-text-font-weight ); text-align: var(--text-align); background-color: var( --e-global-color-0945e81 );\">de Venarotta, l&rsquo;Osteria et la Pinseria d&rsquo;Ascoli. Parce que dans la &nbsp;<\/span><span style=\"color: var( --e-global-color-text ); font-family: var( --e-global-typography-text-font-family ), Sans-serif; font-size: var( --e-global-typography-text-font-size ); font-weight: var( --e-global-typography-text-font-weight ); text-align: var(--text-align); background-color: var( --e-global-color-0945e81 );\">2020, en pleine pand\u00e9mie, le dernier projet de Cennerini : une pinseria. <\/span><span style=\"color: var( --e-global-color-text ); font-family: var( --e-global-typography-text-font-family ), Sans-serif; font-size: var( --e-global-typography-text-font-size ); font-weight: var( --e-global-typography-text-font-weight ); text-align: var(--text-align); background-color: var( --e-global-color-0945e81 );\">Cennerini : une pinseria, un restaurant \u00e0 emporter dont le <\/span><span style=\"color: var( --e-global-color-text ); font-family: var( --e-global-typography-text-font-family ), Sans-serif; font-size: var( --e-global-typography-text-font-size ); font-weight: var( --e-global-typography-text-font-weight ); text-align: var(--text-align); background-color: var( --e-global-color-0945e81 );\">o\u00f9 le produit principal est la pinsa, l\u00e9g\u00e8re, hydrat\u00e9e, avec de la farine de riz. <\/span><span style=\"color: var( --e-global-color-text ); font-family: var( --e-global-typography-text-font-family ), Sans-serif; font-size: var( --e-global-typography-text-font-size ); font-weight: var( --e-global-typography-text-font-weight ); text-align: var(--text-align); background-color: var( --e-global-color-0945e81 );\">e <\/span><span style=\"color: var( --e-global-color-text ); font-family: var( --e-global-typography-text-font-family ), Sans-serif; font-size: var( --e-global-typography-text-font-size ); font-weight: var( --e-global-typography-text-font-weight ); text-align: var(--text-align); background-color: var( --e-global-color-0945e81 );\">peu de gluten, un d\u00e9lice que les habitants d&rsquo;Ascoli ont accueilli avec beaucoup d&rsquo;enthousiasme. <\/span><span style=\"color: var( --e-global-color-text ); font-family: var( --e-global-typography-text-font-family ), Sans-serif; font-size: var( --e-global-typography-text-font-size ); font-weight: var( --e-global-typography-text-font-weight ); text-align: var(--text-align); background-color: var( --e-global-color-0945e81 );\">avec beaucoup d&rsquo;enthousiasme.<\/span><\/p><p><span style=\"color: var( --e-global-color-text ); font-family: var( --e-global-typography-text-font-family ), Sans-serif; font-size: var( --e-global-typography-text-font-size ); font-weight: var( --e-global-typography-text-font-weight ); text-align: var(--text-align); background-color: var( --e-global-color-0945e81 );\">&nbsp;<\/span><span style=\"color: var( --e-global-color-text ); font-family: var( --e-global-typography-text-font-family ), Sans-serif; font-size: var( --e-global-typography-text-font-size ); font-weight: var( --e-global-typography-text-font-weight ); text-align: var(--text-align); background-color: var( --e-global-color-0945e81 );\">Le secret de la pinsa et de la pizza de l&rsquo;an mille, ce sont&nbsp;<\/span><span style=\"color: var( --e-global-color-text ); font-family: var( --e-global-typography-text-font-family ), Sans-serif; font-size: var( --e-global-typography-text-font-size ); font-weight: var( --e-global-typography-text-font-weight ); text-align: var(--text-align); background-color: var( --e-global-color-0945e81 );\">haute hydratation et double cuisson : le produit est&nbsp;<\/span><span style=\"color: var( --e-global-color-text ); font-family: var( --e-global-typography-text-font-family ), Sans-serif; font-size: var( --e-global-typography-text-font-size ); font-weight: var( --e-global-typography-text-font-weight ); text-align: var(--text-align); background-color: var( --e-global-color-0945e81 );\">cuit&nbsp;<\/span><span style=\"color: var( --e-global-color-text ); font-family: var( --e-global-typography-text-font-family ), Sans-serif; font-size: var( --e-global-typography-text-font-size ); font-weight: var( --e-global-typography-text-font-weight ); text-align: var(--text-align); background-color: var( --e-global-color-0945e81 );\">quelques minutes, puis sortir du four pour expulser la vapeur d&rsquo;eau et&nbsp;<\/span><span style=\"color: var( --e-global-color-text ); font-family: var( --e-global-typography-text-font-family ), Sans-serif; font-size: var( --e-global-typography-text-font-size ); font-weight: var( --e-global-typography-text-font-weight ); text-align: var(--text-align); background-color: var( --e-global-color-0945e81 );\">remis en cuisson afin de compl\u00e9ter le processus de cuisson&nbsp;<\/span><span style=\"color: var( --e-global-color-text ); font-family: var( --e-global-typography-text-font-family ), Sans-serif; font-size: var( --e-global-typography-text-font-size ); font-weight: var( --e-global-typography-text-font-weight ); text-align: var(--text-align); background-color: var( --e-global-color-0945e81 );\">perdre de l&rsquo;humidit\u00e9. Le r\u00e9sultat est un produit doux \u00e0 l&rsquo;int\u00e9rieur et croustillant &nbsp;<\/span><span style=\"color: var( --e-global-color-text ); font-family: var( --e-global-typography-text-font-family ), Sans-serif; font-size: var( --e-global-typography-text-font-size ); font-weight: var( --e-global-typography-text-font-weight ); text-align: var(--text-align); background-color: var( --e-global-color-0945e81 );\">Le projet de loi a \u00e9t\u00e9 adopt\u00e9 par l&rsquo;Assembl\u00e9e g\u00e9n\u00e9rale des Nations unies, le Conseil de l&rsquo;Europe et la Commission europ\u00e9enne.&nbsp;<\/span><span style=\"color: var( --e-global-color-text ); font-family: var( --e-global-typography-text-font-family ), Sans-serif; font-size: var( --e-global-typography-text-font-size ); font-weight: var( --e-global-typography-text-font-weight ); text-align: var(--text-align); background-color: var( --e-global-color-0945e81 );\">\u00ab\u00a0En plein lockdown, sans m\u00eame pouvoir l&rsquo;inaugurer&nbsp;<\/span><span style=\"color: var( --e-global-color-text ); font-family: var( --e-global-typography-text-font-family ), Sans-serif; font-size: var( --e-global-typography-text-font-size ); font-weight: var( --e-global-typography-text-font-weight ); text-align: var(--text-align); background-color: var( --e-global-color-0945e81 );\">&#8211; raconte Cennerini &#8211; les pinsery ont \u00e9t\u00e9 le soutien de&nbsp;<\/span><span style=\"color: var( --e-global-color-text ); font-family: var( --e-global-typography-text-font-family ), Sans-serif; font-size: var( --e-global-typography-text-font-size ); font-weight: var( --e-global-typography-text-font-weight ); text-align: var(--text-align); background-color: var( --e-global-color-0945e81 );\">de l&rsquo;ensemble de l&rsquo;activit\u00e9, car avec les plats \u00e0 emporter et les livraisons, cela nous a donn\u00e9 la possibilit\u00e9 de faire des \u00e9conomies.&nbsp;<\/span><span style=\"color: var( --e-global-color-text ); font-family: var( --e-global-typography-text-font-family ), Sans-serif; font-size: var( --e-global-typography-text-font-size ); font-weight: var( --e-global-typography-text-font-weight ); text-align: var(--text-align); background-color: var( --e-global-color-0945e81 );\">la possibilit\u00e9 de continuer \u00e0 travailler avec les deux autres&nbsp;<\/span><span style=\"color: var( --e-global-color-text ); font-family: var( --e-global-typography-text-font-family ), Sans-serif; font-size: var( --e-global-typography-text-font-size ); font-weight: var( --e-global-typography-text-font-weight ); text-align: var(--text-align); background-color: var( --e-global-color-0945e81 );\">locaux ferm\u00e9s. Aujourd&rsquo;hui que nous avons rouvert, nous pouvons &nbsp;<\/span><span style=\"color: var( --e-global-color-text ); font-family: var( --e-global-typography-text-font-family ), Sans-serif; font-size: var( --e-global-typography-text-font-size ); font-weight: var( --e-global-typography-text-font-weight ); text-align: var(--text-align); background-color: var( --e-global-color-0945e81 );\">dire que l&rsquo;ann\u00e9e mille est un succ\u00e8s, et nous en sommes fiers.&nbsp;<\/span><span style=\"color: var( --e-global-color-text ); font-family: var( --e-global-typography-text-font-family ), Sans-serif; font-size: var( --e-global-typography-text-font-size ); font-weight: var( --e-global-typography-text-font-weight ); text-align: var(--text-align); background-color: var( --e-global-color-0945e81 );\">L&rsquo;id\u00e9e de&nbsp;<\/span><span style=\"color: var( --e-global-color-text ); font-family: var( --e-global-typography-text-font-family ), Sans-serif; font-size: var( --e-global-typography-text-font-size ); font-weight: var( --e-global-typography-text-font-weight ); text-align: var(--text-align); background-color: var( --e-global-color-0945e81 );\">L&rsquo;activit\u00e9 de diff\u00e9renciation est utile, en particulier dans les&nbsp;<\/span><span style=\"color: var( --e-global-color-text ); font-family: var( --e-global-typography-text-font-family ), Sans-serif; font-size: var( --e-global-typography-text-font-size ); font-weight: var( --e-global-typography-text-font-weight ); text-align: var(--text-align); background-color: var( --e-global-color-0945e81 );\">les moments de criticit\u00e9 : il permet d&rsquo;intercepter diff\u00e9rentes&nbsp;<\/span><span style=\"color: var( --e-global-color-text ); font-family: var( --e-global-typography-text-font-family ), Sans-serif; font-size: var( --e-global-typography-text-font-size ); font-weight: var( --e-global-typography-text-font-weight ); text-align: var(--text-align); background-color: var( --e-global-color-0945e81 );\">de clients et r\u00e9pondre \u00e0 des besoins diff\u00e9rents\u00a0\u00bb.&nbsp;<\/span><\/p><p><span style=\"color: var( --e-global-color-text ); font-family: var( --e-global-typography-text-font-family ), Sans-serif; font-size: var( --e-global-typography-text-font-size ); font-weight: var( --e-global-typography-text-font-weight ); text-align: var(--text-align); background-color: var( --e-global-color-0945e81 );\">Les gens sortent \u00e0 nouveau, ils en ont envie, et l&rsquo;\u00e9t\u00e9 sera \u00e0 propos&nbsp;<\/span><span style=\"color: var( --e-global-color-text ); font-family: var( --e-global-typography-text-font-family ), Sans-serif; font-size: var( --e-global-typography-text-font-size ); font-weight: var( --e-global-typography-text-font-weight ); text-align: var(--text-align); background-color: var( --e-global-color-0945e81 );\">un bon \u00e9t\u00e9, c&rsquo;est certain, Gabriele Cennerini en est convaincu :&nbsp;<\/span><span style=\"color: var( --e-global-color-text ); font-family: var( --e-global-typography-text-font-family ), Sans-serif; font-size: var( --e-global-typography-text-font-size ); font-weight: var( --e-global-typography-text-font-weight ); text-align: var(--text-align); background-color: var( --e-global-color-0945e81 );\">\u00ab\u00a0J&rsquo;ai observ\u00e9 un aspect int\u00e9ressant chez les personnes&nbsp;<\/span><span style=\"color: var( --e-global-color-text ); font-family: var( --e-global-typography-text-font-family ), Sans-serif; font-size: var( --e-global-typography-text-font-size ); font-weight: var( --e-global-typography-text-font-weight ); text-align: var(--text-align); background-color: var( --e-global-color-0945e81 );\">L&rsquo;accent est mis sur la qualit\u00e9.&nbsp;<\/span><span style=\"color: var( --e-global-color-text ); font-family: var( --e-global-typography-text-font-family ), Sans-serif; font-size: var( --e-global-typography-text-font-size ); font-weight: var( --e-global-typography-text-font-weight ); text-align: var(--text-align); background-color: var( --e-global-color-0945e81 );\">Ils sont tous beaucoup plus conscients de ce qu&rsquo;ils mangent&nbsp;<\/span><span style=\"color: var( --e-global-color-text ); font-family: var( --e-global-typography-text-font-family ), Sans-serif; font-size: var( --e-global-typography-text-font-size ); font-weight: var( --e-global-typography-text-font-weight ); text-align: var(--text-align); background-color: var( --e-global-color-0945e81 );\">et ils se soucient de la qualit\u00e9 plut\u00f4t que de la quantit\u00e9. Il me semble que &nbsp;<\/span><span style=\"color: var( --e-global-color-text ); font-family: var( --e-global-typography-text-font-family ), Sans-serif; font-size: var( --e-global-typography-text-font-size ); font-weight: var( --e-global-typography-text-font-weight ); text-align: var(--text-align); background-color: var( --e-global-color-0945e81 );\">un \u00e9l\u00e9ment positif ; cela signifie qu&rsquo;ils savent reconna\u00eetre les&nbsp;<\/span><span style=\"color: var( --e-global-color-text ); font-family: var( --e-global-typography-text-font-family ), Sans-serif; font-size: var( --e-global-typography-text-font-size ); font-weight: var( --e-global-typography-text-font-weight ); text-align: var(--text-align); background-color: var( --e-global-color-0945e81 );\">valeur du produit que nous leur offrons\u00a0\u00bb.&nbsp;<\/span><\/p><p><span style=\"color: var( --e-global-color-text ); font-family: var( --e-global-typography-text-font-family ), Sans-serif; font-size: var( --e-global-typography-text-font-size ); font-weight: var( --e-global-typography-text-font-weight ); text-align: var(--text-align); background-color: var( --e-global-color-0945e81 );\">En tant que<\/span><span style=\"color: var( --e-global-color-text ); font-family: var( --e-global-typography-text-font-family ), Sans-serif; font-size: var( --e-global-typography-text-font-size ); font-weight: var( --e-global-typography-text-font-weight ); text-align: var(--text-align); background-color: var( --e-global-color-0945e81 );\">coli Piceno, une ville historique qui conserve des tours et des clochers nobles. <\/span><span style=\"color: var( --e-global-color-text ); font-family: var( --e-global-typography-text-font-family ), Sans-serif; font-size: var( --e-global-typography-text-font-size ); font-weight: var( --e-global-typography-text-font-weight ); text-align: var(--text-align); background-color: var( --e-global-color-0945e81 );\">et des clochers &#8211; ce qui lui vaut le nom de \u00ab ville aux cent <\/span><span style=\"color: var( --e-global-color-text ); font-family: var( --e-global-typography-text-font-family ), Sans-serif; font-size: var( --e-global-typography-text-font-size ); font-weight: var( --e-global-typography-text-font-weight ); text-align: var(--text-align); background-color: var( --e-global-color-0945e81 );\">des cent tours \u00bb &#8211; une beaut\u00e9 discr\u00e8te, \u00e9galement connue de tous <\/span><span style=\"color: var( --e-global-color-text ); font-family: var( --e-global-typography-text-font-family ), Sans-serif; font-size: var( --e-global-typography-text-font-size ); font-weight: var( --e-global-typography-text-font-weight ); text-align: var(--text-align); background-color: var( --e-global-color-0945e81 );\">pour <\/span><span style=\"color: var( --e-global-color-text ); font-family: var( --e-global-typography-text-font-family ), Sans-serif; font-size: var( --e-global-typography-text-font-size ); font-weight: var( --e-global-typography-text-font-weight ); text-align: var(--text-align); background-color: var( --e-global-color-0945e81 );\">pour ses c\u00e9l\u00e8bres olives, m\u00e9rite l&rsquo;attention du public et des <\/span><span style=\"color: var( --e-global-color-text ); font-family: var( --e-global-typography-text-font-family ), Sans-serif; font-size: var( --e-global-typography-text-font-size ); font-weight: var( --e-global-typography-text-font-weight ); text-align: var(--text-align); background-color: var( --e-global-color-0945e81 );\">du public et des touristes qui, en cet \u00e9t\u00e9 tranquille de 2021, pourront <\/span><span style=\"color: var( --e-global-color-text ); font-family: var( --e-global-typography-text-font-family ), Sans-serif; font-size: var( --e-global-typography-text-font-size ); font-weight: var( --e-global-typography-text-font-weight ); text-align: var(--text-align); background-color: var( --e-global-color-0945e81 );\">red\u00e9couvrir ses qualit\u00e9s, tant gastronomiques qu&rsquo;artistiques. R\u00e9cemment, le &nbsp;<\/span><span style=\"color: var( --e-global-color-text ); font-family: var( --e-global-typography-text-font-family ), Sans-serif; font-size: var( --e-global-typography-text-font-size ); font-weight: var( --e-global-typography-text-font-weight ); text-align: var(--text-align); background-color: var( --e-global-color-0945e81 );\">La ville a d&rsquo;ailleurs \u00e9t\u00e9 nomin\u00e9e pour la prestigieuse \u00e9dition de l&rsquo;Ann\u00e9e europ\u00e9enne de l&rsquo;environnement et du d\u00e9veloppement durable.&nbsp;<\/span><span style=\"color: var( --e-global-color-text ); font-family: var( --e-global-typography-text-font-family ), Sans-serif; font-size: var( --e-global-typography-text-font-size ); font-weight: var( --e-global-typography-text-font-weight ); text-align: var(--text-align); background-color: var( --e-global-color-0945e81 );\">le prix \u00ab Capitale italienne du tourisme et de la culture \u00bb.&nbsp;<\/span><span style=\"color: var( --e-global-color-text ); font-family: var( --e-global-typography-text-font-family ), Sans-serif; font-size: var( --e-global-typography-text-font-size ); font-weight: var( --e-global-typography-text-font-weight ); text-align: var(--text-align); background-color: var( --e-global-color-0945e81 );\">Gabriele Cennerini a d\u00e9clar\u00e9 : \u00ab\u00a0Nous en sommes fiers et nous&nbsp;<\/span><span style=\"color: var( --e-global-color-text ); font-family: var( --e-global-typography-text-font-family ), Sans-serif; font-size: var( --e-global-typography-text-font-size ); font-weight: var( --e-global-typography-text-font-weight ); text-align: var(--text-align); background-color: var( --e-global-color-0945e81 );\">nous esp\u00e9rons \u00eatre choisis ; ce serait une grande motivation&nbsp;<\/span><span style=\"color: var( --e-global-color-text ); font-family: var( --e-global-typography-text-font-family ), Sans-serif; font-size: var( --e-global-typography-text-font-size ); font-weight: var( --e-global-typography-text-font-weight ); text-align: var(--text-align); background-color: var( --e-global-color-0945e81 );\">tourisme et l&rsquo;\u00e9conomie de la ville. Pendant ce temps, nous, \u00e0 l&rsquo;Ann\u00e9e &nbsp;<\/span><span style=\"color: var( --e-global-color-text ); font-family: var( --e-global-typography-text-font-family ), Sans-serif; font-size: var( --e-global-typography-text-font-size ); font-weight: var( --e-global-typography-text-font-weight ); text-align: var(--text-align); background-color: var( --e-global-color-0945e81 );\">Mille, faisons notre part, nous verrons bien\u00a0\u00bb.<\/span><\/p>\t\t\t\t\t\t\t\t<\/div>\n\t\t\t\t<\/div>\n\t\t\t\t\t<\/div>\n\t\t\t\t<\/div>\n\t\t<div class=\"elementor-element elementor-element-4c5a008b e-flex e-con-boxed e-con e-parent\" data-id=\"4c5a008b\" data-element_type=\"container\" data-e-type=\"container\">\n\t\t\t\t\t<div class=\"e-con-inner\">\n\t\t\t\t\t<\/div>\n\t\t\t\t<\/div>\n\t\t<div class=\"elementor-element elementor-element-681b3a58 e-flex e-con-boxed e-con e-parent\" data-id=\"681b3a58\" data-element_type=\"container\" data-e-type=\"container\">\n\t\t\t\t\t<div class=\"e-con-inner\">\n\t\t\t\t\t<\/div>\n\t\t\t\t<\/div>\n\t\t\t\t<\/div>\n\t\t","protected":false},"excerpt":{"rendered":"<p>La recherche, l&rsquo;\u00e9tude et la s\u00e9lection minutieuse des produits aboutissent \u00e0 un r\u00e9sultat final qui ne d\u00e9\u00e7oit jamais : auberge, osteria et pinseria, pour tous les go\u00fbts. Tout a commenc\u00e9 en 1990 \u00e0 Villa Corti, un petit hameau de Venarotta, \u00e0 la p\u00e9riph\u00e9rie d&rsquo;Ascoli Piceno. Gabriele Cennerini, aubergiste et entrepreneur \u00e0 l&rsquo;esprit ouvert, se rend [&hellip;]<\/p>\n","protected":false},"author":3,"featured_media":0,"comment_status":"closed","ping_status":"closed","sticky":false,"template":"","format":"standard","meta":{"_acf_changed":false,"footnotes":""},"categories":[172],"tags":[],"class_list":["post-5604","post","type-post","status-publish","format-standard","hentry","category-nouvelles"],"acf":[],"yoast_head":"<!-- This site is optimized with the Yoast SEO plugin v27.5 - https:\/\/yoast.com\/product\/yoast-seo-wordpress\/ -->\n<title>Ann\u00e9e mille en trois - Pizza Stories<\/title>\n<meta name=\"robots\" content=\"index, follow, max-snippet:-1, max-image-preview:large, max-video-preview:-1\" \/>\n<link rel=\"canonical\" href=\"https:\/\/pizzastories.le5stagioni.com\/fr\/nouvelles\/annee-mille-en-trois\/\" \/>\n<meta property=\"og:locale\" content=\"fr_FR\" \/>\n<meta property=\"og:type\" content=\"article\" \/>\n<meta property=\"og:title\" content=\"Ann\u00e9e mille en trois - Pizza Stories\" \/>\n<meta property=\"og:description\" content=\"La recherche, l&rsquo;\u00e9tude et la s\u00e9lection minutieuse des produits aboutissent \u00e0 un r\u00e9sultat final qui ne d\u00e9\u00e7oit jamais : auberge, osteria et pinseria, pour tous les go\u00fbts. Tout a commenc\u00e9 en 1990 \u00e0 Villa Corti, un petit hameau de Venarotta, \u00e0 la p\u00e9riph\u00e9rie d&rsquo;Ascoli Piceno. Gabriele Cennerini, aubergiste et entrepreneur \u00e0 l&rsquo;esprit ouvert, se rend [&hellip;]\" \/>\n<meta property=\"og:url\" content=\"https:\/\/pizzastories.le5stagioni.com\/fr\/nouvelles\/annee-mille-en-trois\/\" \/>\n<meta property=\"og:site_name\" content=\"Pizza Stories\" \/>\n<meta property=\"article:published_time\" content=\"2025-06-20T13:49:12+00:00\" \/>\n<meta property=\"article:modified_time\" content=\"2025-06-23T14:49:16+00:00\" \/>\n<meta property=\"og:image\" content=\"https:\/\/pizzastories.le5stagioni.com\/wp-content\/plugins\/elementor\/assets\/images\/placeholder.png\" \/>\n<meta name=\"author\" content=\"Giovanni\" \/>\n<meta name=\"twitter:card\" content=\"summary_large_image\" \/>\n<meta name=\"twitter:label1\" content=\"\u00c9crit par\" \/>\n\t<meta name=\"twitter:data1\" content=\"Giovanni\" \/>\n\t<meta name=\"twitter:label2\" content=\"Dur\u00e9e de lecture estim\u00e9e\" \/>\n\t<meta name=\"twitter:data2\" content=\"5 minutes\" \/>\n<script type=\"application\/ld+json\" class=\"yoast-schema-graph\">{\"@context\":\"https:\\\/\\\/schema.org\",\"@graph\":[{\"@type\":\"Article\",\"@id\":\"https:\\\/\\\/pizzastories.le5stagioni.com\\\/fr\\\/nouvelles\\\/annee-mille-en-trois\\\/#article\",\"isPartOf\":{\"@id\":\"https:\\\/\\\/pizzastories.le5stagioni.com\\\/fr\\\/nouvelles\\\/annee-mille-en-trois\\\/\"},\"author\":{\"name\":\"Giovanni\",\"@id\":\"https:\\\/\\\/pizzastories.le5stagioni.com\\\/fr\\\/#\\\/schema\\\/person\\\/0d424ca2391dc26a6473ca01cc351137\"},\"headline\":\"Ann\u00e9e mille en trois\",\"datePublished\":\"2025-06-20T13:49:12+00:00\",\"dateModified\":\"2025-06-23T14:49:16+00:00\",\"mainEntityOfPage\":{\"@id\":\"https:\\\/\\\/pizzastories.le5stagioni.com\\\/fr\\\/nouvelles\\\/annee-mille-en-trois\\\/\"},\"wordCount\":1004,\"publisher\":{\"@id\":\"https:\\\/\\\/pizzastories.le5stagioni.com\\\/fr\\\/#organization\"},\"image\":{\"@id\":\"https:\\\/\\\/pizzastories.le5stagioni.com\\\/fr\\\/nouvelles\\\/annee-mille-en-trois\\\/#primaryimage\"},\"thumbnailUrl\":\"https:\\\/\\\/pizzastories.le5stagioni.com\\\/wp-content\\\/plugins\\\/elementor\\\/assets\\\/images\\\/placeholder.png\",\"articleSection\":[\"nouvelles\"],\"inLanguage\":\"fr-FR\"},{\"@type\":\"WebPage\",\"@id\":\"https:\\\/\\\/pizzastories.le5stagioni.com\\\/fr\\\/nouvelles\\\/annee-mille-en-trois\\\/\",\"url\":\"https:\\\/\\\/pizzastories.le5stagioni.com\\\/fr\\\/nouvelles\\\/annee-mille-en-trois\\\/\",\"name\":\"Ann\u00e9e mille en trois - Pizza Stories\",\"isPartOf\":{\"@id\":\"https:\\\/\\\/pizzastories.le5stagioni.com\\\/fr\\\/#website\"},\"primaryImageOfPage\":{\"@id\":\"https:\\\/\\\/pizzastories.le5stagioni.com\\\/fr\\\/nouvelles\\\/annee-mille-en-trois\\\/#primaryimage\"},\"image\":{\"@id\":\"https:\\\/\\\/pizzastories.le5stagioni.com\\\/fr\\\/nouvelles\\\/annee-mille-en-trois\\\/#primaryimage\"},\"thumbnailUrl\":\"https:\\\/\\\/pizzastories.le5stagioni.com\\\/wp-content\\\/plugins\\\/elementor\\\/assets\\\/images\\\/placeholder.png\",\"datePublished\":\"2025-06-20T13:49:12+00:00\",\"dateModified\":\"2025-06-23T14:49:16+00:00\",\"breadcrumb\":{\"@id\":\"https:\\\/\\\/pizzastories.le5stagioni.com\\\/fr\\\/nouvelles\\\/annee-mille-en-trois\\\/#breadcrumb\"},\"inLanguage\":\"fr-FR\",\"potentialAction\":[{\"@type\":\"ReadAction\",\"target\":[\"https:\\\/\\\/pizzastories.le5stagioni.com\\\/fr\\\/nouvelles\\\/annee-mille-en-trois\\\/\"]}]},{\"@type\":\"ImageObject\",\"inLanguage\":\"fr-FR\",\"@id\":\"https:\\\/\\\/pizzastories.le5stagioni.com\\\/fr\\\/nouvelles\\\/annee-mille-en-trois\\\/#primaryimage\",\"url\":\"https:\\\/\\\/pizzastories.le5stagioni.com\\\/wp-content\\\/plugins\\\/elementor\\\/assets\\\/images\\\/placeholder.png\",\"contentUrl\":\"https:\\\/\\\/pizzastories.le5stagioni.com\\\/wp-content\\\/plugins\\\/elementor\\\/assets\\\/images\\\/placeholder.png\"},{\"@type\":\"BreadcrumbList\",\"@id\":\"https:\\\/\\\/pizzastories.le5stagioni.com\\\/fr\\\/nouvelles\\\/annee-mille-en-trois\\\/#breadcrumb\",\"itemListElement\":[{\"@type\":\"ListItem\",\"position\":1,\"name\":\"Home\",\"item\":\"https:\\\/\\\/pizzastories.le5stagioni.com\\\/fr\\\/\"},{\"@type\":\"ListItem\",\"position\":2,\"name\":\"Ann\u00e9e mille en trois\"}]},{\"@type\":\"WebSite\",\"@id\":\"https:\\\/\\\/pizzastories.le5stagioni.com\\\/fr\\\/#website\",\"url\":\"https:\\\/\\\/pizzastories.le5stagioni.com\\\/fr\\\/\",\"name\":\"Pizza Stories\",\"description\":\"La community degli amanti della pizza\",\"publisher\":{\"@id\":\"https:\\\/\\\/pizzastories.le5stagioni.com\\\/fr\\\/#organization\"},\"potentialAction\":[{\"@type\":\"SearchAction\",\"target\":{\"@type\":\"EntryPoint\",\"urlTemplate\":\"https:\\\/\\\/pizzastories.le5stagioni.com\\\/fr\\\/?s={search_term_string}\"},\"query-input\":{\"@type\":\"PropertyValueSpecification\",\"valueRequired\":true,\"valueName\":\"search_term_string\"}}],\"inLanguage\":\"fr-FR\"},{\"@type\":\"Organization\",\"@id\":\"https:\\\/\\\/pizzastories.le5stagioni.com\\\/fr\\\/#organization\",\"name\":\"Pizza Stories\",\"url\":\"https:\\\/\\\/pizzastories.le5stagioni.com\\\/fr\\\/\",\"logo\":{\"@type\":\"ImageObject\",\"inLanguage\":\"fr-FR\",\"@id\":\"https:\\\/\\\/pizzastories.le5stagioni.com\\\/fr\\\/#\\\/schema\\\/logo\\\/image\\\/\",\"url\":\"https:\\\/\\\/pizzastories.le5stagioni.com\\\/wp-content\\\/uploads\\\/2025\\\/05\\\/cropped-pizza-stories-logo.png\",\"contentUrl\":\"https:\\\/\\\/pizzastories.le5stagioni.com\\\/wp-content\\\/uploads\\\/2025\\\/05\\\/cropped-pizza-stories-logo.png\",\"width\":512,\"height\":512,\"caption\":\"Pizza Stories\"},\"image\":{\"@id\":\"https:\\\/\\\/pizzastories.le5stagioni.com\\\/fr\\\/#\\\/schema\\\/logo\\\/image\\\/\"}},{\"@type\":\"Person\",\"@id\":\"https:\\\/\\\/pizzastories.le5stagioni.com\\\/fr\\\/#\\\/schema\\\/person\\\/0d424ca2391dc26a6473ca01cc351137\",\"name\":\"Giovanni\",\"image\":{\"@type\":\"ImageObject\",\"inLanguage\":\"fr-FR\",\"@id\":\"https:\\\/\\\/secure.gravatar.com\\\/avatar\\\/e790db86f03a781da86f49749663d3c225e90a6481699e19e0845b59a9a45b2f?s=96&d=mm&r=g\",\"url\":\"https:\\\/\\\/secure.gravatar.com\\\/avatar\\\/e790db86f03a781da86f49749663d3c225e90a6481699e19e0845b59a9a45b2f?s=96&d=mm&r=g\",\"contentUrl\":\"https:\\\/\\\/secure.gravatar.com\\\/avatar\\\/e790db86f03a781da86f49749663d3c225e90a6481699e19e0845b59a9a45b2f?s=96&d=mm&r=g\",\"caption\":\"Giovanni\"},\"url\":\"https:\\\/\\\/pizzastories.le5stagioni.com\\\/fr\\\/author\\\/giovanni\\\/\"}]}<\/script>\n<!-- \/ Yoast SEO plugin. -->","yoast_head_json":{"title":"Ann\u00e9e mille en trois - Pizza Stories","robots":{"index":"index","follow":"follow","max-snippet":"max-snippet:-1","max-image-preview":"max-image-preview:large","max-video-preview":"max-video-preview:-1"},"canonical":"https:\/\/pizzastories.le5stagioni.com\/fr\/nouvelles\/annee-mille-en-trois\/","og_locale":"fr_FR","og_type":"article","og_title":"Ann\u00e9e mille en trois - Pizza Stories","og_description":"La recherche, l&rsquo;\u00e9tude et la s\u00e9lection minutieuse des produits aboutissent \u00e0 un r\u00e9sultat final qui ne d\u00e9\u00e7oit jamais : auberge, osteria et pinseria, pour tous les go\u00fbts. Tout a commenc\u00e9 en 1990 \u00e0 Villa Corti, un petit hameau de Venarotta, \u00e0 la p\u00e9riph\u00e9rie d&rsquo;Ascoli Piceno. Gabriele Cennerini, aubergiste et entrepreneur \u00e0 l&rsquo;esprit ouvert, se rend [&hellip;]","og_url":"https:\/\/pizzastories.le5stagioni.com\/fr\/nouvelles\/annee-mille-en-trois\/","og_site_name":"Pizza Stories","article_published_time":"2025-06-20T13:49:12+00:00","article_modified_time":"2025-06-23T14:49:16+00:00","og_image":[{"url":"https:\/\/pizzastories.le5stagioni.com\/wp-content\/plugins\/elementor\/assets\/images\/placeholder.png","type":"","width":"","height":""}],"author":"Giovanni","twitter_card":"summary_large_image","twitter_misc":{"\u00c9crit par":"Giovanni","Dur\u00e9e de lecture estim\u00e9e":"5 minutes"},"schema":{"@context":"https:\/\/schema.org","@graph":[{"@type":"Article","@id":"https:\/\/pizzastories.le5stagioni.com\/fr\/nouvelles\/annee-mille-en-trois\/#article","isPartOf":{"@id":"https:\/\/pizzastories.le5stagioni.com\/fr\/nouvelles\/annee-mille-en-trois\/"},"author":{"name":"Giovanni","@id":"https:\/\/pizzastories.le5stagioni.com\/fr\/#\/schema\/person\/0d424ca2391dc26a6473ca01cc351137"},"headline":"Ann\u00e9e mille en trois","datePublished":"2025-06-20T13:49:12+00:00","dateModified":"2025-06-23T14:49:16+00:00","mainEntityOfPage":{"@id":"https:\/\/pizzastories.le5stagioni.com\/fr\/nouvelles\/annee-mille-en-trois\/"},"wordCount":1004,"publisher":{"@id":"https:\/\/pizzastories.le5stagioni.com\/fr\/#organization"},"image":{"@id":"https:\/\/pizzastories.le5stagioni.com\/fr\/nouvelles\/annee-mille-en-trois\/#primaryimage"},"thumbnailUrl":"https:\/\/pizzastories.le5stagioni.com\/wp-content\/plugins\/elementor\/assets\/images\/placeholder.png","articleSection":["nouvelles"],"inLanguage":"fr-FR"},{"@type":"WebPage","@id":"https:\/\/pizzastories.le5stagioni.com\/fr\/nouvelles\/annee-mille-en-trois\/","url":"https:\/\/pizzastories.le5stagioni.com\/fr\/nouvelles\/annee-mille-en-trois\/","name":"Ann\u00e9e mille en trois - Pizza Stories","isPartOf":{"@id":"https:\/\/pizzastories.le5stagioni.com\/fr\/#website"},"primaryImageOfPage":{"@id":"https:\/\/pizzastories.le5stagioni.com\/fr\/nouvelles\/annee-mille-en-trois\/#primaryimage"},"image":{"@id":"https:\/\/pizzastories.le5stagioni.com\/fr\/nouvelles\/annee-mille-en-trois\/#primaryimage"},"thumbnailUrl":"https:\/\/pizzastories.le5stagioni.com\/wp-content\/plugins\/elementor\/assets\/images\/placeholder.png","datePublished":"2025-06-20T13:49:12+00:00","dateModified":"2025-06-23T14:49:16+00:00","breadcrumb":{"@id":"https:\/\/pizzastories.le5stagioni.com\/fr\/nouvelles\/annee-mille-en-trois\/#breadcrumb"},"inLanguage":"fr-FR","potentialAction":[{"@type":"ReadAction","target":["https:\/\/pizzastories.le5stagioni.com\/fr\/nouvelles\/annee-mille-en-trois\/"]}]},{"@type":"ImageObject","inLanguage":"fr-FR","@id":"https:\/\/pizzastories.le5stagioni.com\/fr\/nouvelles\/annee-mille-en-trois\/#primaryimage","url":"https:\/\/pizzastories.le5stagioni.com\/wp-content\/plugins\/elementor\/assets\/images\/placeholder.png","contentUrl":"https:\/\/pizzastories.le5stagioni.com\/wp-content\/plugins\/elementor\/assets\/images\/placeholder.png"},{"@type":"BreadcrumbList","@id":"https:\/\/pizzastories.le5stagioni.com\/fr\/nouvelles\/annee-mille-en-trois\/#breadcrumb","itemListElement":[{"@type":"ListItem","position":1,"name":"Home","item":"https:\/\/pizzastories.le5stagioni.com\/fr\/"},{"@type":"ListItem","position":2,"name":"Ann\u00e9e mille en trois"}]},{"@type":"WebSite","@id":"https:\/\/pizzastories.le5stagioni.com\/fr\/#website","url":"https:\/\/pizzastories.le5stagioni.com\/fr\/","name":"Pizza Stories","description":"La community degli amanti della pizza","publisher":{"@id":"https:\/\/pizzastories.le5stagioni.com\/fr\/#organization"},"potentialAction":[{"@type":"SearchAction","target":{"@type":"EntryPoint","urlTemplate":"https:\/\/pizzastories.le5stagioni.com\/fr\/?s={search_term_string}"},"query-input":{"@type":"PropertyValueSpecification","valueRequired":true,"valueName":"search_term_string"}}],"inLanguage":"fr-FR"},{"@type":"Organization","@id":"https:\/\/pizzastories.le5stagioni.com\/fr\/#organization","name":"Pizza Stories","url":"https:\/\/pizzastories.le5stagioni.com\/fr\/","logo":{"@type":"ImageObject","inLanguage":"fr-FR","@id":"https:\/\/pizzastories.le5stagioni.com\/fr\/#\/schema\/logo\/image\/","url":"https:\/\/pizzastories.le5stagioni.com\/wp-content\/uploads\/2025\/05\/cropped-pizza-stories-logo.png","contentUrl":"https:\/\/pizzastories.le5stagioni.com\/wp-content\/uploads\/2025\/05\/cropped-pizza-stories-logo.png","width":512,"height":512,"caption":"Pizza Stories"},"image":{"@id":"https:\/\/pizzastories.le5stagioni.com\/fr\/#\/schema\/logo\/image\/"}},{"@type":"Person","@id":"https:\/\/pizzastories.le5stagioni.com\/fr\/#\/schema\/person\/0d424ca2391dc26a6473ca01cc351137","name":"Giovanni","image":{"@type":"ImageObject","inLanguage":"fr-FR","@id":"https:\/\/secure.gravatar.com\/avatar\/e790db86f03a781da86f49749663d3c225e90a6481699e19e0845b59a9a45b2f?s=96&d=mm&r=g","url":"https:\/\/secure.gravatar.com\/avatar\/e790db86f03a781da86f49749663d3c225e90a6481699e19e0845b59a9a45b2f?s=96&d=mm&r=g","contentUrl":"https:\/\/secure.gravatar.com\/avatar\/e790db86f03a781da86f49749663d3c225e90a6481699e19e0845b59a9a45b2f?s=96&d=mm&r=g","caption":"Giovanni"},"url":"https:\/\/pizzastories.le5stagioni.com\/fr\/author\/giovanni\/"}]}},"_links":{"self":[{"href":"https:\/\/pizzastories.le5stagioni.com\/fr\/wp-json\/wp\/v2\/posts\/5604","targetHints":{"allow":["GET"]}}],"collection":[{"href":"https:\/\/pizzastories.le5stagioni.com\/fr\/wp-json\/wp\/v2\/posts"}],"about":[{"href":"https:\/\/pizzastories.le5stagioni.com\/fr\/wp-json\/wp\/v2\/types\/post"}],"author":[{"embeddable":true,"href":"https:\/\/pizzastories.le5stagioni.com\/fr\/wp-json\/wp\/v2\/users\/3"}],"replies":[{"embeddable":true,"href":"https:\/\/pizzastories.le5stagioni.com\/fr\/wp-json\/wp\/v2\/comments?post=5604"}],"version-history":[{"count":1,"href":"https:\/\/pizzastories.le5stagioni.com\/fr\/wp-json\/wp\/v2\/posts\/5604\/revisions"}],"predecessor-version":[{"id":5609,"href":"https:\/\/pizzastories.le5stagioni.com\/fr\/wp-json\/wp\/v2\/posts\/5604\/revisions\/5609"}],"wp:attachment":[{"href":"https:\/\/pizzastories.le5stagioni.com\/fr\/wp-json\/wp\/v2\/media?parent=5604"}],"wp:term":[{"taxonomy":"category","embeddable":true,"href":"https:\/\/pizzastories.le5stagioni.com\/fr\/wp-json\/wp\/v2\/categories?post=5604"},{"taxonomy":"post_tag","embeddable":true,"href":"https:\/\/pizzastories.le5stagioni.com\/fr\/wp-json\/wp\/v2\/tags?post=5604"}],"curies":[{"name":"wp","href":"https:\/\/api.w.org\/{rel}","templated":true}]}}