{"id":6020,"date":"2025-07-01T14:21:26","date_gmt":"2025-07-01T12:21:26","guid":{"rendered":"https:\/\/pizzastories.le5stagioni.com\/non-categorise\/lucques-la-nouvelle-vie-de-lantico-caffe-delle-mura\/"},"modified":"2025-07-02T09:36:29","modified_gmt":"2025-07-02T07:36:29","slug":"lucques-la-nouvelle-vie-de-lantico-caffe-delle-mura","status":"publish","type":"post","link":"https:\/\/pizzastories.le5stagioni.com\/fr\/decouverte-fr\/lucques-la-nouvelle-vie-de-lantico-caffe-delle-mura\/","title":{"rendered":"Lucques, la nouvelle vie de l&rsquo;Antico Caff\u00e8 delle Mura"},"content":{"rendered":"\t\t<div data-elementor-type=\"wp-post\" data-elementor-id=\"6020\" class=\"elementor elementor-6020 elementor-5726\" data-elementor-post-type=\"post\">\n\t\t\t\t<div class=\"elementor-element elementor-element-3e8cca80 e-flex e-con-boxed e-con e-parent\" data-id=\"3e8cca80\" data-element_type=\"container\" data-e-type=\"container\">\n\t\t\t\t\t<div class=\"e-con-inner\">\n\t\t\t\t<div class=\"elementor-element elementor-element-6445e8b elementor-widget elementor-widget-text-editor\" data-id=\"6445e8b\" data-element_type=\"widget\" data-e-type=\"widget\" data-widget_type=\"text-editor.default\">\n\t\t\t\t<div class=\"elementor-widget-container\">\n\t\t\t\t\t\t\t\t\t<p><em>L&rsquo;Antico Caff\u00e8 delle Mura est par excellence le symbole de la ville de Lucques : cr\u00e9\u00e9 pour offrir un rafra\u00eechissement aux citoyens lors de leurs promenades le long des murs de la ville toscane, il a travers\u00e9 des si\u00e8cles de transformations, tout en conservant intacte son importance historique et sociale.<\/em><\/p>\t\t\t\t\t\t\t\t<\/div>\n\t\t\t\t<\/div>\n\t\t\t\t\t<\/div>\n\t\t\t\t<\/div>\n\t\t<div class=\"elementor-element elementor-element-3f01a124 e-flex e-con-boxed e-con e-parent\" data-id=\"3f01a124\" data-element_type=\"container\" data-e-type=\"container\">\n\t\t\t\t\t<div class=\"e-con-inner\">\n\t\t\t\t<div class=\"elementor-element elementor-element-5017351 elementor-widget elementor-widget-image\" data-id=\"5017351\" data-element_type=\"widget\" data-e-type=\"widget\" data-widget_type=\"image.default\">\n\t\t\t\t<div class=\"elementor-widget-container\">\n\t\t\t\t\t\t\t\t\t\t\t\t\t\t\t<img fetchpriority=\"high\" decoding=\"async\" width=\"606\" height=\"682\" src=\"https:\/\/pizzastories.le5stagioni.com\/wp-content\/uploads\/2025\/07\/Untitled-Project.jpg\" class=\"attachment-large size-large wp-image-5903\" alt=\"\" \/>\t\t\t\t\t\t\t\t\t\t\t\t\t\t\t<\/div>\n\t\t\t\t<\/div>\n\t\t\t\t<div class=\"elementor-element elementor-element-4840436b elementor-widget elementor-widget-text-editor\" data-id=\"4840436b\" data-element_type=\"widget\" data-e-type=\"widget\" data-widget_type=\"text-editor.default\">\n\t\t\t\t<div class=\"elementor-widget-container\">\n\t\t\t\t\t\t\t\t\t<p>Ce qui a rendu ce lieu c\u00e9l\u00e8bre, c&rsquo;est pr\u00e9cis\u00e9ment son emplacement sur les murs Renaissance de la ville ainsi que son architecture n\u00e9oclassique. En 1840, le duc Carlo Ludovico di Borbone fit d\u00e9molir une ancienne caserne par l&rsquo;architecte Cesare Lazzarini pour y construire un \u00e9tablissement raffin\u00e9 destin\u00e9 \u00e0 l&rsquo;\u00e9lite de Lucques. Sa structure, avec une salle centrale pour les bals et les banquets, deux salles lat\u00e9rales et une terrasse panoramique, est rapidement devenue un point de rep\u00e8re de la ville.  <br>En 1878, le b\u00e2timent original fut d\u00e9moli pour faire place \u00e0 une place d&rsquo;armes (avec le monument \u00e0 Victor Emmanuel II en son centre) et reconstruit quelques ann\u00e9es plus tard dans une position l\u00e9g\u00e8rement en retrait par rapport \u00e0 la pr\u00e9c\u00e9dente. Ext\u00e9rieurement, il \u00e9tait id\u00e9alement reli\u00e9 aux murailles, avec deux portes lat\u00e9rales en fer fermant l&rsquo;ensemble du bastion, tandis que sur les c\u00f4t\u00e9s se trouvaient le parc et les jardins utilis\u00e9s autrefois pour les r\u00e9unions du Caf\u00e9, d\u00e9crit d\u00e8s le d\u00e9but comme<em>\u00ab\u00a0un lieu de plaisir, de rencontre, de repos, de promenade<\/em>\u00ab\u00a0. <\/p><p>Le caf\u00e9 des murailles devint rapidement une \u00e9tape incontournable, offrant une pause agr\u00e9able apr\u00e8s une promenade, lieu de rencontre de l&rsquo;aristocratie et de la bourgeoisie de la ville. Au cours des derni\u00e8res ann\u00e9es, l&rsquo;Antico Caff\u00e8 delle Mura a subi plusieurs transformations, accueillant divers restaurants et caf\u00e9s, ainsi que des si\u00e8ges d&rsquo;associations et d&rsquo;institutions, sans jamais perdre sa magnificence, son importance historique et cette aura d&rsquo;un lieu qui symbolise l&rsquo;\u00e9l\u00e9gance et la tradition pour les Lucquois. Par exemple, jusqu&rsquo;en 1960, le lieu \u00e9tait un point de rep\u00e8re de la ville en tant qu&rsquo;\u00e9l\u00e9gant bar et restaurant, avant de conna\u00eetre une longue p\u00e9riode de d\u00e9clin et d&rsquo;abandon. En 2012, il a rouvert ses portes en tant que restaurant de prestige, avant de devenir un restaurant japonais en 2020 et de fermer d\u00e9finitivement en 2021.   <\/p><p>Depuis l&rsquo;ann\u00e9e derni\u00e8re, ce \u00a0\u00bb monument \u00a0\u00bb de Lucques a un nouveau g\u00e9rant : il s&rsquo;agit d&rsquo;<strong>Umberto Costa<\/strong>, propri\u00e9taire de la \u00a0\u00bb Pizzeria da Umberto \u00a0\u00bb de la Piazza Napoleone, finaliste en 2023 de l'\u00a0\u00bb Emergente Chef \u00a0\u00bb et laur\u00e9at de la Mention Sp\u00e9ciale pour la tr\u00e8s r\u00e9ussie (et audacieuse) pizza en diff\u00e9rentes variations de navet rouge. Umberto n&rsquo;a que 32 ans et vit \u00e0 Lucques depuis 31 ans ; avec son fr\u00e8re Simone, il a eu l&rsquo;obstination et le courage de racheter aux ench\u00e8res la gestion de l&rsquo;Antico Caff\u00e8 delle Mura et de lui donner une nouvelle vie, en transformant compl\u00e8tement son concept fonctionnel. Une op\u00e9ration de r\u00e9novation qui a repositionn\u00e9 ce lieu historique en le rapprochant de la pizza.    <\/p>\t\t\t\t\t\t\t\t<\/div>\n\t\t\t\t<\/div>\n\t\t\t\t<div class=\"elementor-element elementor-element-926e8a8 elementor-widget elementor-widget-text-editor\" data-id=\"926e8a8\" data-element_type=\"widget\" data-e-type=\"widget\" data-widget_type=\"text-editor.default\">\n\t\t\t\t<div class=\"elementor-widget-container\">\n\t\t\t\t\t\t\t\t\t<p><strong>Umberto, que repr\u00e9sente l&rsquo;Antico Caff\u00e8 delle Mura pour Lucques ?<br><\/strong>Il est le symbole de la ville et se trouve dans le c\u0153ur de chaque Lucchese : il ne s&rsquo;agit pas seulement d&rsquo;un lieu, mais d&rsquo;un point de rencontre qui a marqu\u00e9 l&rsquo;histoire de la ville, d&rsquo;un endroit qui a d\u00e9fini le statut et le concept d&rsquo;\u00e9l\u00e9gance.<\/p><p><strong>Et pour vous qui avez grandi dans cette ville, que ressentez-vous \u00e0 l&rsquo;id\u00e9e de pouvoir g\u00e9rer un tel monument ?<br><\/strong>C&rsquo;est presque incroyable et cela me remplit de fiert\u00e9. Je sais que j&rsquo;ai une grande responsabilit\u00e9 et que les attentes sont \u00e9lev\u00e9es, mais j&rsquo;ai beaucoup d&rsquo;id\u00e9es et d&rsquo;enthousiasme. La premi\u00e8re ann\u00e9e, l&rsquo;ann\u00e9e de rodage, est termin\u00e9e, j&rsquo;ai maintenant une id\u00e9e claire de la direction \u00e0 prendre.  <\/p><p><strong>Quelles ont \u00e9t\u00e9 les innovations et le concept que vous avez introduits ?<br><\/strong>Je peux dire que les Lucquois ont assist\u00e9 \u00e0 une r\u00e9volution totale de ce lieu. D\u00e8s le d\u00e9part, mon objectif \u00e9tait de le rajeunir, de rafra\u00eechir son image sans en diminuer la valeur. L&rsquo;Antico Caff\u00e8 delle Mura a toujours \u00e9t\u00e9 consid\u00e9r\u00e9 comme un lieu chic et \u00e9l\u00e9gant, o\u00f9 les gens d\u00e9pensaient suffisamment d&rsquo;argent. Partant du principe que je ne pouvais pas toucher \u00e0 la structure, qui est prot\u00e9g\u00e9e par la Soprintendenza Archeologia, Belle Arti e Paesaggio pour les provinces de Lucques et de Massa e Carrara, j&rsquo;ai r\u00e9nov\u00e9 le mobilier, en le rendant moderne et essentiel, afin de cr\u00e9er une atmosph\u00e8re raffin\u00e9e ; j&rsquo;ai r\u00e9organis\u00e9 les espaces int\u00e9rieurs et l&rsquo;espace vert ext\u00e9rieur, et r\u00e9am\u00e9nag\u00e9 la terrasse d&rsquo;o\u00f9 l&rsquo;on peut voir toute la ville. Bref, j&rsquo;ai essay\u00e9 de le rendre plus imm\u00e9diat, plus frais m\u00eame dans le service et certainement plus populaire, un lieu \u00e0 la port\u00e9e de toutes les bourses, un lieu id\u00e9al pour les jeunes mais aussi pour les familles. Et, la saison prochaine, nous l&rsquo;exp\u00e9rimenterons \u00e9galement comme <em>lieu de mariage<\/em>, gr\u00e2ce au grand parc qui l&rsquo;entoure.       <\/p><p><strong>Comment les habitants de Lucques ont-ils v\u00e9cu cette transformation ?<br><\/strong>Lucques est une ville de 90 000 habitants et je peux dire que cet endroit, en raison de sa position particuli\u00e8re, appartient aux habitants de cette ville qui le consid\u00e8rent comme le leur. M\u00eame sous cette nouvelle forme, les gens semblent se sentir chez eux, ils en font l&rsquo;exp\u00e9rience dans tous les coins, de l&rsquo;heure de l&rsquo;ap\u00e9ritif \u00e0 celle du d\u00eener, du restaurant interne aux \u00e9v\u00e9nements avec DJ sets ou soir\u00e9es priv\u00e9es. J&rsquo;aime observer les comportements et les expressions, connaissant sa renomm\u00e9e pass\u00e9e et sa monumentalit\u00e9 historique mais aussi architecturale : beaucoup se sentent intimid\u00e9s et sont litt\u00e9ralement ind\u00e9cis \u00e0 l&rsquo;id\u00e9e d&rsquo;entrer ou non, puis ils r\u00e9alisent que c&rsquo;est une exp\u00e9rience qu&rsquo;ils peuvent vivre, encore plus lorsqu&rsquo;ils d\u00e9couvrent qu&rsquo;il y a de la pizza au menu, ce qui n&rsquo;\u00e9tait jamais arriv\u00e9 auparavant.  <\/p><p> <\/p>\t\t\t\t\t\t\t\t<\/div>\n\t\t\t\t<\/div>\n\t\t\t\t\t<\/div>\n\t\t\t\t<\/div>\n\t\t<div class=\"elementor-element elementor-element-183673a4 e-flex e-con-boxed e-con e-parent\" data-id=\"183673a4\" data-element_type=\"container\" data-e-type=\"container\">\n\t\t\t\t\t<div class=\"e-con-inner\">\n\t\t\t\t<div class=\"elementor-element elementor-element-157757d0 elementor-widget elementor-widget-image\" data-id=\"157757d0\" data-element_type=\"widget\" data-e-type=\"widget\" data-widget_type=\"image.default\">\n\t\t\t\t<div class=\"elementor-widget-container\">\n\t\t\t\t\t\t\t\t\t\t\t\t\t\t\t<img decoding=\"async\" width=\"800\" height=\"477\" src=\"https:\/\/pizzastories.le5stagioni.com\/wp-content\/uploads\/2025\/07\/Untitled-Project-1-1024x611.jpg\" class=\"attachment-large size-large wp-image-5909\" alt=\"\" srcset=\"https:\/\/pizzastories.le5stagioni.com\/wp-content\/uploads\/2025\/07\/Untitled-Project-1-1024x611.jpg 1024w, https:\/\/pizzastories.le5stagioni.com\/wp-content\/uploads\/2025\/07\/Untitled-Project-1-800x477.jpg 800w, https:\/\/pizzastories.le5stagioni.com\/wp-content\/uploads\/2025\/07\/Untitled-Project-1-768x458.jpg 768w, https:\/\/pizzastories.le5stagioni.com\/wp-content\/uploads\/2025\/07\/Untitled-Project-1.jpg 1230w\" sizes=\"(max-width: 800px) 100vw, 800px\" \/>\t\t\t\t\t\t\t\t\t\t\t\t\t\t\t<\/div>\n\t\t\t\t<\/div>\n\t\t\t\t\t<\/div>\n\t\t\t\t<\/div>\n\t\t<div class=\"elementor-element elementor-element-1a832bfb e-flex e-con-boxed e-con e-parent\" data-id=\"1a832bfb\" data-element_type=\"container\" data-e-type=\"container\">\n\t\t\t\t\t<div class=\"e-con-inner\">\n\t\t\t\t<div class=\"elementor-element elementor-element-65c4fe92 elementor-widget elementor-widget-text-editor\" data-id=\"65c4fe92\" data-element_type=\"widget\" data-e-type=\"widget\" data-widget_type=\"text-editor.default\">\n\t\t\t\t<div class=\"elementor-widget-container\">\n\t\t\t\t\t\t\t\t\t<p><strong>Voil\u00e0, parlons pizza. C&rsquo;est vous qui avez introduit la pizza ici ? <br><\/strong>Oui, la pizza n&rsquo;a jamais \u00e9t\u00e9 servie ici, \u00e0 l&rsquo;Antico Caff\u00e8 delle Mura : je suis le premier \u00e0 l&rsquo;apporter et \u00e0 la faire. C&rsquo;est aussi parce que je suis n\u00e9 pizza\u00efolo et qu&rsquo;il \u00e9tait naturel pour moi de proposer une offre de pizzas ici aussi. C&rsquo;est certainement diff\u00e9rent de ma pizzeria du centre ville. Ici, la pizza peut \u00eatre command\u00e9e \u00e0 l&rsquo;ap\u00e9ritif ou pour le d\u00eener, en d\u00e9gustation, en partage. J&rsquo;ai \u00e9galement fait installer un four \u00e0 l&rsquo;ext\u00e9rieur, en plus du four classique \u00e0 l&rsquo;int\u00e9rieur. Bien s\u00fbr, il y a aussi d&rsquo;autres plats sur la carte, notamment des entr\u00e9es, des plats principaux et des desserts finaux, une carte des vins et deux <em>stations de cocktails \u00e0<\/em> l&rsquo;int\u00e9rieur et \u00e0 l&rsquo;ext\u00e9rieur.     <\/p><p><strong>Umberto, comment est votre pizza ?<br><\/strong>Alors que \u00a0\u00bbda Umberto\u00a0\u00bb je fais du napolitain, ici je m&rsquo;en tiens \u00e0 un style de pizza classique avec biga qui lui donne plus de croustillant, \u00e0 laquelle j&rsquo;ajoute aussi une po\u00eale \u00e0 vapeur et la pizza sans gluten avec un atelier d\u00e9di\u00e9. Les garnitures sont simples, directes mais soign\u00e9es et toutes r\u00e9alis\u00e9es avec des mati\u00e8res premi\u00e8res de qualit\u00e9 s\u00e9lectionn\u00e9es dans toute l&rsquo;Italie. <\/p><p><strong>Quelle est la pizza la plus populaire et celle qui, selon vous, doit absolument \u00eatre essay\u00e9e ?<br><\/strong>La pizza la plus populaire est \u00ab\u00a0La Parma\u00a0\u00bb, une pizza rouge \u00e0 base de San Marzano, avec du jambon cru de 18 mois, de la burrata di Andria, du basilic et du zeste de citron pour att\u00e9nuer la partie grasse : tous les ingr\u00e9dients sont en voie de disparition. Et puis, il y a la pizza <em>signature<\/em>, celle que j&rsquo;ai d\u00e9di\u00e9e \u00e0 ce lieu et dont elle porte le nom, que je vous recommande de go\u00fbter : base de tomates San Marzano, buffle, tomates jaunes du piennolo Vesuvio, pesto de basilic et copeaux de parmesan. <\/p><p>Cela confirme l&rsquo;atmosph\u00e8re unique et \u00e9l\u00e9gante que l&rsquo;Antico Caff\u00e8 delle Mura a transmise de g\u00e9n\u00e9ration en g\u00e9n\u00e9ration et qui, dans cette <em>vision d&rsquo;<\/em> Umberto Costa, rencontre la pizza, esquissant une tendance int\u00e9ressante \u00e0 suivre, \u00e0 savoir le m\u00e9lange de lieux \u00e9l\u00e9gants avec la pizza, qui a toujours \u00e9t\u00e9 consid\u00e9r\u00e9e comme populaire et qui est maintenant \u00e9lev\u00e9e au rang d&rsquo;un plat qui peut aller n&rsquo;importe o\u00f9.<\/p>\t\t\t\t\t\t\t\t<\/div>\n\t\t\t\t<\/div>\n\t\t\t\t\t<\/div>\n\t\t\t\t<\/div>\n\t\t<div class=\"elementor-element elementor-element-238743aa e-flex e-con-boxed e-con e-parent\" data-id=\"238743aa\" data-element_type=\"container\" data-e-type=\"container\">\n\t\t\t\t\t<div class=\"e-con-inner\">\n\t\t\t\t\t<\/div>\n\t\t\t\t<\/div>\n\t\t<div class=\"elementor-element elementor-element-130db024 e-flex e-con-boxed e-con e-parent\" data-id=\"130db024\" data-element_type=\"container\" data-e-type=\"container\">\n\t\t\t\t\t<div class=\"e-con-inner\">\n\t\t\t\t\t<\/div>\n\t\t\t\t<\/div>\n\t\t\t\t<\/div>\n\t\t","protected":false},"excerpt":{"rendered":"<p>L&rsquo;Antico Caff\u00e8 delle Mura est par excellence le symbole de la ville de Lucques : cr\u00e9\u00e9 pour offrir un rafra\u00eechissement aux citoyens lors de leurs promenades le long des murs de la ville toscane, il a travers\u00e9 des si\u00e8cles de transformations, tout en conservant intacte son importance historique et sociale.<\/p>\n","protected":false},"author":3,"featured_media":5909,"comment_status":"closed","ping_status":"closed","sticky":false,"template":"","format":"standard","meta":{"_acf_changed":false,"footnotes":""},"categories":[175],"tags":[],"class_list":["post-6020","post","type-post","status-publish","format-standard","has-post-thumbnail","hentry","category-decouverte-fr"],"acf":[],"yoast_head":"<!-- This site is optimized with the Yoast SEO plugin v27.5 - https:\/\/yoast.com\/product\/yoast-seo-wordpress\/ -->\n<title>Lucques, la nouvelle vie de l&#039;Antico Caff\u00e8 delle Mura - Pizza Stories<\/title>\n<meta name=\"description\" content=\"L&#039;Antico Caff\u00e8 delle Mura est par excellence le symbole de la ville de Lucques : n\u00e9 pour offrir un rafra\u00eechissement aux citoyens pendant... En savoir plus\" \/>\n<meta name=\"robots\" content=\"index, follow, max-snippet:-1, max-image-preview:large, max-video-preview:-1\" \/>\n<link rel=\"canonical\" href=\"https:\/\/pizzastories.le5stagioni.com\/fr\/decouverte-fr\/lucques-la-nouvelle-vie-de-lantico-caffe-delle-mura\/\" \/>\n<meta property=\"og:locale\" content=\"fr_FR\" \/>\n<meta property=\"og:type\" content=\"article\" \/>\n<meta property=\"og:title\" content=\"Lucques, la nouvelle vie de l&#039;Antico Caff\u00e8 delle Mura - Pizza Stories\" \/>\n<meta property=\"og:description\" content=\"L&#039;Antico Caff\u00e8 delle Mura est par excellence le symbole de la ville de Lucques : n\u00e9 pour offrir un rafra\u00eechissement aux citoyens pendant... En savoir plus\" \/>\n<meta property=\"og:url\" content=\"https:\/\/pizzastories.le5stagioni.com\/fr\/decouverte-fr\/lucques-la-nouvelle-vie-de-lantico-caffe-delle-mura\/\" \/>\n<meta property=\"og:site_name\" content=\"Pizza Stories\" \/>\n<meta property=\"article:published_time\" content=\"2025-07-01T12:21:26+00:00\" \/>\n<meta property=\"article:modified_time\" content=\"2025-07-02T07:36:29+00:00\" \/>\n<meta property=\"og:image\" content=\"https:\/\/pizzastories.le5stagioni.com\/wp-content\/uploads\/2025\/07\/Untitled-Project-1.jpg\" \/>\n\t<meta property=\"og:image:width\" content=\"1230\" \/>\n\t<meta property=\"og:image:height\" content=\"734\" \/>\n\t<meta property=\"og:image:type\" content=\"image\/jpeg\" \/>\n<meta name=\"author\" content=\"Giovanni\" \/>\n<meta name=\"twitter:card\" content=\"summary_large_image\" \/>\n<meta name=\"twitter:label1\" content=\"\u00c9crit par\" \/>\n\t<meta name=\"twitter:data1\" content=\"Giovanni\" \/>\n\t<meta name=\"twitter:label2\" content=\"Dur\u00e9e de lecture estim\u00e9e\" \/>\n\t<meta name=\"twitter:data2\" content=\"7 minutes\" \/>\n<script type=\"application\/ld+json\" class=\"yoast-schema-graph\">{\"@context\":\"https:\\\/\\\/schema.org\",\"@graph\":[{\"@type\":\"Article\",\"@id\":\"https:\\\/\\\/pizzastories.le5stagioni.com\\\/fr\\\/decouverte-fr\\\/lucques-la-nouvelle-vie-de-lantico-caffe-delle-mura\\\/#article\",\"isPartOf\":{\"@id\":\"https:\\\/\\\/pizzastories.le5stagioni.com\\\/fr\\\/decouverte-fr\\\/lucques-la-nouvelle-vie-de-lantico-caffe-delle-mura\\\/\"},\"author\":{\"name\":\"Giovanni\",\"@id\":\"https:\\\/\\\/pizzastories.le5stagioni.com\\\/fr\\\/#\\\/schema\\\/person\\\/0d424ca2391dc26a6473ca01cc351137\"},\"headline\":\"Lucques, la nouvelle vie de l&rsquo;Antico Caff\u00e8 delle Mura\",\"datePublished\":\"2025-07-01T12:21:26+00:00\",\"dateModified\":\"2025-07-02T07:36:29+00:00\",\"mainEntityOfPage\":{\"@id\":\"https:\\\/\\\/pizzastories.le5stagioni.com\\\/fr\\\/decouverte-fr\\\/lucques-la-nouvelle-vie-de-lantico-caffe-delle-mura\\\/\"},\"wordCount\":1488,\"publisher\":{\"@id\":\"https:\\\/\\\/pizzastories.le5stagioni.com\\\/fr\\\/#organization\"},\"image\":{\"@id\":\"https:\\\/\\\/pizzastories.le5stagioni.com\\\/fr\\\/decouverte-fr\\\/lucques-la-nouvelle-vie-de-lantico-caffe-delle-mura\\\/#primaryimage\"},\"thumbnailUrl\":\"https:\\\/\\\/pizzastories.le5stagioni.com\\\/wp-content\\\/uploads\\\/2025\\\/07\\\/Untitled-Project-1.jpg\",\"articleSection\":[\"d\u00e9couverte\"],\"inLanguage\":\"fr-FR\"},{\"@type\":\"WebPage\",\"@id\":\"https:\\\/\\\/pizzastories.le5stagioni.com\\\/fr\\\/decouverte-fr\\\/lucques-la-nouvelle-vie-de-lantico-caffe-delle-mura\\\/\",\"url\":\"https:\\\/\\\/pizzastories.le5stagioni.com\\\/fr\\\/decouverte-fr\\\/lucques-la-nouvelle-vie-de-lantico-caffe-delle-mura\\\/\",\"name\":\"Lucques, la nouvelle vie de l'Antico Caff\u00e8 delle Mura - Pizza Stories\",\"isPartOf\":{\"@id\":\"https:\\\/\\\/pizzastories.le5stagioni.com\\\/fr\\\/#website\"},\"primaryImageOfPage\":{\"@id\":\"https:\\\/\\\/pizzastories.le5stagioni.com\\\/fr\\\/decouverte-fr\\\/lucques-la-nouvelle-vie-de-lantico-caffe-delle-mura\\\/#primaryimage\"},\"image\":{\"@id\":\"https:\\\/\\\/pizzastories.le5stagioni.com\\\/fr\\\/decouverte-fr\\\/lucques-la-nouvelle-vie-de-lantico-caffe-delle-mura\\\/#primaryimage\"},\"thumbnailUrl\":\"https:\\\/\\\/pizzastories.le5stagioni.com\\\/wp-content\\\/uploads\\\/2025\\\/07\\\/Untitled-Project-1.jpg\",\"datePublished\":\"2025-07-01T12:21:26+00:00\",\"dateModified\":\"2025-07-02T07:36:29+00:00\",\"description\":\"L'Antico Caff\u00e8 delle Mura est par excellence le symbole de la ville de Lucques : n\u00e9 pour offrir un rafra\u00eechissement aux citoyens pendant... En savoir plus\",\"breadcrumb\":{\"@id\":\"https:\\\/\\\/pizzastories.le5stagioni.com\\\/fr\\\/decouverte-fr\\\/lucques-la-nouvelle-vie-de-lantico-caffe-delle-mura\\\/#breadcrumb\"},\"inLanguage\":\"fr-FR\",\"potentialAction\":[{\"@type\":\"ReadAction\",\"target\":[\"https:\\\/\\\/pizzastories.le5stagioni.com\\\/fr\\\/decouverte-fr\\\/lucques-la-nouvelle-vie-de-lantico-caffe-delle-mura\\\/\"]}]},{\"@type\":\"ImageObject\",\"inLanguage\":\"fr-FR\",\"@id\":\"https:\\\/\\\/pizzastories.le5stagioni.com\\\/fr\\\/decouverte-fr\\\/lucques-la-nouvelle-vie-de-lantico-caffe-delle-mura\\\/#primaryimage\",\"url\":\"https:\\\/\\\/pizzastories.le5stagioni.com\\\/wp-content\\\/uploads\\\/2025\\\/07\\\/Untitled-Project-1.jpg\",\"contentUrl\":\"https:\\\/\\\/pizzastories.le5stagioni.com\\\/wp-content\\\/uploads\\\/2025\\\/07\\\/Untitled-Project-1.jpg\",\"width\":1230,\"height\":734,\"caption\":\"Lucca Pizzeria Antico Caff\u00e8 delle Mura di Umberto Costa Pizza Napoletana Pizza Gourmet con farina di grano tenero le 5 stagioni del molino Agugiaro & Figna\"},{\"@type\":\"BreadcrumbList\",\"@id\":\"https:\\\/\\\/pizzastories.le5stagioni.com\\\/fr\\\/decouverte-fr\\\/lucques-la-nouvelle-vie-de-lantico-caffe-delle-mura\\\/#breadcrumb\",\"itemListElement\":[{\"@type\":\"ListItem\",\"position\":1,\"name\":\"Home\",\"item\":\"https:\\\/\\\/pizzastories.le5stagioni.com\\\/fr\\\/\"},{\"@type\":\"ListItem\",\"position\":2,\"name\":\"Lucques, la nouvelle vie de l&#8217;Antico Caff\u00e8 delle Mura\"}]},{\"@type\":\"WebSite\",\"@id\":\"https:\\\/\\\/pizzastories.le5stagioni.com\\\/fr\\\/#website\",\"url\":\"https:\\\/\\\/pizzastories.le5stagioni.com\\\/fr\\\/\",\"name\":\"Pizza Stories\",\"description\":\"La community degli amanti della pizza\",\"publisher\":{\"@id\":\"https:\\\/\\\/pizzastories.le5stagioni.com\\\/fr\\\/#organization\"},\"potentialAction\":[{\"@type\":\"SearchAction\",\"target\":{\"@type\":\"EntryPoint\",\"urlTemplate\":\"https:\\\/\\\/pizzastories.le5stagioni.com\\\/fr\\\/?s={search_term_string}\"},\"query-input\":{\"@type\":\"PropertyValueSpecification\",\"valueRequired\":true,\"valueName\":\"search_term_string\"}}],\"inLanguage\":\"fr-FR\"},{\"@type\":\"Organization\",\"@id\":\"https:\\\/\\\/pizzastories.le5stagioni.com\\\/fr\\\/#organization\",\"name\":\"Pizza Stories\",\"url\":\"https:\\\/\\\/pizzastories.le5stagioni.com\\\/fr\\\/\",\"logo\":{\"@type\":\"ImageObject\",\"inLanguage\":\"fr-FR\",\"@id\":\"https:\\\/\\\/pizzastories.le5stagioni.com\\\/fr\\\/#\\\/schema\\\/logo\\\/image\\\/\",\"url\":\"https:\\\/\\\/pizzastories.le5stagioni.com\\\/wp-content\\\/uploads\\\/2025\\\/05\\\/cropped-pizza-stories-logo.png\",\"contentUrl\":\"https:\\\/\\\/pizzastories.le5stagioni.com\\\/wp-content\\\/uploads\\\/2025\\\/05\\\/cropped-pizza-stories-logo.png\",\"width\":512,\"height\":512,\"caption\":\"Pizza Stories\"},\"image\":{\"@id\":\"https:\\\/\\\/pizzastories.le5stagioni.com\\\/fr\\\/#\\\/schema\\\/logo\\\/image\\\/\"}},{\"@type\":\"Person\",\"@id\":\"https:\\\/\\\/pizzastories.le5stagioni.com\\\/fr\\\/#\\\/schema\\\/person\\\/0d424ca2391dc26a6473ca01cc351137\",\"name\":\"Giovanni\",\"image\":{\"@type\":\"ImageObject\",\"inLanguage\":\"fr-FR\",\"@id\":\"https:\\\/\\\/secure.gravatar.com\\\/avatar\\\/e790db86f03a781da86f49749663d3c225e90a6481699e19e0845b59a9a45b2f?s=96&d=mm&r=g\",\"url\":\"https:\\\/\\\/secure.gravatar.com\\\/avatar\\\/e790db86f03a781da86f49749663d3c225e90a6481699e19e0845b59a9a45b2f?s=96&d=mm&r=g\",\"contentUrl\":\"https:\\\/\\\/secure.gravatar.com\\\/avatar\\\/e790db86f03a781da86f49749663d3c225e90a6481699e19e0845b59a9a45b2f?s=96&d=mm&r=g\",\"caption\":\"Giovanni\"},\"url\":\"https:\\\/\\\/pizzastories.le5stagioni.com\\\/fr\\\/author\\\/giovanni\\\/\"}]}<\/script>\n<!-- \/ Yoast SEO plugin. -->","yoast_head_json":{"title":"Lucques, la nouvelle vie de l'Antico Caff\u00e8 delle Mura - Pizza Stories","description":"L'Antico Caff\u00e8 delle Mura est par excellence le symbole de la ville de Lucques : n\u00e9 pour offrir un rafra\u00eechissement aux citoyens pendant... En savoir plus","robots":{"index":"index","follow":"follow","max-snippet":"max-snippet:-1","max-image-preview":"max-image-preview:large","max-video-preview":"max-video-preview:-1"},"canonical":"https:\/\/pizzastories.le5stagioni.com\/fr\/decouverte-fr\/lucques-la-nouvelle-vie-de-lantico-caffe-delle-mura\/","og_locale":"fr_FR","og_type":"article","og_title":"Lucques, la nouvelle vie de l'Antico Caff\u00e8 delle Mura - Pizza Stories","og_description":"L'Antico Caff\u00e8 delle Mura est par excellence le symbole de la ville de Lucques : n\u00e9 pour offrir un rafra\u00eechissement aux citoyens pendant... En savoir plus","og_url":"https:\/\/pizzastories.le5stagioni.com\/fr\/decouverte-fr\/lucques-la-nouvelle-vie-de-lantico-caffe-delle-mura\/","og_site_name":"Pizza Stories","article_published_time":"2025-07-01T12:21:26+00:00","article_modified_time":"2025-07-02T07:36:29+00:00","og_image":[{"width":1230,"height":734,"url":"https:\/\/pizzastories.le5stagioni.com\/wp-content\/uploads\/2025\/07\/Untitled-Project-1.jpg","type":"image\/jpeg"}],"author":"Giovanni","twitter_card":"summary_large_image","twitter_misc":{"\u00c9crit par":"Giovanni","Dur\u00e9e de lecture estim\u00e9e":"7 minutes"},"schema":{"@context":"https:\/\/schema.org","@graph":[{"@type":"Article","@id":"https:\/\/pizzastories.le5stagioni.com\/fr\/decouverte-fr\/lucques-la-nouvelle-vie-de-lantico-caffe-delle-mura\/#article","isPartOf":{"@id":"https:\/\/pizzastories.le5stagioni.com\/fr\/decouverte-fr\/lucques-la-nouvelle-vie-de-lantico-caffe-delle-mura\/"},"author":{"name":"Giovanni","@id":"https:\/\/pizzastories.le5stagioni.com\/fr\/#\/schema\/person\/0d424ca2391dc26a6473ca01cc351137"},"headline":"Lucques, la nouvelle vie de l&rsquo;Antico Caff\u00e8 delle Mura","datePublished":"2025-07-01T12:21:26+00:00","dateModified":"2025-07-02T07:36:29+00:00","mainEntityOfPage":{"@id":"https:\/\/pizzastories.le5stagioni.com\/fr\/decouverte-fr\/lucques-la-nouvelle-vie-de-lantico-caffe-delle-mura\/"},"wordCount":1488,"publisher":{"@id":"https:\/\/pizzastories.le5stagioni.com\/fr\/#organization"},"image":{"@id":"https:\/\/pizzastories.le5stagioni.com\/fr\/decouverte-fr\/lucques-la-nouvelle-vie-de-lantico-caffe-delle-mura\/#primaryimage"},"thumbnailUrl":"https:\/\/pizzastories.le5stagioni.com\/wp-content\/uploads\/2025\/07\/Untitled-Project-1.jpg","articleSection":["d\u00e9couverte"],"inLanguage":"fr-FR"},{"@type":"WebPage","@id":"https:\/\/pizzastories.le5stagioni.com\/fr\/decouverte-fr\/lucques-la-nouvelle-vie-de-lantico-caffe-delle-mura\/","url":"https:\/\/pizzastories.le5stagioni.com\/fr\/decouverte-fr\/lucques-la-nouvelle-vie-de-lantico-caffe-delle-mura\/","name":"Lucques, la nouvelle vie de l'Antico Caff\u00e8 delle Mura - Pizza Stories","isPartOf":{"@id":"https:\/\/pizzastories.le5stagioni.com\/fr\/#website"},"primaryImageOfPage":{"@id":"https:\/\/pizzastories.le5stagioni.com\/fr\/decouverte-fr\/lucques-la-nouvelle-vie-de-lantico-caffe-delle-mura\/#primaryimage"},"image":{"@id":"https:\/\/pizzastories.le5stagioni.com\/fr\/decouverte-fr\/lucques-la-nouvelle-vie-de-lantico-caffe-delle-mura\/#primaryimage"},"thumbnailUrl":"https:\/\/pizzastories.le5stagioni.com\/wp-content\/uploads\/2025\/07\/Untitled-Project-1.jpg","datePublished":"2025-07-01T12:21:26+00:00","dateModified":"2025-07-02T07:36:29+00:00","description":"L'Antico Caff\u00e8 delle Mura est par excellence le symbole de la ville de Lucques : n\u00e9 pour offrir un rafra\u00eechissement aux citoyens pendant... En savoir plus","breadcrumb":{"@id":"https:\/\/pizzastories.le5stagioni.com\/fr\/decouverte-fr\/lucques-la-nouvelle-vie-de-lantico-caffe-delle-mura\/#breadcrumb"},"inLanguage":"fr-FR","potentialAction":[{"@type":"ReadAction","target":["https:\/\/pizzastories.le5stagioni.com\/fr\/decouverte-fr\/lucques-la-nouvelle-vie-de-lantico-caffe-delle-mura\/"]}]},{"@type":"ImageObject","inLanguage":"fr-FR","@id":"https:\/\/pizzastories.le5stagioni.com\/fr\/decouverte-fr\/lucques-la-nouvelle-vie-de-lantico-caffe-delle-mura\/#primaryimage","url":"https:\/\/pizzastories.le5stagioni.com\/wp-content\/uploads\/2025\/07\/Untitled-Project-1.jpg","contentUrl":"https:\/\/pizzastories.le5stagioni.com\/wp-content\/uploads\/2025\/07\/Untitled-Project-1.jpg","width":1230,"height":734,"caption":"Lucca Pizzeria Antico Caff\u00e8 delle Mura di Umberto Costa Pizza Napoletana Pizza Gourmet con farina di grano tenero le 5 stagioni del molino Agugiaro & Figna"},{"@type":"BreadcrumbList","@id":"https:\/\/pizzastories.le5stagioni.com\/fr\/decouverte-fr\/lucques-la-nouvelle-vie-de-lantico-caffe-delle-mura\/#breadcrumb","itemListElement":[{"@type":"ListItem","position":1,"name":"Home","item":"https:\/\/pizzastories.le5stagioni.com\/fr\/"},{"@type":"ListItem","position":2,"name":"Lucques, la nouvelle vie de l&#8217;Antico Caff\u00e8 delle Mura"}]},{"@type":"WebSite","@id":"https:\/\/pizzastories.le5stagioni.com\/fr\/#website","url":"https:\/\/pizzastories.le5stagioni.com\/fr\/","name":"Pizza Stories","description":"La community degli amanti della pizza","publisher":{"@id":"https:\/\/pizzastories.le5stagioni.com\/fr\/#organization"},"potentialAction":[{"@type":"SearchAction","target":{"@type":"EntryPoint","urlTemplate":"https:\/\/pizzastories.le5stagioni.com\/fr\/?s={search_term_string}"},"query-input":{"@type":"PropertyValueSpecification","valueRequired":true,"valueName":"search_term_string"}}],"inLanguage":"fr-FR"},{"@type":"Organization","@id":"https:\/\/pizzastories.le5stagioni.com\/fr\/#organization","name":"Pizza Stories","url":"https:\/\/pizzastories.le5stagioni.com\/fr\/","logo":{"@type":"ImageObject","inLanguage":"fr-FR","@id":"https:\/\/pizzastories.le5stagioni.com\/fr\/#\/schema\/logo\/image\/","url":"https:\/\/pizzastories.le5stagioni.com\/wp-content\/uploads\/2025\/05\/cropped-pizza-stories-logo.png","contentUrl":"https:\/\/pizzastories.le5stagioni.com\/wp-content\/uploads\/2025\/05\/cropped-pizza-stories-logo.png","width":512,"height":512,"caption":"Pizza Stories"},"image":{"@id":"https:\/\/pizzastories.le5stagioni.com\/fr\/#\/schema\/logo\/image\/"}},{"@type":"Person","@id":"https:\/\/pizzastories.le5stagioni.com\/fr\/#\/schema\/person\/0d424ca2391dc26a6473ca01cc351137","name":"Giovanni","image":{"@type":"ImageObject","inLanguage":"fr-FR","@id":"https:\/\/secure.gravatar.com\/avatar\/e790db86f03a781da86f49749663d3c225e90a6481699e19e0845b59a9a45b2f?s=96&d=mm&r=g","url":"https:\/\/secure.gravatar.com\/avatar\/e790db86f03a781da86f49749663d3c225e90a6481699e19e0845b59a9a45b2f?s=96&d=mm&r=g","contentUrl":"https:\/\/secure.gravatar.com\/avatar\/e790db86f03a781da86f49749663d3c225e90a6481699e19e0845b59a9a45b2f?s=96&d=mm&r=g","caption":"Giovanni"},"url":"https:\/\/pizzastories.le5stagioni.com\/fr\/author\/giovanni\/"}]}},"_links":{"self":[{"href":"https:\/\/pizzastories.le5stagioni.com\/fr\/wp-json\/wp\/v2\/posts\/6020","targetHints":{"allow":["GET"]}}],"collection":[{"href":"https:\/\/pizzastories.le5stagioni.com\/fr\/wp-json\/wp\/v2\/posts"}],"about":[{"href":"https:\/\/pizzastories.le5stagioni.com\/fr\/wp-json\/wp\/v2\/types\/post"}],"author":[{"embeddable":true,"href":"https:\/\/pizzastories.le5stagioni.com\/fr\/wp-json\/wp\/v2\/users\/3"}],"replies":[{"embeddable":true,"href":"https:\/\/pizzastories.le5stagioni.com\/fr\/wp-json\/wp\/v2\/comments?post=6020"}],"version-history":[{"count":1,"href":"https:\/\/pizzastories.le5stagioni.com\/fr\/wp-json\/wp\/v2\/posts\/6020\/revisions"}],"predecessor-version":[{"id":6022,"href":"https:\/\/pizzastories.le5stagioni.com\/fr\/wp-json\/wp\/v2\/posts\/6020\/revisions\/6022"}],"wp:featuredmedia":[{"embeddable":true,"href":"https:\/\/pizzastories.le5stagioni.com\/fr\/wp-json\/wp\/v2\/media\/5909"}],"wp:attachment":[{"href":"https:\/\/pizzastories.le5stagioni.com\/fr\/wp-json\/wp\/v2\/media?parent=6020"}],"wp:term":[{"taxonomy":"category","embeddable":true,"href":"https:\/\/pizzastories.le5stagioni.com\/fr\/wp-json\/wp\/v2\/categories?post=6020"},{"taxonomy":"post_tag","embeddable":true,"href":"https:\/\/pizzastories.le5stagioni.com\/fr\/wp-json\/wp\/v2\/tags?post=6020"}],"curies":[{"name":"wp","href":"https:\/\/api.w.org\/{rel}","templated":true}]}}