{"id":6301,"date":"2023-06-05T14:38:35","date_gmt":"2023-06-05T12:38:35","guid":{"rendered":"https:\/\/pizzastories.le5stagioni.com\/non-categorise\/de-la-cote-amalfitaine-a-la-forteresse-en-nom-et-en-fait\/"},"modified":"2025-07-02T17:49:48","modified_gmt":"2025-07-02T15:49:48","slug":"de-la-cote-amalfitaine-a-la-forteresse-en-nom-et-en-fait","status":"publish","type":"post","link":"https:\/\/pizzastories.le5stagioni.com\/fr\/decouverte-fr\/de-la-cote-amalfitaine-a-la-forteresse-en-nom-et-en-fait\/","title":{"rendered":"De la c\u00f4te amalfitaine \u00e0 la forteresse, en nom et en fait"},"content":{"rendered":"\t\t<div data-elementor-type=\"wp-post\" data-elementor-id=\"6301\" class=\"elementor elementor-6301 elementor-5674\" data-elementor-post-type=\"post\">\n\t\t\t\t<div class=\"elementor-element elementor-element-53336a07 e-flex e-con-boxed e-con e-parent\" data-id=\"53336a07\" data-element_type=\"container\" data-e-type=\"container\">\n\t\t\t\t\t<div class=\"e-con-inner\">\n\t\t\t\t<div class=\"elementor-element elementor-element-8716118 elementor-widget elementor-widget-text-editor\" data-id=\"8716118\" data-element_type=\"widget\" data-e-type=\"widget\" data-widget_type=\"text-editor.default\">\n\t\t\t\t<div class=\"elementor-widget-container\">\n\t\t\t\t\t\t\t\t\t<p><em>Une histoire familiale li\u00e9e \u00e0 la restauration, l&rsquo;entreprise d&rsquo;un jeune couple qui s&rsquo;est install\u00e9 en Lombardie, une pizzeria qui \u00e9voque la tradition c\u00f4ti\u00e8re et la transmet avec un regard tourn\u00e9 vers l&rsquo;avenir et l&rsquo;innovation.<\/em><\/p>\t\t\t\t\t\t\t\t<\/div>\n\t\t\t\t<\/div>\n\t\t\t\t<div class=\"elementor-element elementor-element-416b576b elementor-widget elementor-widget-image\" data-id=\"416b576b\" data-element_type=\"widget\" data-e-type=\"widget\" data-widget_type=\"image.default\">\n\t\t\t\t<div class=\"elementor-widget-container\">\n\t\t\t\t\t\t\t\t\t\t\t\t\t\t\t<img fetchpriority=\"high\" decoding=\"async\" width=\"768\" height=\"512\" src=\"https:\/\/pizzastories.le5stagioni.com\/wp-content\/uploads\/2023\/06\/FORTEZZA-768x512.jpeg\" class=\"attachment-medium_large size-medium_large wp-image-6312\" alt=\"\" srcset=\"https:\/\/pizzastories.le5stagioni.com\/wp-content\/uploads\/2023\/06\/FORTEZZA-768x512.jpeg 768w, https:\/\/pizzastories.le5stagioni.com\/wp-content\/uploads\/2023\/06\/FORTEZZA-800x533.jpeg 800w, https:\/\/pizzastories.le5stagioni.com\/wp-content\/uploads\/2023\/06\/FORTEZZA-1024x683.jpeg 1024w, https:\/\/pizzastories.le5stagioni.com\/wp-content\/uploads\/2023\/06\/FORTEZZA.jpeg 1200w\" sizes=\"(max-width: 768px) 100vw, 768px\" \/>\t\t\t\t\t\t\t\t\t\t\t\t\t\t\t<\/div>\n\t\t\t\t<\/div>\n\t\t\t\t\t<\/div>\n\t\t\t\t<\/div>\n\t\t<div class=\"elementor-element elementor-element-78f6e281 e-flex e-con-boxed e-con e-parent\" data-id=\"78f6e281\" data-element_type=\"container\" data-e-type=\"container\">\n\t\t\t\t\t<div class=\"e-con-inner\">\n\t\t\t\t<div class=\"elementor-element elementor-element-7200ce7c elementor-widget elementor-widget-text-editor\" data-id=\"7200ce7c\" data-element_type=\"widget\" data-e-type=\"widget\" data-widget_type=\"text-editor.default\">\n\t\t\t\t<div class=\"elementor-widget-container\">\n\t\t\t\t\t\t\t\t\t<p>L&rsquo;histoire de <strong>La Fortezza, restaurant et pizzeria de Bellusco (MB), <\/strong>vient de loin. Elle est arriv\u00e9e avec son cr\u00e9ateur il y a une dizaine d&rsquo;ann\u00e9es de la splendide c\u00f4te amalfitaine, nourrie par la tradition gastronomique transmise de g\u00e9n\u00e9ration en g\u00e9n\u00e9ration et renforc\u00e9e par l&rsquo;exp\u00e9rience acquise dans l&rsquo;entreprise familiale, fortement ancr\u00e9e dans le monde de la restauration. <\/p><p><strong>Francesco Fortezza<\/strong>, d&rsquo;o\u00f9 le nom du restaurant, qui semble \u00eatre un souhait de t\u00e9nacit\u00e9 et de solidit\u00e9, s&rsquo;est install\u00e9 avec sa femme Antonella dans la r\u00e9gion lombarde de la Brianza et, il y a trois ans, a d\u00e9cid\u00e9 d&rsquo;\u00e9tendre son champ d&rsquo;action en mettant en pratique ses connaissances du monde culinaire en reprenant un restaurant \u00e0 Bellusco.<\/p><p>Le restaurant est tr\u00e8s grand, explique Francesco, sur deux niveaux, avec des salles et une v\u00e9randa pouvant accueillir de 50 \u00e0 120 personnes. Lorsque nous sommes arriv\u00e9s, il \u00e9tait ferm\u00e9 depuis quelques ann\u00e9es, vide et un peu d\u00e9labr\u00e9, et nous avons d\u00fb le r\u00e9nover compl\u00e8tement. Il est situ\u00e9 dans une zone industrielle, loin du centre ville, et nous avons tout de suite compris le potentiel de l&rsquo;endroit mais aussi ses limites : celui qui vient chez nous doit avoir une bonne raison de venir ici ; apparemment, le seul avantage semble \u00eatre le grand parking\u00a0\u00bb. Francesco Fortezza comprend que l&#8217;empreinte qu&rsquo;il veut donner \u00e0 son restaurant doit \u00eatre bien d\u00e9finie, que pour s\u00e9duire ses clients il doit leur offrir cette valeur ajout\u00e9e indispensable pour communiquer la notori\u00e9t\u00e9 du lieu et les fid\u00e9liser. Il explique fi\u00e8rement : \u00ab\u00a0D\u00e8s le d\u00e9part, nous avons mis la cuisine au top. Je me suis dit &#8211; je veux le meilleur pour mon restaurant &#8211; et nous nous sommes concentr\u00e9s sur l&rsquo;excellence de la qualit\u00e9 et le soin apport\u00e9 \u00e0 la pr\u00e9paration. La cuisine typique de la c\u00f4te amalfitaine s&rsquo;inspire de la tradition de la Campanie, mais se distingue par son \u00e9l\u00e9gance. C&rsquo;est une cuisine raffin\u00e9e. C&rsquo;est pourquoi nous avons mis\u00e9 sur un style raffin\u00e9, y compris dans la pr\u00e9sentation. Connaissant bien le monde de la restauration, nous avons imm\u00e9diatement orient\u00e9 le menu vers des choix de haut niveau. Puis j&rsquo;ai r\u00e9alis\u00e9 que dans ce contexte, la pizza pouvait \u00eatre une excellente alternative. La pizza conna\u00eet le m\u00eame ph\u00e9nom\u00e8ne de popularit\u00e9 et de croissance que la restauration il y a 10 ou 20 ans. Et je me suis dit pourquoi ne pas l&rsquo;introduire. Mais ici aussi, pour La Fortezza, le meilleur. C&rsquo;est dit, c&rsquo;est fait.  <\/p>\t\t\t\t\t\t\t\t<\/div>\n\t\t\t\t<\/div>\n\t\t\t\t\t<\/div>\n\t\t\t\t<\/div>\n\t\t<div class=\"elementor-element elementor-element-2a43f2f5 e-flex e-con-boxed e-con e-parent\" data-id=\"2a43f2f5\" data-element_type=\"container\" data-e-type=\"container\">\n\t\t\t\t\t<div class=\"e-con-inner\">\n\t\t\t\t<div class=\"elementor-element elementor-element-77898653 elementor-widget elementor-widget-image\" data-id=\"77898653\" data-element_type=\"widget\" data-e-type=\"widget\" data-widget_type=\"image.default\">\n\t\t\t\t<div class=\"elementor-widget-container\">\n\t\t\t\t\t\t\t\t\t\t\t\t\t\t\t<img decoding=\"async\" width=\"598\" height=\"800\" src=\"https:\/\/pizzastories.le5stagioni.com\/wp-content\/uploads\/2023\/06\/FORTEZZA-PIZZA-598x800.jpeg\" class=\"attachment-medium size-medium wp-image-6318\" alt=\"\" srcset=\"https:\/\/pizzastories.le5stagioni.com\/wp-content\/uploads\/2023\/06\/FORTEZZA-PIZZA-598x800.jpeg 598w, https:\/\/pizzastories.le5stagioni.com\/wp-content\/uploads\/2023\/06\/FORTEZZA-PIZZA-766x1024.jpeg 766w, https:\/\/pizzastories.le5stagioni.com\/wp-content\/uploads\/2023\/06\/FORTEZZA-PIZZA-768x1027.jpeg 768w, https:\/\/pizzastories.le5stagioni.com\/wp-content\/uploads\/2023\/06\/FORTEZZA-PIZZA.jpeg 935w\" sizes=\"(max-width: 598px) 100vw, 598px\" \/>\t\t\t\t\t\t\t\t\t\t\t\t\t\t\t<\/div>\n\t\t\t\t<\/div>\n\t\t\t\t\t<\/div>\n\t\t\t\t<\/div>\n\t\t<div class=\"elementor-element elementor-element-3cb98b5e e-flex e-con-boxed e-con e-parent\" data-id=\"3cb98b5e\" data-element_type=\"container\" data-e-type=\"container\">\n\t\t\t\t\t<div class=\"e-con-inner\">\n\t\t\t\t<div class=\"elementor-element elementor-element-48896c2e elementor-widget elementor-widget-text-editor\" data-id=\"48896c2e\" data-element_type=\"widget\" data-e-type=\"widget\" data-widget_type=\"text-editor.default\">\n\t\t\t\t<div class=\"elementor-widget-container\">\n\t\t\t\t\t\t\t\t\t<p>Francesco a regard\u00e9 autour de lui, a cherch\u00e9 des pizza\u00efolos \u00e0 la hauteur, puis a d\u00e9cid\u00e9 de mettre lui-m\u00eame la main \u00e0 la p\u00e2te. \u00ab\u00a0J&rsquo;\u00e9tais d\u00e9j\u00e0 en contact avec quelques ma\u00eetres pizza\u00efolos de mon village, des hommes et des familles qui ont une longue histoire, et avec leur aide j&rsquo;ai \u00e9tudi\u00e9 et essay\u00e9 jusqu&rsquo;\u00e0 ce que je trouve la bonne p\u00e2te pour moi, exactement ce que je voulais : unique et personnelle, excellente et sp\u00e9ciale. Encore une fois, je voulais ce qu&rsquo;il y a de mieux\u00a0\u00bb. <\/p><p><strong>Il choisit la farine 5 Stagioni<\/strong>, la Rossa classique, mais exp\u00e9rimente et fabrique sa propre p\u00e2te, \u00e0 tel point qu&rsquo;un jour le technicien du moulin, celui qui pr\u00e9pare les m\u00e9langes, go\u00fbte sa pizza et est stup\u00e9fait par l&rsquo;excellent r\u00e9sultat. Francesco r\u00e9v\u00e8le son secret : \u00ab\u00a0Je fais une p\u00e2te hydrat\u00e9e \u00e0 80 %, c&rsquo;est difficile mais j&rsquo;ai r\u00e9ussi. Mon ma\u00eetre m&rsquo;a toujours dit que la farine doit faire ce que je veux qu&rsquo;elle fasse et non l&rsquo;inverse. J&rsquo;ai eu beaucoup de mal, mais apr\u00e8s des essais et des exp\u00e9rimentations, j&rsquo;ai obtenu le r\u00e9sultat que je souhaitais. Le premier jour, je p\u00e9tris la biga avec 100 % de farine et 40 % d&rsquo;eau, j&rsquo;ajoute la levure &#8211; un peu &#8211; et je laisse reposer. Le lendemain, je la p\u00e9tris \u00e0 nouveau dans la machine avec 42 % d&rsquo;eau et du sel. Le r\u00e9sultat est une pizza contemporaine, \u00e0 mi-chemin entre une pizza napolitaine et une pizza c\u00f4ti\u00e8re typique, avec une texture mi-croustillante. La forte hydratation ne permet pas l&rsquo;utilisation d&rsquo;une pelle et la cuisson se fait \u00e0 la base du four \u00e0 une temp\u00e9rature ne d\u00e9passant pas 360\u00b0 C contre 400\u00b0 C et plus pour la napolitaine classique. Le temps de cuisson est \u00e9galement plus long, jusqu&rsquo;\u00e0 deux minutes.        <\/p><p>Avec ces caract\u00e9ristiques, nous ne pouvons pas nous pr\u00e9valoir de la marque Stg, mais ma pizza peut \u00eatre coup\u00e9e en quartiers et lorsque vous prenez le quartier dans la main, il ne s&rsquo;affaisse pas et vous pouvez l&rsquo;approcher de votre bouche sans avoir \u00e0 l&rsquo;accompagner, car la texture biscuit\u00e9e le permet. C&rsquo;est une pizza qui a une identit\u00e9 unique, une personnalit\u00e9 propre\u00a0\u00bb. Les clients qui venaient auparavant attir\u00e9s par la cuisine et sa carte viennent d\u00e9sormais aussi pour la pizza, car ils savent qu&rsquo;ils ne la trouveront nulle part ailleurs. Les garnitures sont irr\u00e9prochables, la sauce tomate est une recette du chef \u00e0 base de 4 types de tomates diff\u00e9rentes : c&rsquo;est parfait ! En un an, les pizzas ont tripl\u00e9, passant de 20 \u00e0 80 kg de p\u00e2te par jour. Francesco fait aussi du pain qu&rsquo;il sert \u00e0 table ou vend aux clients. \u00c0 midi, la moyenne est de 150 couverts, mais c&rsquo;est le soir que l&rsquo;on mesure le succ\u00e8s, il faut donner plus. Aujourd&rsquo;hui, les clients arrivent aussi des villes voisines, de Lecco, de Lodi, de Milan : jusqu&rsquo;\u00e0 400 pizzas en une soir\u00e9e. La proposition s&rsquo;enrichit de menus sur mesure pour la table, d&rsquo;itin\u00e9raires de d\u00e9gustation, de sp\u00e9cialit\u00e9s savoureuses comme les fritures qui conqui\u00e8rent les palais les plus exigeants parce qu&rsquo;elles sont s\u00e8ches, croustillantes, les pizzas sp\u00e9ciales \u00e0 la scarole en portion individuelle, un succ\u00e8s retentissant, la pizza blanche au carpaccio, les focaccias \u00e0 la mozzarella et \u00e0 la provola : \u00ab\u00a0Nous essayons de ne pas \u00eatre les restaurateurs typiques li\u00e9s au pass\u00e9 mais nous voulons donner une vision moderne et sp\u00e9cialis\u00e9e de la cuisine\u00a0\u00bb.        <\/p><p>Nous voulons intriguer les clients et les s\u00e9duire par l&rsquo;originalit\u00e9 de nos propositions, toujours de haut niveau et de qualit\u00e9 sup\u00e9rieure. Sur la c\u00f4te amalfitaine, on nous apprend d\u00e8s le plus jeune \u00e2ge \u00e0 avoir des relations avec les gens, \u00e0 travailler dur et \u00e0 aspirer \u00e0 ce qu&rsquo;il y a de mieux. Je continue \u00e0 le faire avec mon \u00e9quipe, qui se compose d&rsquo;une quinzaine de personnes : nous aimerions en avoir plus\u00a0\u00bb, dit M. Fortezza, \u00ab\u00a0mais il est de plus en plus difficile de trouver du personnel, m\u00eame si le travail ne manque pas, m\u00eame si j&rsquo;ai des contrats \u00e9quitables et d&rsquo;excellentes conditions. Bien s\u00fbr, les heures sont lourdes, mais c&rsquo;est ainsi, nous esp\u00e9rons trouver un juste \u00e9quilibre. Nous essayons et la r\u00e9ponse est bonne, nous sommes contents\u00a0\u00bb.    <\/p>\t\t\t\t\t\t\t\t<\/div>\n\t\t\t\t<\/div>\n\t\t\t\t\t<\/div>\n\t\t\t\t<\/div>\n\t\t<div class=\"elementor-element elementor-element-268cc278 e-flex e-con-boxed e-con e-parent\" data-id=\"268cc278\" data-element_type=\"container\" data-e-type=\"container\">\n\t\t\t\t\t<div class=\"e-con-inner\">\n\t\t\t\t\t<\/div>\n\t\t\t\t<\/div>\n\t\t<div class=\"elementor-element elementor-element-63aa7b6b e-flex e-con-boxed e-con e-parent\" data-id=\"63aa7b6b\" data-element_type=\"container\" data-e-type=\"container\">\n\t\t\t\t\t<div class=\"e-con-inner\">\n\t\t\t\t\t<\/div>\n\t\t\t\t<\/div>\n\t\t\t\t<\/div>\n\t\t","protected":false},"excerpt":{"rendered":"<p>Une histoire familiale li\u00e9e \u00e0 la restauration, l&rsquo;esprit d&rsquo;entreprise d&rsquo;un jeune couple venu s&rsquo;installer en Lombardie, une pizzeria qui \u00e9voque la tradition c\u00f4ti\u00e8re et la transmet avec un regard tourn\u00e9 vers l&rsquo;avenir et l&rsquo;innovation.<\/p>\n","protected":false},"author":3,"featured_media":6312,"comment_status":"closed","ping_status":"closed","sticky":false,"template":"","format":"standard","meta":{"_acf_changed":false,"footnotes":""},"categories":[175],"tags":[],"class_list":["post-6301","post","type-post","status-publish","format-standard","has-post-thumbnail","hentry","category-decouverte-fr"],"acf":[],"yoast_head":"<!-- This site is optimized with the Yoast SEO plugin v27.5 - https:\/\/yoast.com\/product\/yoast-seo-wordpress\/ -->\n<title>De la c\u00f4te amalfitaine \u00e0 la forteresse, en nom et en fait - Pizza Stories<\/title>\n<meta name=\"description\" content=\"La pizza de La Fortezza \u00e0 Bellusco se refait une beaut\u00e9 gr\u00e2ce \u00e0 un m\u00e9lange sp\u00e9cial de farine Le 5 Stagioni et \u00e0 un taux d&#039;humidit\u00e9 tr\u00e8s \u00e9lev\u00e9. En savoir plus\" \/>\n<meta name=\"robots\" content=\"index, follow, max-snippet:-1, max-image-preview:large, max-video-preview:-1\" \/>\n<link rel=\"canonical\" href=\"https:\/\/pizzastories.le5stagioni.com\/fr\/decouverte-fr\/de-la-cote-amalfitaine-a-la-forteresse-en-nom-et-en-fait\/\" \/>\n<meta property=\"og:locale\" content=\"fr_FR\" \/>\n<meta property=\"og:type\" content=\"article\" \/>\n<meta property=\"og:title\" content=\"De la c\u00f4te amalfitaine \u00e0 la forteresse, en nom et en fait - Pizza Stories\" \/>\n<meta property=\"og:description\" content=\"La pizza de La Fortezza \u00e0 Bellusco se refait une beaut\u00e9 gr\u00e2ce \u00e0 un m\u00e9lange sp\u00e9cial de farine Le 5 Stagioni et \u00e0 un taux d&#039;humidit\u00e9 tr\u00e8s \u00e9lev\u00e9. En savoir plus\" \/>\n<meta property=\"og:url\" content=\"https:\/\/pizzastories.le5stagioni.com\/fr\/decouverte-fr\/de-la-cote-amalfitaine-a-la-forteresse-en-nom-et-en-fait\/\" \/>\n<meta property=\"og:site_name\" content=\"Pizza Stories\" \/>\n<meta property=\"article:published_time\" content=\"2023-06-05T12:38:35+00:00\" \/>\n<meta property=\"article:modified_time\" content=\"2025-07-02T15:49:48+00:00\" \/>\n<meta property=\"og:image\" content=\"https:\/\/pizzastories.le5stagioni.com\/wp-content\/uploads\/2023\/06\/FORTEZZA.jpeg\" \/>\n\t<meta property=\"og:image:width\" content=\"1200\" \/>\n\t<meta property=\"og:image:height\" content=\"800\" \/>\n\t<meta property=\"og:image:type\" content=\"image\/jpeg\" \/>\n<meta name=\"author\" content=\"Giovanni\" \/>\n<meta name=\"twitter:card\" content=\"summary_large_image\" \/>\n<meta name=\"twitter:label1\" content=\"\u00c9crit par\" \/>\n\t<meta name=\"twitter:data1\" content=\"Giovanni\" \/>\n\t<meta name=\"twitter:label2\" content=\"Dur\u00e9e de lecture estim\u00e9e\" \/>\n\t<meta name=\"twitter:data2\" content=\"6 minutes\" \/>\n<script type=\"application\/ld+json\" class=\"yoast-schema-graph\">{\"@context\":\"https:\\\/\\\/schema.org\",\"@graph\":[{\"@type\":\"Article\",\"@id\":\"https:\\\/\\\/pizzastories.le5stagioni.com\\\/fr\\\/decouverte-fr\\\/de-la-cote-amalfitaine-a-la-forteresse-en-nom-et-en-fait\\\/#article\",\"isPartOf\":{\"@id\":\"https:\\\/\\\/pizzastories.le5stagioni.com\\\/fr\\\/decouverte-fr\\\/de-la-cote-amalfitaine-a-la-forteresse-en-nom-et-en-fait\\\/\"},\"author\":{\"name\":\"Giovanni\",\"@id\":\"https:\\\/\\\/pizzastories.le5stagioni.com\\\/fr\\\/#\\\/schema\\\/person\\\/0d424ca2391dc26a6473ca01cc351137\"},\"headline\":\"De la c\u00f4te amalfitaine \u00e0 la forteresse, en nom et en fait\",\"datePublished\":\"2023-06-05T12:38:35+00:00\",\"dateModified\":\"2025-07-02T15:49:48+00:00\",\"mainEntityOfPage\":{\"@id\":\"https:\\\/\\\/pizzastories.le5stagioni.com\\\/fr\\\/decouverte-fr\\\/de-la-cote-amalfitaine-a-la-forteresse-en-nom-et-en-fait\\\/\"},\"wordCount\":1250,\"publisher\":{\"@id\":\"https:\\\/\\\/pizzastories.le5stagioni.com\\\/fr\\\/#organization\"},\"image\":{\"@id\":\"https:\\\/\\\/pizzastories.le5stagioni.com\\\/fr\\\/decouverte-fr\\\/de-la-cote-amalfitaine-a-la-forteresse-en-nom-et-en-fait\\\/#primaryimage\"},\"thumbnailUrl\":\"https:\\\/\\\/pizzastories.le5stagioni.com\\\/wp-content\\\/uploads\\\/2023\\\/06\\\/FORTEZZA.jpeg\",\"articleSection\":[\"d\u00e9couverte\"],\"inLanguage\":\"fr-FR\"},{\"@type\":\"WebPage\",\"@id\":\"https:\\\/\\\/pizzastories.le5stagioni.com\\\/fr\\\/decouverte-fr\\\/de-la-cote-amalfitaine-a-la-forteresse-en-nom-et-en-fait\\\/\",\"url\":\"https:\\\/\\\/pizzastories.le5stagioni.com\\\/fr\\\/decouverte-fr\\\/de-la-cote-amalfitaine-a-la-forteresse-en-nom-et-en-fait\\\/\",\"name\":\"De la c\u00f4te amalfitaine \u00e0 la forteresse, en nom et en fait - Pizza Stories\",\"isPartOf\":{\"@id\":\"https:\\\/\\\/pizzastories.le5stagioni.com\\\/fr\\\/#website\"},\"primaryImageOfPage\":{\"@id\":\"https:\\\/\\\/pizzastories.le5stagioni.com\\\/fr\\\/decouverte-fr\\\/de-la-cote-amalfitaine-a-la-forteresse-en-nom-et-en-fait\\\/#primaryimage\"},\"image\":{\"@id\":\"https:\\\/\\\/pizzastories.le5stagioni.com\\\/fr\\\/decouverte-fr\\\/de-la-cote-amalfitaine-a-la-forteresse-en-nom-et-en-fait\\\/#primaryimage\"},\"thumbnailUrl\":\"https:\\\/\\\/pizzastories.le5stagioni.com\\\/wp-content\\\/uploads\\\/2023\\\/06\\\/FORTEZZA.jpeg\",\"datePublished\":\"2023-06-05T12:38:35+00:00\",\"dateModified\":\"2025-07-02T15:49:48+00:00\",\"description\":\"La pizza de La Fortezza \u00e0 Bellusco se refait une beaut\u00e9 gr\u00e2ce \u00e0 un m\u00e9lange sp\u00e9cial de farine Le 5 Stagioni et \u00e0 un taux d'humidit\u00e9 tr\u00e8s \u00e9lev\u00e9. En savoir plus\",\"breadcrumb\":{\"@id\":\"https:\\\/\\\/pizzastories.le5stagioni.com\\\/fr\\\/decouverte-fr\\\/de-la-cote-amalfitaine-a-la-forteresse-en-nom-et-en-fait\\\/#breadcrumb\"},\"inLanguage\":\"fr-FR\",\"potentialAction\":[{\"@type\":\"ReadAction\",\"target\":[\"https:\\\/\\\/pizzastories.le5stagioni.com\\\/fr\\\/decouverte-fr\\\/de-la-cote-amalfitaine-a-la-forteresse-en-nom-et-en-fait\\\/\"]}]},{\"@type\":\"ImageObject\",\"inLanguage\":\"fr-FR\",\"@id\":\"https:\\\/\\\/pizzastories.le5stagioni.com\\\/fr\\\/decouverte-fr\\\/de-la-cote-amalfitaine-a-la-forteresse-en-nom-et-en-fait\\\/#primaryimage\",\"url\":\"https:\\\/\\\/pizzastories.le5stagioni.com\\\/wp-content\\\/uploads\\\/2023\\\/06\\\/FORTEZZA.jpeg\",\"contentUrl\":\"https:\\\/\\\/pizzastories.le5stagioni.com\\\/wp-content\\\/uploads\\\/2023\\\/06\\\/FORTEZZA.jpeg\",\"width\":1200,\"height\":800,\"caption\":\"Fortezza pizzeria pizza con miscela speciale di farina le 5 stagioni deli molini agugiaro & figna per un impasto ad altissima idratazione\"},{\"@type\":\"BreadcrumbList\",\"@id\":\"https:\\\/\\\/pizzastories.le5stagioni.com\\\/fr\\\/decouverte-fr\\\/de-la-cote-amalfitaine-a-la-forteresse-en-nom-et-en-fait\\\/#breadcrumb\",\"itemListElement\":[{\"@type\":\"ListItem\",\"position\":1,\"name\":\"Home\",\"item\":\"https:\\\/\\\/pizzastories.le5stagioni.com\\\/fr\\\/\"},{\"@type\":\"ListItem\",\"position\":2,\"name\":\"De la c\u00f4te amalfitaine \u00e0 la forteresse, en nom et en fait\"}]},{\"@type\":\"WebSite\",\"@id\":\"https:\\\/\\\/pizzastories.le5stagioni.com\\\/fr\\\/#website\",\"url\":\"https:\\\/\\\/pizzastories.le5stagioni.com\\\/fr\\\/\",\"name\":\"Pizza Stories\",\"description\":\"La community degli amanti della pizza\",\"publisher\":{\"@id\":\"https:\\\/\\\/pizzastories.le5stagioni.com\\\/fr\\\/#organization\"},\"potentialAction\":[{\"@type\":\"SearchAction\",\"target\":{\"@type\":\"EntryPoint\",\"urlTemplate\":\"https:\\\/\\\/pizzastories.le5stagioni.com\\\/fr\\\/?s={search_term_string}\"},\"query-input\":{\"@type\":\"PropertyValueSpecification\",\"valueRequired\":true,\"valueName\":\"search_term_string\"}}],\"inLanguage\":\"fr-FR\"},{\"@type\":\"Organization\",\"@id\":\"https:\\\/\\\/pizzastories.le5stagioni.com\\\/fr\\\/#organization\",\"name\":\"Pizza Stories\",\"url\":\"https:\\\/\\\/pizzastories.le5stagioni.com\\\/fr\\\/\",\"logo\":{\"@type\":\"ImageObject\",\"inLanguage\":\"fr-FR\",\"@id\":\"https:\\\/\\\/pizzastories.le5stagioni.com\\\/fr\\\/#\\\/schema\\\/logo\\\/image\\\/\",\"url\":\"https:\\\/\\\/pizzastories.le5stagioni.com\\\/wp-content\\\/uploads\\\/2025\\\/05\\\/cropped-pizza-stories-logo.png\",\"contentUrl\":\"https:\\\/\\\/pizzastories.le5stagioni.com\\\/wp-content\\\/uploads\\\/2025\\\/05\\\/cropped-pizza-stories-logo.png\",\"width\":512,\"height\":512,\"caption\":\"Pizza Stories\"},\"image\":{\"@id\":\"https:\\\/\\\/pizzastories.le5stagioni.com\\\/fr\\\/#\\\/schema\\\/logo\\\/image\\\/\"}},{\"@type\":\"Person\",\"@id\":\"https:\\\/\\\/pizzastories.le5stagioni.com\\\/fr\\\/#\\\/schema\\\/person\\\/0d424ca2391dc26a6473ca01cc351137\",\"name\":\"Giovanni\",\"image\":{\"@type\":\"ImageObject\",\"inLanguage\":\"fr-FR\",\"@id\":\"https:\\\/\\\/secure.gravatar.com\\\/avatar\\\/e790db86f03a781da86f49749663d3c225e90a6481699e19e0845b59a9a45b2f?s=96&d=mm&r=g\",\"url\":\"https:\\\/\\\/secure.gravatar.com\\\/avatar\\\/e790db86f03a781da86f49749663d3c225e90a6481699e19e0845b59a9a45b2f?s=96&d=mm&r=g\",\"contentUrl\":\"https:\\\/\\\/secure.gravatar.com\\\/avatar\\\/e790db86f03a781da86f49749663d3c225e90a6481699e19e0845b59a9a45b2f?s=96&d=mm&r=g\",\"caption\":\"Giovanni\"},\"url\":\"https:\\\/\\\/pizzastories.le5stagioni.com\\\/fr\\\/author\\\/giovanni\\\/\"}]}<\/script>\n<!-- \/ Yoast SEO plugin. -->","yoast_head_json":{"title":"De la c\u00f4te amalfitaine \u00e0 la forteresse, en nom et en fait - Pizza Stories","description":"La pizza de La Fortezza \u00e0 Bellusco se refait une beaut\u00e9 gr\u00e2ce \u00e0 un m\u00e9lange sp\u00e9cial de farine Le 5 Stagioni et \u00e0 un taux d'humidit\u00e9 tr\u00e8s \u00e9lev\u00e9. En savoir plus","robots":{"index":"index","follow":"follow","max-snippet":"max-snippet:-1","max-image-preview":"max-image-preview:large","max-video-preview":"max-video-preview:-1"},"canonical":"https:\/\/pizzastories.le5stagioni.com\/fr\/decouverte-fr\/de-la-cote-amalfitaine-a-la-forteresse-en-nom-et-en-fait\/","og_locale":"fr_FR","og_type":"article","og_title":"De la c\u00f4te amalfitaine \u00e0 la forteresse, en nom et en fait - Pizza Stories","og_description":"La pizza de La Fortezza \u00e0 Bellusco se refait une beaut\u00e9 gr\u00e2ce \u00e0 un m\u00e9lange sp\u00e9cial de farine Le 5 Stagioni et \u00e0 un taux d'humidit\u00e9 tr\u00e8s \u00e9lev\u00e9. En savoir plus","og_url":"https:\/\/pizzastories.le5stagioni.com\/fr\/decouverte-fr\/de-la-cote-amalfitaine-a-la-forteresse-en-nom-et-en-fait\/","og_site_name":"Pizza Stories","article_published_time":"2023-06-05T12:38:35+00:00","article_modified_time":"2025-07-02T15:49:48+00:00","og_image":[{"width":1200,"height":800,"url":"https:\/\/pizzastories.le5stagioni.com\/wp-content\/uploads\/2023\/06\/FORTEZZA.jpeg","type":"image\/jpeg"}],"author":"Giovanni","twitter_card":"summary_large_image","twitter_misc":{"\u00c9crit par":"Giovanni","Dur\u00e9e de lecture estim\u00e9e":"6 minutes"},"schema":{"@context":"https:\/\/schema.org","@graph":[{"@type":"Article","@id":"https:\/\/pizzastories.le5stagioni.com\/fr\/decouverte-fr\/de-la-cote-amalfitaine-a-la-forteresse-en-nom-et-en-fait\/#article","isPartOf":{"@id":"https:\/\/pizzastories.le5stagioni.com\/fr\/decouverte-fr\/de-la-cote-amalfitaine-a-la-forteresse-en-nom-et-en-fait\/"},"author":{"name":"Giovanni","@id":"https:\/\/pizzastories.le5stagioni.com\/fr\/#\/schema\/person\/0d424ca2391dc26a6473ca01cc351137"},"headline":"De la c\u00f4te amalfitaine \u00e0 la forteresse, en nom et en fait","datePublished":"2023-06-05T12:38:35+00:00","dateModified":"2025-07-02T15:49:48+00:00","mainEntityOfPage":{"@id":"https:\/\/pizzastories.le5stagioni.com\/fr\/decouverte-fr\/de-la-cote-amalfitaine-a-la-forteresse-en-nom-et-en-fait\/"},"wordCount":1250,"publisher":{"@id":"https:\/\/pizzastories.le5stagioni.com\/fr\/#organization"},"image":{"@id":"https:\/\/pizzastories.le5stagioni.com\/fr\/decouverte-fr\/de-la-cote-amalfitaine-a-la-forteresse-en-nom-et-en-fait\/#primaryimage"},"thumbnailUrl":"https:\/\/pizzastories.le5stagioni.com\/wp-content\/uploads\/2023\/06\/FORTEZZA.jpeg","articleSection":["d\u00e9couverte"],"inLanguage":"fr-FR"},{"@type":"WebPage","@id":"https:\/\/pizzastories.le5stagioni.com\/fr\/decouverte-fr\/de-la-cote-amalfitaine-a-la-forteresse-en-nom-et-en-fait\/","url":"https:\/\/pizzastories.le5stagioni.com\/fr\/decouverte-fr\/de-la-cote-amalfitaine-a-la-forteresse-en-nom-et-en-fait\/","name":"De la c\u00f4te amalfitaine \u00e0 la forteresse, en nom et en fait - Pizza Stories","isPartOf":{"@id":"https:\/\/pizzastories.le5stagioni.com\/fr\/#website"},"primaryImageOfPage":{"@id":"https:\/\/pizzastories.le5stagioni.com\/fr\/decouverte-fr\/de-la-cote-amalfitaine-a-la-forteresse-en-nom-et-en-fait\/#primaryimage"},"image":{"@id":"https:\/\/pizzastories.le5stagioni.com\/fr\/decouverte-fr\/de-la-cote-amalfitaine-a-la-forteresse-en-nom-et-en-fait\/#primaryimage"},"thumbnailUrl":"https:\/\/pizzastories.le5stagioni.com\/wp-content\/uploads\/2023\/06\/FORTEZZA.jpeg","datePublished":"2023-06-05T12:38:35+00:00","dateModified":"2025-07-02T15:49:48+00:00","description":"La pizza de La Fortezza \u00e0 Bellusco se refait une beaut\u00e9 gr\u00e2ce \u00e0 un m\u00e9lange sp\u00e9cial de farine Le 5 Stagioni et \u00e0 un taux d'humidit\u00e9 tr\u00e8s \u00e9lev\u00e9. En savoir plus","breadcrumb":{"@id":"https:\/\/pizzastories.le5stagioni.com\/fr\/decouverte-fr\/de-la-cote-amalfitaine-a-la-forteresse-en-nom-et-en-fait\/#breadcrumb"},"inLanguage":"fr-FR","potentialAction":[{"@type":"ReadAction","target":["https:\/\/pizzastories.le5stagioni.com\/fr\/decouverte-fr\/de-la-cote-amalfitaine-a-la-forteresse-en-nom-et-en-fait\/"]}]},{"@type":"ImageObject","inLanguage":"fr-FR","@id":"https:\/\/pizzastories.le5stagioni.com\/fr\/decouverte-fr\/de-la-cote-amalfitaine-a-la-forteresse-en-nom-et-en-fait\/#primaryimage","url":"https:\/\/pizzastories.le5stagioni.com\/wp-content\/uploads\/2023\/06\/FORTEZZA.jpeg","contentUrl":"https:\/\/pizzastories.le5stagioni.com\/wp-content\/uploads\/2023\/06\/FORTEZZA.jpeg","width":1200,"height":800,"caption":"Fortezza pizzeria pizza con miscela speciale di farina le 5 stagioni deli molini agugiaro & figna per un impasto ad altissima idratazione"},{"@type":"BreadcrumbList","@id":"https:\/\/pizzastories.le5stagioni.com\/fr\/decouverte-fr\/de-la-cote-amalfitaine-a-la-forteresse-en-nom-et-en-fait\/#breadcrumb","itemListElement":[{"@type":"ListItem","position":1,"name":"Home","item":"https:\/\/pizzastories.le5stagioni.com\/fr\/"},{"@type":"ListItem","position":2,"name":"De la c\u00f4te amalfitaine \u00e0 la forteresse, en nom et en fait"}]},{"@type":"WebSite","@id":"https:\/\/pizzastories.le5stagioni.com\/fr\/#website","url":"https:\/\/pizzastories.le5stagioni.com\/fr\/","name":"Pizza Stories","description":"La community degli amanti della pizza","publisher":{"@id":"https:\/\/pizzastories.le5stagioni.com\/fr\/#organization"},"potentialAction":[{"@type":"SearchAction","target":{"@type":"EntryPoint","urlTemplate":"https:\/\/pizzastories.le5stagioni.com\/fr\/?s={search_term_string}"},"query-input":{"@type":"PropertyValueSpecification","valueRequired":true,"valueName":"search_term_string"}}],"inLanguage":"fr-FR"},{"@type":"Organization","@id":"https:\/\/pizzastories.le5stagioni.com\/fr\/#organization","name":"Pizza Stories","url":"https:\/\/pizzastories.le5stagioni.com\/fr\/","logo":{"@type":"ImageObject","inLanguage":"fr-FR","@id":"https:\/\/pizzastories.le5stagioni.com\/fr\/#\/schema\/logo\/image\/","url":"https:\/\/pizzastories.le5stagioni.com\/wp-content\/uploads\/2025\/05\/cropped-pizza-stories-logo.png","contentUrl":"https:\/\/pizzastories.le5stagioni.com\/wp-content\/uploads\/2025\/05\/cropped-pizza-stories-logo.png","width":512,"height":512,"caption":"Pizza Stories"},"image":{"@id":"https:\/\/pizzastories.le5stagioni.com\/fr\/#\/schema\/logo\/image\/"}},{"@type":"Person","@id":"https:\/\/pizzastories.le5stagioni.com\/fr\/#\/schema\/person\/0d424ca2391dc26a6473ca01cc351137","name":"Giovanni","image":{"@type":"ImageObject","inLanguage":"fr-FR","@id":"https:\/\/secure.gravatar.com\/avatar\/e790db86f03a781da86f49749663d3c225e90a6481699e19e0845b59a9a45b2f?s=96&d=mm&r=g","url":"https:\/\/secure.gravatar.com\/avatar\/e790db86f03a781da86f49749663d3c225e90a6481699e19e0845b59a9a45b2f?s=96&d=mm&r=g","contentUrl":"https:\/\/secure.gravatar.com\/avatar\/e790db86f03a781da86f49749663d3c225e90a6481699e19e0845b59a9a45b2f?s=96&d=mm&r=g","caption":"Giovanni"},"url":"https:\/\/pizzastories.le5stagioni.com\/fr\/author\/giovanni\/"}]}},"_links":{"self":[{"href":"https:\/\/pizzastories.le5stagioni.com\/fr\/wp-json\/wp\/v2\/posts\/6301","targetHints":{"allow":["GET"]}}],"collection":[{"href":"https:\/\/pizzastories.le5stagioni.com\/fr\/wp-json\/wp\/v2\/posts"}],"about":[{"href":"https:\/\/pizzastories.le5stagioni.com\/fr\/wp-json\/wp\/v2\/types\/post"}],"author":[{"embeddable":true,"href":"https:\/\/pizzastories.le5stagioni.com\/fr\/wp-json\/wp\/v2\/users\/3"}],"replies":[{"embeddable":true,"href":"https:\/\/pizzastories.le5stagioni.com\/fr\/wp-json\/wp\/v2\/comments?post=6301"}],"version-history":[{"count":2,"href":"https:\/\/pizzastories.le5stagioni.com\/fr\/wp-json\/wp\/v2\/posts\/6301\/revisions"}],"predecessor-version":[{"id":6328,"href":"https:\/\/pizzastories.le5stagioni.com\/fr\/wp-json\/wp\/v2\/posts\/6301\/revisions\/6328"}],"wp:featuredmedia":[{"embeddable":true,"href":"https:\/\/pizzastories.le5stagioni.com\/fr\/wp-json\/wp\/v2\/media\/6312"}],"wp:attachment":[{"href":"https:\/\/pizzastories.le5stagioni.com\/fr\/wp-json\/wp\/v2\/media?parent=6301"}],"wp:term":[{"taxonomy":"category","embeddable":true,"href":"https:\/\/pizzastories.le5stagioni.com\/fr\/wp-json\/wp\/v2\/categories?post=6301"},{"taxonomy":"post_tag","embeddable":true,"href":"https:\/\/pizzastories.le5stagioni.com\/fr\/wp-json\/wp\/v2\/tags?post=6301"}],"curies":[{"name":"wp","href":"https:\/\/api.w.org\/{rel}","templated":true}]}}