{"id":5674,"date":"2023-06-05T14:38:35","date_gmt":"2023-06-05T12:38:35","guid":{"rendered":"https:\/\/pizzastories.le5stagioni.com\/?p=5674"},"modified":"2025-07-02T17:49:47","modified_gmt":"2025-07-02T15:49:47","slug":"dalla-costa-damalfi-alla-fortezza-di-nome-e-di-fatto","status":"publish","type":"post","link":"https:\/\/pizzastories.le5stagioni.com\/it\/discovery\/dalla-costa-damalfi-alla-fortezza-di-nome-e-di-fatto\/","title":{"rendered":"Dalla Costa d\u2019Amalfi alla Fortezza, di nome e di fatto"},"content":{"rendered":"\t\t<div data-elementor-type=\"wp-post\" data-elementor-id=\"5674\" class=\"elementor elementor-5674\" data-elementor-post-type=\"post\">\n\t\t\t\t<div class=\"elementor-element elementor-element-53336a07 e-flex e-con-boxed e-con e-parent\" data-id=\"53336a07\" data-element_type=\"container\" data-e-type=\"container\">\n\t\t\t\t\t<div class=\"e-con-inner\">\n\t\t\t\t<div class=\"elementor-element elementor-element-8716118 elementor-widget elementor-widget-text-editor\" data-id=\"8716118\" data-element_type=\"widget\" data-e-type=\"widget\" data-widget_type=\"text-editor.default\">\n\t\t\t\t<div class=\"elementor-widget-container\">\n\t\t\t\t\t\t\t\t\t<p><em>Una storia di famiglia legata alla ristorazione, l\u2019intraprendenza di una giovane coppia che si trasferisce in Lombardia, una pizzeria che evoca la tradizione costiera e la trasmette con uno sguardo al futuro e all\u2019innovazione.<\/em><\/p>\t\t\t\t\t\t\t\t<\/div>\n\t\t\t\t<\/div>\n\t\t\t\t<div class=\"elementor-element elementor-element-416b576b elementor-widget elementor-widget-image\" data-id=\"416b576b\" data-element_type=\"widget\" data-e-type=\"widget\" data-widget_type=\"image.default\">\n\t\t\t\t<div class=\"elementor-widget-container\">\n\t\t\t\t\t\t\t\t\t\t\t\t\t\t\t<img fetchpriority=\"high\" decoding=\"async\" width=\"768\" height=\"512\" src=\"https:\/\/pizzastories.le5stagioni.com\/wp-content\/uploads\/2023\/06\/FORTEZZA-768x512.jpeg\" class=\"attachment-medium_large size-medium_large wp-image-6310\" alt=\"\" srcset=\"https:\/\/pizzastories.le5stagioni.com\/wp-content\/uploads\/2023\/06\/FORTEZZA-768x512.jpeg 768w, https:\/\/pizzastories.le5stagioni.com\/wp-content\/uploads\/2023\/06\/FORTEZZA-800x533.jpeg 800w, https:\/\/pizzastories.le5stagioni.com\/wp-content\/uploads\/2023\/06\/FORTEZZA-1024x683.jpeg 1024w, https:\/\/pizzastories.le5stagioni.com\/wp-content\/uploads\/2023\/06\/FORTEZZA.jpeg 1200w\" sizes=\"(max-width: 768px) 100vw, 768px\" \/>\t\t\t\t\t\t\t\t\t\t\t\t\t\t\t<\/div>\n\t\t\t\t<\/div>\n\t\t\t\t\t<\/div>\n\t\t\t\t<\/div>\n\t\t<div class=\"elementor-element elementor-element-78f6e281 e-flex e-con-boxed e-con e-parent\" data-id=\"78f6e281\" data-element_type=\"container\" data-e-type=\"container\">\n\t\t\t\t\t<div class=\"e-con-inner\">\n\t\t\t\t<div class=\"elementor-element elementor-element-7200ce7c elementor-widget elementor-widget-text-editor\" data-id=\"7200ce7c\" data-element_type=\"widget\" data-e-type=\"widget\" data-widget_type=\"text-editor.default\">\n\t\t\t\t<div class=\"elementor-widget-container\">\n\t\t\t\t\t\t\t\t\t<p>La storia di <strong>La Fortezza, ristorante e pizzeria a Bellusco (MB), <\/strong>arriva da lontano. Giunge con il suo artefice una decina di anni fa dalla splendida Costiera Amalfitana, alimentata dalla tradizione gastronomica tramandata di generazione in generazione e forte dell\u2019esperienza maturata presso l\u2019azienda di famiglia, fortemente ancorata al mondo ristorazione.<\/p><p><strong>Francesco Fortezza<\/strong>, da qui il nome del locale e sembra quasi un auspicio di tenacia e solidit\u00e0, si trasferisce con la moglie Antonella nella lombarda Brianza e, tre anni fa, decide di allargare il suo raggio d\u2019azione mettendo in pratica la sua conoscenza del mondo della cucina rilevando un locale a Bellusco.<\/p><p>\u201cIl locale \u00e8 molto grande \u2013 racconta Francesco \u2013 su due livelli, con sale e una veranda che accolgono da 50 a 120 coperti. Quando siamo arrivati era chiuso da alcuni anni, era vuoto e un po\u2019 malandato, e abbiamo dovuto ristrutturarlo completamente. Si trova in una zona industriale, lontano dal centro abitato e subito abbiamo intuito le potenzialit\u00e0 del luogo ma anche i suoi limiti: chi viene da noi deve avere un buon motivo per arrivare fin qui; apparentemente l\u2019unico vantaggio sembrerebbe essere l\u2019ampio parcheggio\u201d. Francesco Fortezza capisce che l\u2019impronta che intende dare al suo locale deve essere ben delineata, che per conquistare il suo cliente deve offrire quel valore aggiunto indispensabile a comunicare la fama del posto e fidelizzarlo. Spiega con orgoglio: \u201cSubito abbiamo impostato la cucina al meglio. Questo mi sono detto \u2013 voglio il meglio per il mio ristorante \u2013 e abbiamo puntato sulla qualit\u00e0 eccellente e sulla cura della preparazione. La cucina tipica della Costiera Amalfitana prende origine dalla tradizione campana ma si distingue per eleganza. \u00c8 una cucina raffinata. Per questo abbiamo puntato su uno stile ricercato, anche nell\u2019impiattamento. Conoscendo bene il mondo della ristorazione abbiamo subito improntato il men\u00f9 verso scelte di alto livello. Poi mi sono reso conto che in questo contesto la pizza poteva essere un\u2019ottima alternativa. La pizza sta vivendo quel fenomeno di popolarit\u00e0 e incremento che la ristorazione viveva 10\/20 anni fa. E mi sono detto perch\u00e9 non introdurla. Ma anche qui, per La Fortezza, il meglio. Detto fatto\u201d.<\/p>\t\t\t\t\t\t\t\t<\/div>\n\t\t\t\t<\/div>\n\t\t\t\t\t<\/div>\n\t\t\t\t<\/div>\n\t\t<div class=\"elementor-element elementor-element-2a43f2f5 e-flex e-con-boxed e-con e-parent\" data-id=\"2a43f2f5\" data-element_type=\"container\" data-e-type=\"container\">\n\t\t\t\t\t<div class=\"e-con-inner\">\n\t\t\t\t<div class=\"elementor-element elementor-element-77898653 elementor-widget elementor-widget-image\" data-id=\"77898653\" data-element_type=\"widget\" data-e-type=\"widget\" data-widget_type=\"image.default\">\n\t\t\t\t<div class=\"elementor-widget-container\">\n\t\t\t\t\t\t\t\t\t\t\t\t\t\t\t<img decoding=\"async\" width=\"598\" height=\"800\" src=\"https:\/\/pizzastories.le5stagioni.com\/wp-content\/uploads\/2023\/06\/FORTEZZA-PIZZA-598x800.jpeg\" class=\"attachment-medium size-medium wp-image-6316\" alt=\"\" srcset=\"https:\/\/pizzastories.le5stagioni.com\/wp-content\/uploads\/2023\/06\/FORTEZZA-PIZZA-598x800.jpeg 598w, https:\/\/pizzastories.le5stagioni.com\/wp-content\/uploads\/2023\/06\/FORTEZZA-PIZZA-766x1024.jpeg 766w, https:\/\/pizzastories.le5stagioni.com\/wp-content\/uploads\/2023\/06\/FORTEZZA-PIZZA-768x1027.jpeg 768w, https:\/\/pizzastories.le5stagioni.com\/wp-content\/uploads\/2023\/06\/FORTEZZA-PIZZA.jpeg 935w\" sizes=\"(max-width: 598px) 100vw, 598px\" \/>\t\t\t\t\t\t\t\t\t\t\t\t\t\t\t<\/div>\n\t\t\t\t<\/div>\n\t\t\t\t\t<\/div>\n\t\t\t\t<\/div>\n\t\t<div class=\"elementor-element elementor-element-3cb98b5e e-flex e-con-boxed e-con e-parent\" data-id=\"3cb98b5e\" data-element_type=\"container\" data-e-type=\"container\">\n\t\t\t\t\t<div class=\"e-con-inner\">\n\t\t\t\t<div class=\"elementor-element elementor-element-48896c2e elementor-widget elementor-widget-text-editor\" data-id=\"48896c2e\" data-element_type=\"widget\" data-e-type=\"widget\" data-widget_type=\"text-editor.default\">\n\t\t\t\t<div class=\"elementor-widget-container\">\n\t\t\t\t\t\t\t\t\t<p>Francesco si guarda intorno, cerca pizzaioli all\u2019altezza e poi decide di mettere le mani in pasta personalmente. \u201cEro gi\u00e0 in contatto con alcuni maestri pizzaioli del mio paese, ragazzi e famiglie con una lunga storia e con il loro aiuto ho studiato e provato finch\u00e9 ho trovato l\u2019impasto giusto per me, proprio quello che volevo: unico e personale, eccellente e speciale. Anche qui, volevo il meglio.\u201d.<\/p><p><strong>Sceglie la farina di 5 Stagioni<\/strong>, la Rossa classica, ma sperimenta e realizza il suo impasto personalizzato tanto che un giorno il tecnico del mulino, colui che prepara le miscele, assaggiando la sua pizza resta sbalordito dall\u2019ottimo risultato. Francesco svela il suo segreto: \u201cFaccio un impasto con l\u201980% di idratazione, \u00e8 difficile ma ci sono riuscito. Il mio maestro mi diceva sempre che la farina deve fare quello che voglio io e non il contrario. Una bella lotta ma dopo prove e esperimenti ho ottenuto il risultato che volevo. Il mio impasto \u00e8 indiretto, con biga; utilizzo l\u2019impastatrice tuffante da 80 kg e il primo giorno impasto la biga con 100% di farina e 40% di acqua, metto il lievito \u2013 poco \u2013 e lascio riposare. Il giorno successivo impasto nuovamente in macchina con il 42% di acqua e il sale. Il risultato \u00e8 una pizza contemporanea che sta a met\u00e0 strada tra una napoletana e una tipica della costiera, con un mezzo canotto e una consistenza pi\u00f9 croccante. L\u2019alta idratazione non consente l\u2019uso della pala e la cottura avviene applicata alla base del forno a temperatura che non supera i 360\u00b0 C contro i 400\u00b0 C e pi\u00f9 della napoletana classica. Anche il tempo di cottura \u00e8 superiore, fino a due minuti.<\/p><p>Con queste caratteristiche non possiamo vantare il marchio Stg ma la mia pizza pu\u00f2 essere tagliata a spicchi e quando prendi lo spicchio in mano non si affloscia e lo puoi avvicinare alla bocca senza doverlo accompagnare, perch\u00e9 la consistenza biscottata lo permette. \u00c8 una pizza dall\u2019identit\u00e0 unica, con una sua personalit\u00e0\u201d. I clienti che prima arrivavano attratti dalla cucina e dal suo men\u00f9 oggi vengono anche per la pizza perch\u00e9 sanno che cos\u00ec non la troveranno altrove. Il condimento \u00e8 all\u2019altezza, la salsa di pomodoro \u00e8 una ricetta dello chef realizzata con 4 tipi di pomodoro diversi: \u00e8 perfetta! In un solo anno le pizze triplicano, da 20 a 80 kg di impasto al giorno. Francesco produce anche il pane e lo serve a tavola o lo vende ai clienti. A mezzogiorno la media \u00e8 di 150 coperti ma \u00e8 la sera che il successo si misura, bisogna dare di pi\u00f9. Oggi i clienti arrivano anche dalle citt\u00e0 limitrofe, da Lecco, da Lodi, da Milano: fino a 400 pizze in una serata. La proposta si arricchisce di men\u00f9 costruiti su misura per la tavolata, percorsi di degustazione, specialit\u00e0 gustose come i fritti che conquistano i palati pi\u00f9 esigenti perch\u00e9 asciutti, croccanti, le speciali pizze di scarola in monoporzione, un successo strepitoso, la pizza bianca al carpaccio, le focacce con mozzarella e provola: \u201cCerchiamo di non essere i tipici ristoratori legati al passato ma vogliamo dare una visione moderna e specializzata della cucina.<\/p><p>Vogliamo incuriosire il cliente e conquistarlo con l\u2019originalit\u00e0 delle nostre proposte, sempre di alto livello e di qualit\u00e0 superiore. In Costiera ci insegnano fin da piccoli a relazionarci con la gente, a lavorare sodo e aspirare al meglio. Io continuo a farlo insieme al mio staff, composto di una quindicina di persone: ce ne vorrebbero di pi\u00f9 \u2013 afferma Fortezza \u2013 ma \u00e8 sempre pi\u00f9 difficile trovare personale, anche se il lavoro non manca, anche se faccio contratti equi e ottime condizioni. Certo gli orari sono pesanti ma \u00e8 un mestiere fatto cos\u00ec, speriamo di trovare l\u2019equilibrio giusto. Noi ci proviamo e la risposta \u00e8 buona, siamo contenti\u201d.<\/p>\t\t\t\t\t\t\t\t<\/div>\n\t\t\t\t<\/div>\n\t\t\t\t\t<\/div>\n\t\t\t\t<\/div>\n\t\t<div class=\"elementor-element elementor-element-268cc278 e-flex e-con-boxed e-con e-parent\" data-id=\"268cc278\" data-element_type=\"container\" data-e-type=\"container\">\n\t\t\t\t\t<div class=\"e-con-inner\">\n\t\t\t\t\t<\/div>\n\t\t\t\t<\/div>\n\t\t<div class=\"elementor-element elementor-element-63aa7b6b e-flex e-con-boxed e-con e-parent\" data-id=\"63aa7b6b\" data-element_type=\"container\" data-e-type=\"container\">\n\t\t\t\t\t<div class=\"e-con-inner\">\n\t\t\t\t\t<\/div>\n\t\t\t\t<\/div>\n\t\t\t\t<\/div>\n\t\t","protected":false},"excerpt":{"rendered":"<p>Una storia di famiglia legata alla ristorazione, l\u2019intraprendenza di una giovane coppia che si trasferisce in Lombardia, una pizzeria che evoca la tradizione costiera e la trasmette con uno sguardo al futuro e all\u2019innovazione<\/p>\n","protected":false},"author":3,"featured_media":6310,"comment_status":"closed","ping_status":"closed","sticky":false,"template":"","format":"standard","meta":{"_acf_changed":false,"footnotes":""},"categories":[91],"tags":[],"class_list":["post-5674","post","type-post","status-publish","format-standard","has-post-thumbnail","hentry","category-discovery"],"acf":[],"yoast_head":"<!-- This site is optimized with the Yoast SEO plugin v27.5 - https:\/\/yoast.com\/product\/yoast-seo-wordpress\/ -->\n<title>Dalla Costa d\u2019Amalfi alla Fortezza, di nome e di fatto - Pizza Stories<\/title>\n<meta name=\"description\" content=\"La pizza a La Fortezza a Bellusco si rinnova con una speciale miscela di farina Le 5 Stagioni e un\u2019altissima idratazione. Scopri di pi\u00f9\" \/>\n<meta name=\"robots\" content=\"index, follow, max-snippet:-1, max-image-preview:large, max-video-preview:-1\" \/>\n<link rel=\"canonical\" href=\"https:\/\/pizzastories.le5stagioni.com\/it\/discovery\/dalla-costa-damalfi-alla-fortezza-di-nome-e-di-fatto\/\" \/>\n<meta property=\"og:locale\" content=\"it_IT\" \/>\n<meta property=\"og:type\" content=\"article\" \/>\n<meta property=\"og:title\" content=\"Dalla Costa d\u2019Amalfi alla Fortezza, di nome e di fatto - Pizza Stories\" \/>\n<meta property=\"og:description\" content=\"La pizza a La Fortezza a Bellusco si rinnova con una speciale miscela di farina Le 5 Stagioni e un\u2019altissima idratazione. Scopri di pi\u00f9\" \/>\n<meta property=\"og:url\" content=\"https:\/\/pizzastories.le5stagioni.com\/it\/discovery\/dalla-costa-damalfi-alla-fortezza-di-nome-e-di-fatto\/\" \/>\n<meta property=\"og:site_name\" content=\"Pizza Stories\" \/>\n<meta property=\"article:published_time\" content=\"2023-06-05T12:38:35+00:00\" \/>\n<meta property=\"article:modified_time\" content=\"2025-07-02T15:49:47+00:00\" \/>\n<meta property=\"og:image\" content=\"https:\/\/pizzastories.le5stagioni.com\/wp-content\/uploads\/2023\/06\/FORTEZZA.jpeg\" \/>\n\t<meta property=\"og:image:width\" content=\"1200\" \/>\n\t<meta property=\"og:image:height\" content=\"800\" \/>\n\t<meta property=\"og:image:type\" content=\"image\/jpeg\" \/>\n<meta name=\"author\" content=\"Giovanni\" \/>\n<meta name=\"twitter:card\" content=\"summary_large_image\" \/>\n<meta name=\"twitter:label1\" content=\"Scritto da\" \/>\n\t<meta name=\"twitter:data1\" content=\"Giovanni\" \/>\n\t<meta name=\"twitter:label2\" content=\"Tempo di lettura stimato\" \/>\n\t<meta name=\"twitter:data2\" content=\"6 minuti\" \/>\n<script type=\"application\/ld+json\" class=\"yoast-schema-graph\">{\"@context\":\"https:\\\/\\\/schema.org\",\"@graph\":[{\"@type\":\"Article\",\"@id\":\"https:\\\/\\\/pizzastories.le5stagioni.com\\\/it\\\/discovery\\\/dalla-costa-damalfi-alla-fortezza-di-nome-e-di-fatto\\\/#article\",\"isPartOf\":{\"@id\":\"https:\\\/\\\/pizzastories.le5stagioni.com\\\/it\\\/discovery\\\/dalla-costa-damalfi-alla-fortezza-di-nome-e-di-fatto\\\/\"},\"author\":{\"name\":\"Giovanni\",\"@id\":\"https:\\\/\\\/pizzastories.le5stagioni.com\\\/it\\\/#\\\/schema\\\/person\\\/0d424ca2391dc26a6473ca01cc351137\"},\"headline\":\"Dalla Costa d\u2019Amalfi alla Fortezza, di nome e di fatto\",\"datePublished\":\"2023-06-05T12:38:35+00:00\",\"dateModified\":\"2025-07-02T15:49:47+00:00\",\"mainEntityOfPage\":{\"@id\":\"https:\\\/\\\/pizzastories.le5stagioni.com\\\/it\\\/discovery\\\/dalla-costa-damalfi-alla-fortezza-di-nome-e-di-fatto\\\/\"},\"wordCount\":1009,\"publisher\":{\"@id\":\"https:\\\/\\\/pizzastories.le5stagioni.com\\\/it\\\/#organization\"},\"image\":{\"@id\":\"https:\\\/\\\/pizzastories.le5stagioni.com\\\/it\\\/discovery\\\/dalla-costa-damalfi-alla-fortezza-di-nome-e-di-fatto\\\/#primaryimage\"},\"thumbnailUrl\":\"https:\\\/\\\/pizzastories.le5stagioni.com\\\/wp-content\\\/uploads\\\/2023\\\/06\\\/FORTEZZA.jpeg\",\"articleSection\":[\"discovery\"],\"inLanguage\":\"it-IT\"},{\"@type\":\"WebPage\",\"@id\":\"https:\\\/\\\/pizzastories.le5stagioni.com\\\/it\\\/discovery\\\/dalla-costa-damalfi-alla-fortezza-di-nome-e-di-fatto\\\/\",\"url\":\"https:\\\/\\\/pizzastories.le5stagioni.com\\\/it\\\/discovery\\\/dalla-costa-damalfi-alla-fortezza-di-nome-e-di-fatto\\\/\",\"name\":\"Dalla Costa d\u2019Amalfi alla Fortezza, di nome e di fatto - Pizza Stories\",\"isPartOf\":{\"@id\":\"https:\\\/\\\/pizzastories.le5stagioni.com\\\/it\\\/#website\"},\"primaryImageOfPage\":{\"@id\":\"https:\\\/\\\/pizzastories.le5stagioni.com\\\/it\\\/discovery\\\/dalla-costa-damalfi-alla-fortezza-di-nome-e-di-fatto\\\/#primaryimage\"},\"image\":{\"@id\":\"https:\\\/\\\/pizzastories.le5stagioni.com\\\/it\\\/discovery\\\/dalla-costa-damalfi-alla-fortezza-di-nome-e-di-fatto\\\/#primaryimage\"},\"thumbnailUrl\":\"https:\\\/\\\/pizzastories.le5stagioni.com\\\/wp-content\\\/uploads\\\/2023\\\/06\\\/FORTEZZA.jpeg\",\"datePublished\":\"2023-06-05T12:38:35+00:00\",\"dateModified\":\"2025-07-02T15:49:47+00:00\",\"description\":\"La pizza a La Fortezza a Bellusco si rinnova con una speciale miscela di farina Le 5 Stagioni e un\u2019altissima idratazione. Scopri di pi\u00f9\",\"breadcrumb\":{\"@id\":\"https:\\\/\\\/pizzastories.le5stagioni.com\\\/it\\\/discovery\\\/dalla-costa-damalfi-alla-fortezza-di-nome-e-di-fatto\\\/#breadcrumb\"},\"inLanguage\":\"it-IT\",\"potentialAction\":[{\"@type\":\"ReadAction\",\"target\":[\"https:\\\/\\\/pizzastories.le5stagioni.com\\\/it\\\/discovery\\\/dalla-costa-damalfi-alla-fortezza-di-nome-e-di-fatto\\\/\"]}]},{\"@type\":\"ImageObject\",\"inLanguage\":\"it-IT\",\"@id\":\"https:\\\/\\\/pizzastories.le5stagioni.com\\\/it\\\/discovery\\\/dalla-costa-damalfi-alla-fortezza-di-nome-e-di-fatto\\\/#primaryimage\",\"url\":\"https:\\\/\\\/pizzastories.le5stagioni.com\\\/wp-content\\\/uploads\\\/2023\\\/06\\\/FORTEZZA.jpeg\",\"contentUrl\":\"https:\\\/\\\/pizzastories.le5stagioni.com\\\/wp-content\\\/uploads\\\/2023\\\/06\\\/FORTEZZA.jpeg\",\"width\":1200,\"height\":800,\"caption\":\"Fortezza pizzeria pizza con miscela speciale di farina le 5 stagioni deli molini agugiaro & figna per un impasto ad altissima idratazione\"},{\"@type\":\"BreadcrumbList\",\"@id\":\"https:\\\/\\\/pizzastories.le5stagioni.com\\\/it\\\/discovery\\\/dalla-costa-damalfi-alla-fortezza-di-nome-e-di-fatto\\\/#breadcrumb\",\"itemListElement\":[{\"@type\":\"ListItem\",\"position\":1,\"name\":\"Home\",\"item\":\"https:\\\/\\\/pizzastories.le5stagioni.com\\\/it\\\/\"},{\"@type\":\"ListItem\",\"position\":2,\"name\":\"Dalla Costa d\u2019Amalfi alla Fortezza, di nome e di fatto\"}]},{\"@type\":\"WebSite\",\"@id\":\"https:\\\/\\\/pizzastories.le5stagioni.com\\\/it\\\/#website\",\"url\":\"https:\\\/\\\/pizzastories.le5stagioni.com\\\/it\\\/\",\"name\":\"Pizza Stories\",\"description\":\"La community degli amanti della pizza\",\"publisher\":{\"@id\":\"https:\\\/\\\/pizzastories.le5stagioni.com\\\/it\\\/#organization\"},\"potentialAction\":[{\"@type\":\"SearchAction\",\"target\":{\"@type\":\"EntryPoint\",\"urlTemplate\":\"https:\\\/\\\/pizzastories.le5stagioni.com\\\/it\\\/?s={search_term_string}\"},\"query-input\":{\"@type\":\"PropertyValueSpecification\",\"valueRequired\":true,\"valueName\":\"search_term_string\"}}],\"inLanguage\":\"it-IT\"},{\"@type\":\"Organization\",\"@id\":\"https:\\\/\\\/pizzastories.le5stagioni.com\\\/it\\\/#organization\",\"name\":\"Pizza Stories\",\"url\":\"https:\\\/\\\/pizzastories.le5stagioni.com\\\/it\\\/\",\"logo\":{\"@type\":\"ImageObject\",\"inLanguage\":\"it-IT\",\"@id\":\"https:\\\/\\\/pizzastories.le5stagioni.com\\\/it\\\/#\\\/schema\\\/logo\\\/image\\\/\",\"url\":\"https:\\\/\\\/pizzastories.le5stagioni.com\\\/wp-content\\\/uploads\\\/2025\\\/05\\\/cropped-pizza-stories-logo.png\",\"contentUrl\":\"https:\\\/\\\/pizzastories.le5stagioni.com\\\/wp-content\\\/uploads\\\/2025\\\/05\\\/cropped-pizza-stories-logo.png\",\"width\":512,\"height\":512,\"caption\":\"Pizza Stories\"},\"image\":{\"@id\":\"https:\\\/\\\/pizzastories.le5stagioni.com\\\/it\\\/#\\\/schema\\\/logo\\\/image\\\/\"}},{\"@type\":\"Person\",\"@id\":\"https:\\\/\\\/pizzastories.le5stagioni.com\\\/it\\\/#\\\/schema\\\/person\\\/0d424ca2391dc26a6473ca01cc351137\",\"name\":\"Giovanni\",\"image\":{\"@type\":\"ImageObject\",\"inLanguage\":\"it-IT\",\"@id\":\"https:\\\/\\\/secure.gravatar.com\\\/avatar\\\/e790db86f03a781da86f49749663d3c225e90a6481699e19e0845b59a9a45b2f?s=96&d=mm&r=g\",\"url\":\"https:\\\/\\\/secure.gravatar.com\\\/avatar\\\/e790db86f03a781da86f49749663d3c225e90a6481699e19e0845b59a9a45b2f?s=96&d=mm&r=g\",\"contentUrl\":\"https:\\\/\\\/secure.gravatar.com\\\/avatar\\\/e790db86f03a781da86f49749663d3c225e90a6481699e19e0845b59a9a45b2f?s=96&d=mm&r=g\",\"caption\":\"Giovanni\"},\"url\":\"https:\\\/\\\/pizzastories.le5stagioni.com\\\/it\\\/author\\\/giovanni\\\/\"}]}<\/script>\n<!-- \/ Yoast SEO plugin. -->","yoast_head_json":{"title":"Dalla Costa d\u2019Amalfi alla Fortezza, di nome e di fatto - Pizza Stories","description":"La pizza a La Fortezza a Bellusco si rinnova con una speciale miscela di farina Le 5 Stagioni e un\u2019altissima idratazione. Scopri di pi\u00f9","robots":{"index":"index","follow":"follow","max-snippet":"max-snippet:-1","max-image-preview":"max-image-preview:large","max-video-preview":"max-video-preview:-1"},"canonical":"https:\/\/pizzastories.le5stagioni.com\/it\/discovery\/dalla-costa-damalfi-alla-fortezza-di-nome-e-di-fatto\/","og_locale":"it_IT","og_type":"article","og_title":"Dalla Costa d\u2019Amalfi alla Fortezza, di nome e di fatto - Pizza Stories","og_description":"La pizza a La Fortezza a Bellusco si rinnova con una speciale miscela di farina Le 5 Stagioni e un\u2019altissima idratazione. Scopri di pi\u00f9","og_url":"https:\/\/pizzastories.le5stagioni.com\/it\/discovery\/dalla-costa-damalfi-alla-fortezza-di-nome-e-di-fatto\/","og_site_name":"Pizza Stories","article_published_time":"2023-06-05T12:38:35+00:00","article_modified_time":"2025-07-02T15:49:47+00:00","og_image":[{"width":1200,"height":800,"url":"https:\/\/pizzastories.le5stagioni.com\/wp-content\/uploads\/2023\/06\/FORTEZZA.jpeg","type":"image\/jpeg"}],"author":"Giovanni","twitter_card":"summary_large_image","twitter_misc":{"Scritto da":"Giovanni","Tempo di lettura stimato":"6 minuti"},"schema":{"@context":"https:\/\/schema.org","@graph":[{"@type":"Article","@id":"https:\/\/pizzastories.le5stagioni.com\/it\/discovery\/dalla-costa-damalfi-alla-fortezza-di-nome-e-di-fatto\/#article","isPartOf":{"@id":"https:\/\/pizzastories.le5stagioni.com\/it\/discovery\/dalla-costa-damalfi-alla-fortezza-di-nome-e-di-fatto\/"},"author":{"name":"Giovanni","@id":"https:\/\/pizzastories.le5stagioni.com\/it\/#\/schema\/person\/0d424ca2391dc26a6473ca01cc351137"},"headline":"Dalla Costa d\u2019Amalfi alla Fortezza, di nome e di fatto","datePublished":"2023-06-05T12:38:35+00:00","dateModified":"2025-07-02T15:49:47+00:00","mainEntityOfPage":{"@id":"https:\/\/pizzastories.le5stagioni.com\/it\/discovery\/dalla-costa-damalfi-alla-fortezza-di-nome-e-di-fatto\/"},"wordCount":1009,"publisher":{"@id":"https:\/\/pizzastories.le5stagioni.com\/it\/#organization"},"image":{"@id":"https:\/\/pizzastories.le5stagioni.com\/it\/discovery\/dalla-costa-damalfi-alla-fortezza-di-nome-e-di-fatto\/#primaryimage"},"thumbnailUrl":"https:\/\/pizzastories.le5stagioni.com\/wp-content\/uploads\/2023\/06\/FORTEZZA.jpeg","articleSection":["discovery"],"inLanguage":"it-IT"},{"@type":"WebPage","@id":"https:\/\/pizzastories.le5stagioni.com\/it\/discovery\/dalla-costa-damalfi-alla-fortezza-di-nome-e-di-fatto\/","url":"https:\/\/pizzastories.le5stagioni.com\/it\/discovery\/dalla-costa-damalfi-alla-fortezza-di-nome-e-di-fatto\/","name":"Dalla Costa d\u2019Amalfi alla Fortezza, di nome e di fatto - Pizza Stories","isPartOf":{"@id":"https:\/\/pizzastories.le5stagioni.com\/it\/#website"},"primaryImageOfPage":{"@id":"https:\/\/pizzastories.le5stagioni.com\/it\/discovery\/dalla-costa-damalfi-alla-fortezza-di-nome-e-di-fatto\/#primaryimage"},"image":{"@id":"https:\/\/pizzastories.le5stagioni.com\/it\/discovery\/dalla-costa-damalfi-alla-fortezza-di-nome-e-di-fatto\/#primaryimage"},"thumbnailUrl":"https:\/\/pizzastories.le5stagioni.com\/wp-content\/uploads\/2023\/06\/FORTEZZA.jpeg","datePublished":"2023-06-05T12:38:35+00:00","dateModified":"2025-07-02T15:49:47+00:00","description":"La pizza a La Fortezza a Bellusco si rinnova con una speciale miscela di farina Le 5 Stagioni e un\u2019altissima idratazione. Scopri di pi\u00f9","breadcrumb":{"@id":"https:\/\/pizzastories.le5stagioni.com\/it\/discovery\/dalla-costa-damalfi-alla-fortezza-di-nome-e-di-fatto\/#breadcrumb"},"inLanguage":"it-IT","potentialAction":[{"@type":"ReadAction","target":["https:\/\/pizzastories.le5stagioni.com\/it\/discovery\/dalla-costa-damalfi-alla-fortezza-di-nome-e-di-fatto\/"]}]},{"@type":"ImageObject","inLanguage":"it-IT","@id":"https:\/\/pizzastories.le5stagioni.com\/it\/discovery\/dalla-costa-damalfi-alla-fortezza-di-nome-e-di-fatto\/#primaryimage","url":"https:\/\/pizzastories.le5stagioni.com\/wp-content\/uploads\/2023\/06\/FORTEZZA.jpeg","contentUrl":"https:\/\/pizzastories.le5stagioni.com\/wp-content\/uploads\/2023\/06\/FORTEZZA.jpeg","width":1200,"height":800,"caption":"Fortezza pizzeria pizza con miscela speciale di farina le 5 stagioni deli molini agugiaro & figna per un impasto ad altissima idratazione"},{"@type":"BreadcrumbList","@id":"https:\/\/pizzastories.le5stagioni.com\/it\/discovery\/dalla-costa-damalfi-alla-fortezza-di-nome-e-di-fatto\/#breadcrumb","itemListElement":[{"@type":"ListItem","position":1,"name":"Home","item":"https:\/\/pizzastories.le5stagioni.com\/it\/"},{"@type":"ListItem","position":2,"name":"Dalla Costa d\u2019Amalfi alla Fortezza, di nome e di fatto"}]},{"@type":"WebSite","@id":"https:\/\/pizzastories.le5stagioni.com\/it\/#website","url":"https:\/\/pizzastories.le5stagioni.com\/it\/","name":"Pizza Stories","description":"La community degli amanti della pizza","publisher":{"@id":"https:\/\/pizzastories.le5stagioni.com\/it\/#organization"},"potentialAction":[{"@type":"SearchAction","target":{"@type":"EntryPoint","urlTemplate":"https:\/\/pizzastories.le5stagioni.com\/it\/?s={search_term_string}"},"query-input":{"@type":"PropertyValueSpecification","valueRequired":true,"valueName":"search_term_string"}}],"inLanguage":"it-IT"},{"@type":"Organization","@id":"https:\/\/pizzastories.le5stagioni.com\/it\/#organization","name":"Pizza Stories","url":"https:\/\/pizzastories.le5stagioni.com\/it\/","logo":{"@type":"ImageObject","inLanguage":"it-IT","@id":"https:\/\/pizzastories.le5stagioni.com\/it\/#\/schema\/logo\/image\/","url":"https:\/\/pizzastories.le5stagioni.com\/wp-content\/uploads\/2025\/05\/cropped-pizza-stories-logo.png","contentUrl":"https:\/\/pizzastories.le5stagioni.com\/wp-content\/uploads\/2025\/05\/cropped-pizza-stories-logo.png","width":512,"height":512,"caption":"Pizza Stories"},"image":{"@id":"https:\/\/pizzastories.le5stagioni.com\/it\/#\/schema\/logo\/image\/"}},{"@type":"Person","@id":"https:\/\/pizzastories.le5stagioni.com\/it\/#\/schema\/person\/0d424ca2391dc26a6473ca01cc351137","name":"Giovanni","image":{"@type":"ImageObject","inLanguage":"it-IT","@id":"https:\/\/secure.gravatar.com\/avatar\/e790db86f03a781da86f49749663d3c225e90a6481699e19e0845b59a9a45b2f?s=96&d=mm&r=g","url":"https:\/\/secure.gravatar.com\/avatar\/e790db86f03a781da86f49749663d3c225e90a6481699e19e0845b59a9a45b2f?s=96&d=mm&r=g","contentUrl":"https:\/\/secure.gravatar.com\/avatar\/e790db86f03a781da86f49749663d3c225e90a6481699e19e0845b59a9a45b2f?s=96&d=mm&r=g","caption":"Giovanni"},"url":"https:\/\/pizzastories.le5stagioni.com\/it\/author\/giovanni\/"}]}},"_links":{"self":[{"href":"https:\/\/pizzastories.le5stagioni.com\/it\/wp-json\/wp\/v2\/posts\/5674","targetHints":{"allow":["GET"]}}],"collection":[{"href":"https:\/\/pizzastories.le5stagioni.com\/it\/wp-json\/wp\/v2\/posts"}],"about":[{"href":"https:\/\/pizzastories.le5stagioni.com\/it\/wp-json\/wp\/v2\/types\/post"}],"author":[{"embeddable":true,"href":"https:\/\/pizzastories.le5stagioni.com\/it\/wp-json\/wp\/v2\/users\/3"}],"replies":[{"embeddable":true,"href":"https:\/\/pizzastories.le5stagioni.com\/it\/wp-json\/wp\/v2\/comments?post=5674"}],"version-history":[{"count":12,"href":"https:\/\/pizzastories.le5stagioni.com\/it\/wp-json\/wp\/v2\/posts\/5674\/revisions"}],"predecessor-version":[{"id":6331,"href":"https:\/\/pizzastories.le5stagioni.com\/it\/wp-json\/wp\/v2\/posts\/5674\/revisions\/6331"}],"wp:featuredmedia":[{"embeddable":true,"href":"https:\/\/pizzastories.le5stagioni.com\/it\/wp-json\/wp\/v2\/media\/6310"}],"wp:attachment":[{"href":"https:\/\/pizzastories.le5stagioni.com\/it\/wp-json\/wp\/v2\/media?parent=5674"}],"wp:term":[{"taxonomy":"category","embeddable":true,"href":"https:\/\/pizzastories.le5stagioni.com\/it\/wp-json\/wp\/v2\/categories?post=5674"},{"taxonomy":"post_tag","embeddable":true,"href":"https:\/\/pizzastories.le5stagioni.com\/it\/wp-json\/wp\/v2\/tags?post=5674"}],"curies":[{"name":"wp","href":"https:\/\/api.w.org\/{rel}","templated":true}]}}