{"id":5726,"date":"2025-07-01T14:21:26","date_gmt":"2025-07-01T12:21:26","guid":{"rendered":"https:\/\/pizzastories.le5stagioni.com\/?p=5726"},"modified":"2025-07-02T09:36:29","modified_gmt":"2025-07-02T07:36:29","slug":"lucca-la-nuova-vita-di-antico-caffe-delle-mura","status":"publish","type":"post","link":"https:\/\/pizzastories.le5stagioni.com\/it\/discovery\/lucca-la-nuova-vita-di-antico-caffe-delle-mura\/","title":{"rendered":"Lucca, la nuova vita di Antico Caff\u00e8 delle Mura"},"content":{"rendered":"\t\t<div data-elementor-type=\"wp-post\" data-elementor-id=\"5726\" class=\"elementor elementor-5726\" data-elementor-post-type=\"post\">\n\t\t\t\t<div class=\"elementor-element elementor-element-3e8cca80 e-flex e-con-boxed e-con e-parent\" data-id=\"3e8cca80\" data-element_type=\"container\" data-e-type=\"container\">\n\t\t\t\t\t<div class=\"e-con-inner\">\n\t\t\t\t<div class=\"elementor-element elementor-element-6445e8b elementor-widget elementor-widget-text-editor\" data-id=\"6445e8b\" data-element_type=\"widget\" data-e-type=\"widget\" data-widget_type=\"text-editor.default\">\n\t\t\t\t<div class=\"elementor-widget-container\">\n\t\t\t\t\t\t\t\t\t<p><em>L&#8217;Antico Caff\u00e8 delle Mura \u00e8 per antonomasia il simbolo della citt\u00e0 di Lucca: nato per offrire ristoro ai cittadini durante le passeggiate sulle mura della citt\u00e0 toscana, ha attraversato secoli di trasformazioni, mantenendo intatta la sua importanza storica e sociale.<\/em><\/p>\t\t\t\t\t\t\t\t<\/div>\n\t\t\t\t<\/div>\n\t\t\t\t\t<\/div>\n\t\t\t\t<\/div>\n\t\t<div class=\"elementor-element elementor-element-3f01a124 e-flex e-con-boxed e-con e-parent\" data-id=\"3f01a124\" data-element_type=\"container\" data-e-type=\"container\">\n\t\t\t\t\t<div class=\"e-con-inner\">\n\t\t\t\t<div class=\"elementor-element elementor-element-5017351 elementor-widget elementor-widget-image\" data-id=\"5017351\" data-element_type=\"widget\" data-e-type=\"widget\" data-widget_type=\"image.default\">\n\t\t\t\t<div class=\"elementor-widget-container\">\n\t\t\t\t\t\t\t\t\t\t\t\t\t\t\t<img fetchpriority=\"high\" decoding=\"async\" width=\"606\" height=\"682\" src=\"https:\/\/pizzastories.le5stagioni.com\/wp-content\/uploads\/2025\/07\/Untitled-Project.jpg\" class=\"attachment-large size-large wp-image-5901\" alt=\"\" \/>\t\t\t\t\t\t\t\t\t\t\t\t\t\t\t<\/div>\n\t\t\t\t<\/div>\n\t\t\t\t<div class=\"elementor-element elementor-element-4840436b elementor-widget elementor-widget-text-editor\" data-id=\"4840436b\" data-element_type=\"widget\" data-e-type=\"widget\" data-widget_type=\"text-editor.default\">\n\t\t\t\t<div class=\"elementor-widget-container\">\n\t\t\t\t\t\t\t\t\t<p>Ci\u00f2 che ha reso famoso questo locale \u00e8 proprio la sua posizione sulle mura rinascimentali della citt\u00e0 oltre che per la sua architettura neoclassica. Nel 1840, il duca Carlo Ludovico di Borbone, su progetto dell&#8217;architetto Cesare Lazzarini, fece demolire un&#8217;antica casermetta per costruire un raffinato locale destinato all&#8217;\u00e9lite lucchese. La sua struttura, con una sala centrale per balli e banchetti, due saloni laterali e una terrazza panoramica, divenne presto punto di riferimento della citt\u00e0.<br \/>Nel 1878, l&#8217;edificio originale fu demolito per far spazio a una piazza destinata alle parate (con al centro il monumento a Vittorio Emanuele II) e successivamente ricostruito qualche anno pi\u00f9 tardi in una posizione leggermente arretrata rispetto alla precedente. Esternamente, si congiungeva idealmente con le mura, con due cancellate di ferro laterali che recintavano tutto il baluardo, mentre ai lati il parco e i giardini adibiti un tempo agli incontri del Caff\u00e8 che fin dalla sua nascita si disegna come &#8221;<em>un luogo di delizia, di incontro, di sosta, di passeggiate<\/em>&#8221;.<\/p><p>Il caff\u00e8 delle mura divenne presto una tappa imprescindibile, offrendo una piacevole sosta dopo una passeggiata, il centro di ritrovo dell&#8217;aristocrazia e della borghesia cittadina. Nel corso degli ultimi anni, l&#8217;Antico Caff\u00e8 delle Mura ha subito diverse trasformazioni, ospitando vari ristoranti e caffetterie, ma anche sedi di associazioni ed enti, senza per\u00f2 mai perdere la sua magnificenza, la sua importanza storica e quell&#8217;aurea di luogo simbolo di eleganza e tradizione per i lucchesi. Per esempio, fino al 1960, il locale fu un punto di riferimento cittadino come un elegante bar e ristoro, per poi attraversare un lungo periodo di declino e abbandono. Nel 2012, riapr\u00ec come ristorante di prestigio, trasformandosi nel 2020 nella sede di un ristorante giapponese, chiuso definitivamente nel 2021.<\/p><p>Dallo scorso anno, questo &#8221;monumento&#8221; di Lucca ha un nuovo gestore: si chiama\u00a0<strong>Umberto Costa<\/strong>, proprietario della &#8221;Pizzeria da Umberto&#8221; in piazza Napoleone finalista nel 2023 di &#8221;Emergente Chef&#8221; e vincitore della Menzione speciale per la riuscitissima (ed azzardata) pizza in diverse variazioni di rapa rossa. Umberto ha solo 32 anni e vive a Lucca da 31; insieme al fratello Simone, ha avuto la caparbiet\u00e0 e il coraggio di riscattare all&#8217;asta la gestione dell&#8217;Antico Caff\u00e8 delle Mura e ridargli una nuova vita, trasformandolo completamente nel suo concept funzionale. Un&#8217;operazione di rinnovamento che riposiziona questo luogo storico avvicinandolo anche alla pizza.\u00a0<\/p>\t\t\t\t\t\t\t\t<\/div>\n\t\t\t\t<\/div>\n\t\t\t\t<div class=\"elementor-element elementor-element-926e8a8 elementor-widget elementor-widget-text-editor\" data-id=\"926e8a8\" data-element_type=\"widget\" data-e-type=\"widget\" data-widget_type=\"text-editor.default\">\n\t\t\t\t<div class=\"elementor-widget-container\">\n\t\t\t\t\t\t\t\t\t<p><strong>Umberto, cosa rappresenta l&#8217;Antico Caff\u00e8 delle Mura per Lucca?<br \/><\/strong>\u00c8 un simbolo della citt\u00e0 ed \u00e8 nel cuore di ogni lucchese: non una semplice location ma un punto di ritrovo che ha fatto la storia della citt\u00e0, un luogo che definiva uno status e il concetto di eleganza.<\/p><p><strong>E, per te, che in questa citt\u00e0 ci sei cresciuto che sensazione si prova a poter gestire un monumento del genere?<br \/><\/strong>Questa cosa ha quasi dell&#8217;incredibile e mi riempie di orgoglio. So di avere una grande responsabilit\u00e0 e che le aspettative sono alte ma ho tante idee ed entusiasmo. Il primo anno, quello di rodaggio, \u00e8 passato, ho ben chiara ora la direzione da prendere.<\/p><p><strong>Quali sono state le novit\u00e0 e il concept che hai introdotto?<br \/><\/strong>Posso dire che i lucchesi hanno assistito ad una rivoluzione totale di questo posto. Il mio obbiettivo fin dall&#8217;inizio \u00e8 stato quello di svecchiarlo, di rinfrescarne l&#8217;immagine senza per\u00f2 diminuirne il valore. L&#8217;Antico Caff\u00e8 delle Mura \u00e8 sempre stato visto come un locale chic ed elegante, dove si spendeva abbastanza. Partendo dal presupposto che non potevo toccare la struttura, che \u00e8 tutelata dalla Soprintendenza Archeologia, Belle Arti e Paesaggio per le provincia di Lucca e Massa e Carrara, per il resto ho rinnovato arredi, rendendoli moderni ed essenziali, per creare un&#8217;atmosfera raffinata; ho riorganizzato gli spazi interni e lo spazio verde esterno, risistemato il terrazzo da cui si vede tutta la citt\u00e0. Insomma, ho cercato di renderlo pi\u00f9 immediato, fresco anche nel servizio e sicuramente pi\u00f9 popolare, un posto adatto alle tasche di tutti, un posto ideale per giovani ma anche per famiglie. E, nella prossima stagione, lo sperimenteremo anche come <em>wedding location<\/em>, grazie all&#8217;ampio parco che ha intorno.\u00a0<\/p><p><strong>E i lucchesi come hanno vissuto questa trasformazione?<br \/><\/strong>Lucca \u00e8 una citt\u00e0 da 90.000 abitanti e posso dire che questo luogo, per la posizione particolare che ha, appartiene agli abitanti di questa citt\u00e0 che lo sentono proprio. Anche in questa nuova veste, le persone, a quanto pare, si trovano bene, lo vivono in ogni suo angolo, dal momento dell&#8217;aperitivo al dopo cena, dal ristorante interno agli eventi con dj set o ai party privati. Mi piace osservare comportamenti ed espressioni, conoscendone la fama passata e la sua monumentalit\u00e0 storica ma anche architettonica: molti si sentono intimoriti e sono letteralmente indecisi se entrare o meno, poi capiscono che \u00e8 un&#8217;esperienza che possono vivere, ancora di pi\u00f9 quando scoprono che in men\u00f9 c&#8217;\u00e8 la pizza, cosa mai avvenuta prima.<\/p><p>\u00a0<\/p>\t\t\t\t\t\t\t\t<\/div>\n\t\t\t\t<\/div>\n\t\t\t\t\t<\/div>\n\t\t\t\t<\/div>\n\t\t<div class=\"elementor-element elementor-element-183673a4 e-flex e-con-boxed e-con e-parent\" data-id=\"183673a4\" data-element_type=\"container\" data-e-type=\"container\">\n\t\t\t\t\t<div class=\"e-con-inner\">\n\t\t\t\t<div class=\"elementor-element elementor-element-157757d0 elementor-widget elementor-widget-image\" data-id=\"157757d0\" data-element_type=\"widget\" data-e-type=\"widget\" data-widget_type=\"image.default\">\n\t\t\t\t<div class=\"elementor-widget-container\">\n\t\t\t\t\t\t\t\t\t\t\t\t\t\t\t<img decoding=\"async\" width=\"800\" height=\"477\" src=\"https:\/\/pizzastories.le5stagioni.com\/wp-content\/uploads\/2025\/07\/Untitled-Project-1-1024x611.jpg\" class=\"attachment-large size-large wp-image-5907\" alt=\"\" srcset=\"https:\/\/pizzastories.le5stagioni.com\/wp-content\/uploads\/2025\/07\/Untitled-Project-1-1024x611.jpg 1024w, https:\/\/pizzastories.le5stagioni.com\/wp-content\/uploads\/2025\/07\/Untitled-Project-1-800x477.jpg 800w, https:\/\/pizzastories.le5stagioni.com\/wp-content\/uploads\/2025\/07\/Untitled-Project-1-768x458.jpg 768w, https:\/\/pizzastories.le5stagioni.com\/wp-content\/uploads\/2025\/07\/Untitled-Project-1.jpg 1230w\" sizes=\"(max-width: 800px) 100vw, 800px\" \/>\t\t\t\t\t\t\t\t\t\t\t\t\t\t\t<\/div>\n\t\t\t\t<\/div>\n\t\t\t\t\t<\/div>\n\t\t\t\t<\/div>\n\t\t<div class=\"elementor-element elementor-element-1a832bfb e-flex e-con-boxed e-con e-parent\" data-id=\"1a832bfb\" data-element_type=\"container\" data-e-type=\"container\">\n\t\t\t\t\t<div class=\"e-con-inner\">\n\t\t\t\t<div class=\"elementor-element elementor-element-65c4fe92 elementor-widget elementor-widget-text-editor\" data-id=\"65c4fe92\" data-element_type=\"widget\" data-e-type=\"widget\" data-widget_type=\"text-editor.default\">\n\t\t\t\t<div class=\"elementor-widget-container\">\n\t\t\t\t\t\t\t\t\t<p><strong>Ecco, bravo, parliamo di pizza. Hai introdotto tu la pizza in questo posto?<br \/><\/strong>S\u00ec, mai servita la pizza qui all&#8217;Antico Caff\u00e8 delle Mura: sono il primo ad averla portata e anche a farla. Anche perch\u00e9 nasco come pizzaiolo ed era per me naturale portare un&#8217;offerta pizza anche qui. Sicuramente diversa rispetto alla mia pizzeria che sta in centro citt\u00e0. Qui la pizza si pu\u00f2 ordinare come aperitivo o a cena, in degustazione, in condivisione. Ho anche fatto installare un forno all&#8217;esterno, oltre a quello classico all&#8217;interno. Ovviamente a men\u00f9 ci sono poi anche altri piatti tra antipasti, primi, secondi e dessert finali, carta dei vini e due <em>cocktail station<\/em> tra dentro e fuori.<\/p><p><strong>Umberto, com&#8217;\u00e8 la tua pizza?<br \/><\/strong>Mentre &#8221;da Umberto&#8221; faccio uno stile napoletano, qui mi tengo su uno stile di pizza classica con biga che conferisce pi\u00f9 croccantezza, a cui si aggiunge anche un padellino a vapore e la pizza senza glutine con tanto di laboratorio dedicato. I topping sono semplici, diretti ma curati e tutti con materie prime di qualit\u00e0, selezionate in tutta Italia.<\/p><p><strong>Qual \u00e8 la pizza pi\u00f9 richiesta e quella che secondo te va assaggiata assolutamente?<br \/><\/strong>La pizza pi\u00f9 gettonata \u00e8 &#8221;La Parma&#8221;, una pizza rossa con base San Marzano, con prosciutto crudo 18 mesi, burrata di Andria, basilico e zest di limone a smorzare la parte grassa: tutti ingredienti in uscita. E, poi, c&#8217;\u00e8 la pizza <em>signature<\/em>, quella che ho dedicato a questo posto e di cui ne porta il nome, che consiglio di provare: base di pomodoro San Marzano, bufala, pomodorini gialli del piennolo del Vesuvio, pesto di basilico e scaglie di parmigiano reggiano.<\/p><p>Si conferma, dunque, l&#8217;atmosfera unica ed elegante che l&#8217;Antico Caff\u00e8 delle Mura porta con s\u00e8 attraverso le generazioni e che, in questa <em>vision<\/em> di Umberto Costa, incontra la pizza, delineando un trend interessante da seguire, ovvero la commistione di luoghi eleganti con la pizza, da sempre vista come popolare e che si innalza ora a piatto capace di stare bene dappertutto.<\/p>\t\t\t\t\t\t\t\t<\/div>\n\t\t\t\t<\/div>\n\t\t\t\t\t<\/div>\n\t\t\t\t<\/div>\n\t\t<div class=\"elementor-element elementor-element-238743aa e-flex e-con-boxed e-con e-parent\" data-id=\"238743aa\" data-element_type=\"container\" data-e-type=\"container\">\n\t\t\t\t\t<div class=\"e-con-inner\">\n\t\t\t\t\t<\/div>\n\t\t\t\t<\/div>\n\t\t<div class=\"elementor-element elementor-element-130db024 e-flex e-con-boxed e-con e-parent\" data-id=\"130db024\" data-element_type=\"container\" data-e-type=\"container\">\n\t\t\t\t\t<div class=\"e-con-inner\">\n\t\t\t\t\t<\/div>\n\t\t\t\t<\/div>\n\t\t\t\t<\/div>\n\t\t","protected":false},"excerpt":{"rendered":"<p>L&#8217;Antico Caff\u00e8 delle Mura \u00e8 per antonomasia il simbolo della citt\u00e0 di Lucca: nato per offrire ristoro ai cittadini durante le passeggiate sulle mura della citt\u00e0 toscana, ha attraversato secoli di trasformazioni, mantenendo intatta la sua importanza storica e sociale.<\/p>\n","protected":false},"author":3,"featured_media":5907,"comment_status":"closed","ping_status":"closed","sticky":false,"template":"","format":"standard","meta":{"_acf_changed":false,"footnotes":""},"categories":[91],"tags":[],"class_list":["post-5726","post","type-post","status-publish","format-standard","has-post-thumbnail","hentry","category-discovery"],"acf":[],"yoast_head":"<!-- This site is optimized with the Yoast SEO plugin v27.5 - https:\/\/yoast.com\/product\/yoast-seo-wordpress\/ -->\n<title>Lucca, la nuova vita di Antico Caff\u00e8 delle Mura - Pizza Stories<\/title>\n<meta name=\"description\" content=\"L&#039;Antico Caff\u00e8 delle Mura \u00e8 per antonomasia il simbolo della citt\u00e0 di Lucca: nato per offrire ristoro ai cittadini durante... Scopri di pi\u00f9\" \/>\n<meta name=\"robots\" content=\"index, follow, max-snippet:-1, max-image-preview:large, max-video-preview:-1\" \/>\n<link rel=\"canonical\" href=\"https:\/\/pizzastories.le5stagioni.com\/it\/discovery\/lucca-la-nuova-vita-di-antico-caffe-delle-mura\/\" \/>\n<meta property=\"og:locale\" content=\"it_IT\" \/>\n<meta property=\"og:type\" content=\"article\" \/>\n<meta property=\"og:title\" content=\"Lucca, la nuova vita di Antico Caff\u00e8 delle Mura - Pizza Stories\" \/>\n<meta property=\"og:description\" content=\"L&#039;Antico Caff\u00e8 delle Mura \u00e8 per antonomasia il simbolo della citt\u00e0 di Lucca: nato per offrire ristoro ai cittadini durante... Scopri di pi\u00f9\" \/>\n<meta property=\"og:url\" content=\"https:\/\/pizzastories.le5stagioni.com\/it\/discovery\/lucca-la-nuova-vita-di-antico-caffe-delle-mura\/\" \/>\n<meta property=\"og:site_name\" content=\"Pizza Stories\" \/>\n<meta property=\"article:published_time\" content=\"2025-07-01T12:21:26+00:00\" \/>\n<meta property=\"article:modified_time\" content=\"2025-07-02T07:36:29+00:00\" \/>\n<meta property=\"og:image\" content=\"https:\/\/pizzastories.le5stagioni.com\/wp-content\/uploads\/2025\/07\/Untitled-Project-1.jpg\" \/>\n\t<meta property=\"og:image:width\" content=\"1230\" \/>\n\t<meta property=\"og:image:height\" content=\"734\" \/>\n\t<meta property=\"og:image:type\" content=\"image\/jpeg\" \/>\n<meta name=\"author\" content=\"Giovanni\" \/>\n<meta name=\"twitter:card\" content=\"summary_large_image\" \/>\n<meta name=\"twitter:label1\" content=\"Scritto da\" \/>\n\t<meta name=\"twitter:data1\" content=\"Giovanni\" \/>\n\t<meta name=\"twitter:label2\" content=\"Tempo di lettura stimato\" \/>\n\t<meta name=\"twitter:data2\" content=\"7 minuti\" \/>\n<script type=\"application\/ld+json\" class=\"yoast-schema-graph\">{\"@context\":\"https:\\\/\\\/schema.org\",\"@graph\":[{\"@type\":\"Article\",\"@id\":\"https:\\\/\\\/pizzastories.le5stagioni.com\\\/it\\\/discovery\\\/lucca-la-nuova-vita-di-antico-caffe-delle-mura\\\/#article\",\"isPartOf\":{\"@id\":\"https:\\\/\\\/pizzastories.le5stagioni.com\\\/it\\\/discovery\\\/lucca-la-nuova-vita-di-antico-caffe-delle-mura\\\/\"},\"author\":{\"name\":\"Giovanni\",\"@id\":\"https:\\\/\\\/pizzastories.le5stagioni.com\\\/it\\\/#\\\/schema\\\/person\\\/0d424ca2391dc26a6473ca01cc351137\"},\"headline\":\"Lucca, la nuova vita di Antico Caff\u00e8 delle Mura\",\"datePublished\":\"2025-07-01T12:21:26+00:00\",\"dateModified\":\"2025-07-02T07:36:29+00:00\",\"mainEntityOfPage\":{\"@id\":\"https:\\\/\\\/pizzastories.le5stagioni.com\\\/it\\\/discovery\\\/lucca-la-nuova-vita-di-antico-caffe-delle-mura\\\/\"},\"wordCount\":1180,\"publisher\":{\"@id\":\"https:\\\/\\\/pizzastories.le5stagioni.com\\\/it\\\/#organization\"},\"image\":{\"@id\":\"https:\\\/\\\/pizzastories.le5stagioni.com\\\/it\\\/discovery\\\/lucca-la-nuova-vita-di-antico-caffe-delle-mura\\\/#primaryimage\"},\"thumbnailUrl\":\"https:\\\/\\\/pizzastories.le5stagioni.com\\\/wp-content\\\/uploads\\\/2025\\\/07\\\/Untitled-Project-1.jpg\",\"articleSection\":[\"discovery\"],\"inLanguage\":\"it-IT\"},{\"@type\":\"WebPage\",\"@id\":\"https:\\\/\\\/pizzastories.le5stagioni.com\\\/it\\\/discovery\\\/lucca-la-nuova-vita-di-antico-caffe-delle-mura\\\/\",\"url\":\"https:\\\/\\\/pizzastories.le5stagioni.com\\\/it\\\/discovery\\\/lucca-la-nuova-vita-di-antico-caffe-delle-mura\\\/\",\"name\":\"Lucca, la nuova vita di Antico Caff\u00e8 delle Mura - Pizza Stories\",\"isPartOf\":{\"@id\":\"https:\\\/\\\/pizzastories.le5stagioni.com\\\/it\\\/#website\"},\"primaryImageOfPage\":{\"@id\":\"https:\\\/\\\/pizzastories.le5stagioni.com\\\/it\\\/discovery\\\/lucca-la-nuova-vita-di-antico-caffe-delle-mura\\\/#primaryimage\"},\"image\":{\"@id\":\"https:\\\/\\\/pizzastories.le5stagioni.com\\\/it\\\/discovery\\\/lucca-la-nuova-vita-di-antico-caffe-delle-mura\\\/#primaryimage\"},\"thumbnailUrl\":\"https:\\\/\\\/pizzastories.le5stagioni.com\\\/wp-content\\\/uploads\\\/2025\\\/07\\\/Untitled-Project-1.jpg\",\"datePublished\":\"2025-07-01T12:21:26+00:00\",\"dateModified\":\"2025-07-02T07:36:29+00:00\",\"description\":\"L'Antico Caff\u00e8 delle Mura \u00e8 per antonomasia il simbolo della citt\u00e0 di Lucca: nato per offrire ristoro ai cittadini durante... Scopri di pi\u00f9\",\"breadcrumb\":{\"@id\":\"https:\\\/\\\/pizzastories.le5stagioni.com\\\/it\\\/discovery\\\/lucca-la-nuova-vita-di-antico-caffe-delle-mura\\\/#breadcrumb\"},\"inLanguage\":\"it-IT\",\"potentialAction\":[{\"@type\":\"ReadAction\",\"target\":[\"https:\\\/\\\/pizzastories.le5stagioni.com\\\/it\\\/discovery\\\/lucca-la-nuova-vita-di-antico-caffe-delle-mura\\\/\"]}]},{\"@type\":\"ImageObject\",\"inLanguage\":\"it-IT\",\"@id\":\"https:\\\/\\\/pizzastories.le5stagioni.com\\\/it\\\/discovery\\\/lucca-la-nuova-vita-di-antico-caffe-delle-mura\\\/#primaryimage\",\"url\":\"https:\\\/\\\/pizzastories.le5stagioni.com\\\/wp-content\\\/uploads\\\/2025\\\/07\\\/Untitled-Project-1.jpg\",\"contentUrl\":\"https:\\\/\\\/pizzastories.le5stagioni.com\\\/wp-content\\\/uploads\\\/2025\\\/07\\\/Untitled-Project-1.jpg\",\"width\":1230,\"height\":734,\"caption\":\"Lucca Pizzeria Antico Caff\u00e8 delle Mura di Umberto Costa Pizza Napoletana Pizza Gourmet con farina di grano tenero le 5 stagioni del molino Agugiaro & Figna\"},{\"@type\":\"BreadcrumbList\",\"@id\":\"https:\\\/\\\/pizzastories.le5stagioni.com\\\/it\\\/discovery\\\/lucca-la-nuova-vita-di-antico-caffe-delle-mura\\\/#breadcrumb\",\"itemListElement\":[{\"@type\":\"ListItem\",\"position\":1,\"name\":\"Home\",\"item\":\"https:\\\/\\\/pizzastories.le5stagioni.com\\\/it\\\/\"},{\"@type\":\"ListItem\",\"position\":2,\"name\":\"Lucca, la nuova vita di Antico Caff\u00e8 delle Mura\"}]},{\"@type\":\"WebSite\",\"@id\":\"https:\\\/\\\/pizzastories.le5stagioni.com\\\/it\\\/#website\",\"url\":\"https:\\\/\\\/pizzastories.le5stagioni.com\\\/it\\\/\",\"name\":\"Pizza Stories\",\"description\":\"La community degli amanti della pizza\",\"publisher\":{\"@id\":\"https:\\\/\\\/pizzastories.le5stagioni.com\\\/it\\\/#organization\"},\"potentialAction\":[{\"@type\":\"SearchAction\",\"target\":{\"@type\":\"EntryPoint\",\"urlTemplate\":\"https:\\\/\\\/pizzastories.le5stagioni.com\\\/it\\\/?s={search_term_string}\"},\"query-input\":{\"@type\":\"PropertyValueSpecification\",\"valueRequired\":true,\"valueName\":\"search_term_string\"}}],\"inLanguage\":\"it-IT\"},{\"@type\":\"Organization\",\"@id\":\"https:\\\/\\\/pizzastories.le5stagioni.com\\\/it\\\/#organization\",\"name\":\"Pizza Stories\",\"url\":\"https:\\\/\\\/pizzastories.le5stagioni.com\\\/it\\\/\",\"logo\":{\"@type\":\"ImageObject\",\"inLanguage\":\"it-IT\",\"@id\":\"https:\\\/\\\/pizzastories.le5stagioni.com\\\/it\\\/#\\\/schema\\\/logo\\\/image\\\/\",\"url\":\"https:\\\/\\\/pizzastories.le5stagioni.com\\\/wp-content\\\/uploads\\\/2025\\\/05\\\/cropped-pizza-stories-logo.png\",\"contentUrl\":\"https:\\\/\\\/pizzastories.le5stagioni.com\\\/wp-content\\\/uploads\\\/2025\\\/05\\\/cropped-pizza-stories-logo.png\",\"width\":512,\"height\":512,\"caption\":\"Pizza Stories\"},\"image\":{\"@id\":\"https:\\\/\\\/pizzastories.le5stagioni.com\\\/it\\\/#\\\/schema\\\/logo\\\/image\\\/\"}},{\"@type\":\"Person\",\"@id\":\"https:\\\/\\\/pizzastories.le5stagioni.com\\\/it\\\/#\\\/schema\\\/person\\\/0d424ca2391dc26a6473ca01cc351137\",\"name\":\"Giovanni\",\"image\":{\"@type\":\"ImageObject\",\"inLanguage\":\"it-IT\",\"@id\":\"https:\\\/\\\/secure.gravatar.com\\\/avatar\\\/e790db86f03a781da86f49749663d3c225e90a6481699e19e0845b59a9a45b2f?s=96&d=mm&r=g\",\"url\":\"https:\\\/\\\/secure.gravatar.com\\\/avatar\\\/e790db86f03a781da86f49749663d3c225e90a6481699e19e0845b59a9a45b2f?s=96&d=mm&r=g\",\"contentUrl\":\"https:\\\/\\\/secure.gravatar.com\\\/avatar\\\/e790db86f03a781da86f49749663d3c225e90a6481699e19e0845b59a9a45b2f?s=96&d=mm&r=g\",\"caption\":\"Giovanni\"},\"url\":\"https:\\\/\\\/pizzastories.le5stagioni.com\\\/it\\\/author\\\/giovanni\\\/\"}]}<\/script>\n<!-- \/ Yoast SEO plugin. -->","yoast_head_json":{"title":"Lucca, la nuova vita di Antico Caff\u00e8 delle Mura - Pizza Stories","description":"L'Antico Caff\u00e8 delle Mura \u00e8 per antonomasia il simbolo della citt\u00e0 di Lucca: nato per offrire ristoro ai cittadini durante... Scopri di pi\u00f9","robots":{"index":"index","follow":"follow","max-snippet":"max-snippet:-1","max-image-preview":"max-image-preview:large","max-video-preview":"max-video-preview:-1"},"canonical":"https:\/\/pizzastories.le5stagioni.com\/it\/discovery\/lucca-la-nuova-vita-di-antico-caffe-delle-mura\/","og_locale":"it_IT","og_type":"article","og_title":"Lucca, la nuova vita di Antico Caff\u00e8 delle Mura - Pizza Stories","og_description":"L'Antico Caff\u00e8 delle Mura \u00e8 per antonomasia il simbolo della citt\u00e0 di Lucca: nato per offrire ristoro ai cittadini durante... Scopri di pi\u00f9","og_url":"https:\/\/pizzastories.le5stagioni.com\/it\/discovery\/lucca-la-nuova-vita-di-antico-caffe-delle-mura\/","og_site_name":"Pizza Stories","article_published_time":"2025-07-01T12:21:26+00:00","article_modified_time":"2025-07-02T07:36:29+00:00","og_image":[{"width":1230,"height":734,"url":"https:\/\/pizzastories.le5stagioni.com\/wp-content\/uploads\/2025\/07\/Untitled-Project-1.jpg","type":"image\/jpeg"}],"author":"Giovanni","twitter_card":"summary_large_image","twitter_misc":{"Scritto da":"Giovanni","Tempo di lettura stimato":"7 minuti"},"schema":{"@context":"https:\/\/schema.org","@graph":[{"@type":"Article","@id":"https:\/\/pizzastories.le5stagioni.com\/it\/discovery\/lucca-la-nuova-vita-di-antico-caffe-delle-mura\/#article","isPartOf":{"@id":"https:\/\/pizzastories.le5stagioni.com\/it\/discovery\/lucca-la-nuova-vita-di-antico-caffe-delle-mura\/"},"author":{"name":"Giovanni","@id":"https:\/\/pizzastories.le5stagioni.com\/it\/#\/schema\/person\/0d424ca2391dc26a6473ca01cc351137"},"headline":"Lucca, la nuova vita di Antico Caff\u00e8 delle Mura","datePublished":"2025-07-01T12:21:26+00:00","dateModified":"2025-07-02T07:36:29+00:00","mainEntityOfPage":{"@id":"https:\/\/pizzastories.le5stagioni.com\/it\/discovery\/lucca-la-nuova-vita-di-antico-caffe-delle-mura\/"},"wordCount":1180,"publisher":{"@id":"https:\/\/pizzastories.le5stagioni.com\/it\/#organization"},"image":{"@id":"https:\/\/pizzastories.le5stagioni.com\/it\/discovery\/lucca-la-nuova-vita-di-antico-caffe-delle-mura\/#primaryimage"},"thumbnailUrl":"https:\/\/pizzastories.le5stagioni.com\/wp-content\/uploads\/2025\/07\/Untitled-Project-1.jpg","articleSection":["discovery"],"inLanguage":"it-IT"},{"@type":"WebPage","@id":"https:\/\/pizzastories.le5stagioni.com\/it\/discovery\/lucca-la-nuova-vita-di-antico-caffe-delle-mura\/","url":"https:\/\/pizzastories.le5stagioni.com\/it\/discovery\/lucca-la-nuova-vita-di-antico-caffe-delle-mura\/","name":"Lucca, la nuova vita di Antico Caff\u00e8 delle Mura - Pizza Stories","isPartOf":{"@id":"https:\/\/pizzastories.le5stagioni.com\/it\/#website"},"primaryImageOfPage":{"@id":"https:\/\/pizzastories.le5stagioni.com\/it\/discovery\/lucca-la-nuova-vita-di-antico-caffe-delle-mura\/#primaryimage"},"image":{"@id":"https:\/\/pizzastories.le5stagioni.com\/it\/discovery\/lucca-la-nuova-vita-di-antico-caffe-delle-mura\/#primaryimage"},"thumbnailUrl":"https:\/\/pizzastories.le5stagioni.com\/wp-content\/uploads\/2025\/07\/Untitled-Project-1.jpg","datePublished":"2025-07-01T12:21:26+00:00","dateModified":"2025-07-02T07:36:29+00:00","description":"L'Antico Caff\u00e8 delle Mura \u00e8 per antonomasia il simbolo della citt\u00e0 di Lucca: nato per offrire ristoro ai cittadini durante... Scopri di pi\u00f9","breadcrumb":{"@id":"https:\/\/pizzastories.le5stagioni.com\/it\/discovery\/lucca-la-nuova-vita-di-antico-caffe-delle-mura\/#breadcrumb"},"inLanguage":"it-IT","potentialAction":[{"@type":"ReadAction","target":["https:\/\/pizzastories.le5stagioni.com\/it\/discovery\/lucca-la-nuova-vita-di-antico-caffe-delle-mura\/"]}]},{"@type":"ImageObject","inLanguage":"it-IT","@id":"https:\/\/pizzastories.le5stagioni.com\/it\/discovery\/lucca-la-nuova-vita-di-antico-caffe-delle-mura\/#primaryimage","url":"https:\/\/pizzastories.le5stagioni.com\/wp-content\/uploads\/2025\/07\/Untitled-Project-1.jpg","contentUrl":"https:\/\/pizzastories.le5stagioni.com\/wp-content\/uploads\/2025\/07\/Untitled-Project-1.jpg","width":1230,"height":734,"caption":"Lucca Pizzeria Antico Caff\u00e8 delle Mura di Umberto Costa Pizza Napoletana Pizza Gourmet con farina di grano tenero le 5 stagioni del molino Agugiaro & Figna"},{"@type":"BreadcrumbList","@id":"https:\/\/pizzastories.le5stagioni.com\/it\/discovery\/lucca-la-nuova-vita-di-antico-caffe-delle-mura\/#breadcrumb","itemListElement":[{"@type":"ListItem","position":1,"name":"Home","item":"https:\/\/pizzastories.le5stagioni.com\/it\/"},{"@type":"ListItem","position":2,"name":"Lucca, la nuova vita di Antico Caff\u00e8 delle Mura"}]},{"@type":"WebSite","@id":"https:\/\/pizzastories.le5stagioni.com\/it\/#website","url":"https:\/\/pizzastories.le5stagioni.com\/it\/","name":"Pizza Stories","description":"La community degli amanti della pizza","publisher":{"@id":"https:\/\/pizzastories.le5stagioni.com\/it\/#organization"},"potentialAction":[{"@type":"SearchAction","target":{"@type":"EntryPoint","urlTemplate":"https:\/\/pizzastories.le5stagioni.com\/it\/?s={search_term_string}"},"query-input":{"@type":"PropertyValueSpecification","valueRequired":true,"valueName":"search_term_string"}}],"inLanguage":"it-IT"},{"@type":"Organization","@id":"https:\/\/pizzastories.le5stagioni.com\/it\/#organization","name":"Pizza Stories","url":"https:\/\/pizzastories.le5stagioni.com\/it\/","logo":{"@type":"ImageObject","inLanguage":"it-IT","@id":"https:\/\/pizzastories.le5stagioni.com\/it\/#\/schema\/logo\/image\/","url":"https:\/\/pizzastories.le5stagioni.com\/wp-content\/uploads\/2025\/05\/cropped-pizza-stories-logo.png","contentUrl":"https:\/\/pizzastories.le5stagioni.com\/wp-content\/uploads\/2025\/05\/cropped-pizza-stories-logo.png","width":512,"height":512,"caption":"Pizza Stories"},"image":{"@id":"https:\/\/pizzastories.le5stagioni.com\/it\/#\/schema\/logo\/image\/"}},{"@type":"Person","@id":"https:\/\/pizzastories.le5stagioni.com\/it\/#\/schema\/person\/0d424ca2391dc26a6473ca01cc351137","name":"Giovanni","image":{"@type":"ImageObject","inLanguage":"it-IT","@id":"https:\/\/secure.gravatar.com\/avatar\/e790db86f03a781da86f49749663d3c225e90a6481699e19e0845b59a9a45b2f?s=96&d=mm&r=g","url":"https:\/\/secure.gravatar.com\/avatar\/e790db86f03a781da86f49749663d3c225e90a6481699e19e0845b59a9a45b2f?s=96&d=mm&r=g","contentUrl":"https:\/\/secure.gravatar.com\/avatar\/e790db86f03a781da86f49749663d3c225e90a6481699e19e0845b59a9a45b2f?s=96&d=mm&r=g","caption":"Giovanni"},"url":"https:\/\/pizzastories.le5stagioni.com\/it\/author\/giovanni\/"}]}},"_links":{"self":[{"href":"https:\/\/pizzastories.le5stagioni.com\/it\/wp-json\/wp\/v2\/posts\/5726","targetHints":{"allow":["GET"]}}],"collection":[{"href":"https:\/\/pizzastories.le5stagioni.com\/it\/wp-json\/wp\/v2\/posts"}],"about":[{"href":"https:\/\/pizzastories.le5stagioni.com\/it\/wp-json\/wp\/v2\/types\/post"}],"author":[{"embeddable":true,"href":"https:\/\/pizzastories.le5stagioni.com\/it\/wp-json\/wp\/v2\/users\/3"}],"replies":[{"embeddable":true,"href":"https:\/\/pizzastories.le5stagioni.com\/it\/wp-json\/wp\/v2\/comments?post=5726"}],"version-history":[{"count":9,"href":"https:\/\/pizzastories.le5stagioni.com\/it\/wp-json\/wp\/v2\/posts\/5726\/revisions"}],"predecessor-version":[{"id":5917,"href":"https:\/\/pizzastories.le5stagioni.com\/it\/wp-json\/wp\/v2\/posts\/5726\/revisions\/5917"}],"wp:featuredmedia":[{"embeddable":true,"href":"https:\/\/pizzastories.le5stagioni.com\/it\/wp-json\/wp\/v2\/media\/5907"}],"wp:attachment":[{"href":"https:\/\/pizzastories.le5stagioni.com\/it\/wp-json\/wp\/v2\/media?parent=5726"}],"wp:term":[{"taxonomy":"category","embeddable":true,"href":"https:\/\/pizzastories.le5stagioni.com\/it\/wp-json\/wp\/v2\/categories?post=5726"},{"taxonomy":"post_tag","embeddable":true,"href":"https:\/\/pizzastories.le5stagioni.com\/it\/wp-json\/wp\/v2\/tags?post=5726"}],"curies":[{"name":"wp","href":"https:\/\/api.w.org\/{rel}","templated":true}]}}