{"id":4284,"date":"2024-10-16T12:24:11","date_gmt":"2024-10-16T10:24:11","guid":{"rendered":"https:\/\/pizzastories.le5stagioni.com\/sem-categoria\/o-dia-das-5-estacoes-em-berlim\/"},"modified":"2024-10-16T12:24:11","modified_gmt":"2024-10-16T10:24:11","slug":"o-dia-das-5-estacoes-em-berlim","status":"publish","type":"post","link":"https:\/\/pizzastories.le5stagioni.com\/pt-br\/estilo-de-vida-pt-br\/o-dia-das-5-estacoes-em-berlim\/","title":{"rendered":"O dia das 5 esta\u00e7\u00f5es em Berlim"},"content":{"rendered":"<div class=\"stripe-one-col-text\">\n<div class=\"text-description\">\n<p><iframe title=\"Le 5 Stagioni Day - Berlin\" width=\"800\" height=\"450\" src=\"https:\/\/www.youtube.com\/embed\/_KMhbumr3iQ?feature=oembed\" frameborder=\"0\" allow=\"accelerometer; autoplay; clipboard-write; encrypted-media; gyroscope; picture-in-picture; web-share\" referrerpolicy=\"strict-origin-when-cross-origin\" allowfullscreen><\/iframe><\/p>\n<p>Um evento imperd\u00edvel para pizzaiolos em Berlim: o \u201cLe 5 Stagioni Day\u201d foi um evento que combinou paix\u00e3o por pizza e inova\u00e7\u00e3o. Em colabora\u00e7\u00e3o com a True Italian Pizza Week, esse dia ofereceu uma oportunidade \u00fanica de explorar novas t\u00e9cnicas de preparo, gra\u00e7as \u00e0 participa\u00e7\u00e3o de tr\u00eas experientes mestres pizzaiolos italianos. <\/p>\n<\/div>\n<\/div>\n<div class=\"stripe-one-col-text \">\n<div class=\"text-description\">\n<p>Os protagonistas da masterclass foram Ciccio Vitiello da pizzaria Cambiamenti, Salvatore Salviani da Scuola Italiana Pizzaioli e Nicola Demo da Le 5 Stagioni. Esses especialistas compartilharam seus conhecimentos com os pizzaioli de Berlim, demonstrando t\u00e9cnicas de ponta e solu\u00e7\u00f5es criativas que est\u00e3o revolucionando o setor de pizzas. <\/p>\n<p>No centro do evento est\u00e1 a linha de farinhas Le 5 Stagioni, conhecida por sua qualidade e pela inovadora tecnologia de moagem integrada, que permite massas de alto desempenho. As caracter\u00edsticas dessas farinhas permitem uma trabalhabilidade e resist\u00eancia perfeitas, tanto para fermenta\u00e7\u00e3o longa quanto para cozimento r\u00e1pido, garantindo excelentes resultados. <\/p>\n<p>Ap\u00f3s a parte do treinamento, \u00e0 noite, os participantes se reuniram para um momento de compartilhamento, acompanhado de boa comida, m\u00fasica e uma atmosfera agrad\u00e1vel, fortalecendo o v\u00ednculo entre os pizzaiolos e sua arte.<\/p>\n<p>Inova\u00e7\u00e3o, paix\u00e3o e amor pela pizza foram os temas principais desse evento, uma experi\u00eancia que deixou uma marca importante no cen\u00e1rio contempor\u00e2neo da pizza em Berlim.<\/p>\n<\/div>\n<\/div>\n<div class=\"shared-content \"><\/div>\n","protected":false},"excerpt":{"rendered":"<p>O \u201cLe 5 Stagioni Day\u201d em Berlim combinou inova\u00e7\u00e3o e tradi\u00e7\u00e3o com uma masterclass dedicada aos pizzaiolos de Berlim.<\/p>\n","protected":false},"author":1,"featured_media":4285,"comment_status":"closed","ping_status":"closed","sticky":false,"template":"","format":"standard","meta":{"_acf_changed":false,"footnotes":""},"categories":[160],"tags":[],"class_list":["post-4284","post","type-post","status-publish","format-standard","has-post-thumbnail","hentry","category-estilo-de-vida-pt-br"],"acf":[],"yoast_head":"<!-- This site is optimized with the Yoast SEO plugin v27.5 - https:\/\/yoast.com\/product\/yoast-seo-wordpress\/ -->\n<title>O dia das 5 esta\u00e7\u00f5es em Berlim - Pizza Stories<\/title>\n<meta name=\"robots\" content=\"index, follow, max-snippet:-1, max-image-preview:large, max-video-preview:-1\" \/>\n<link rel=\"canonical\" href=\"https:\/\/pizzastories.le5stagioni.com\/pt-br\/estilo-de-vida-pt-br\/o-dia-das-5-estacoes-em-berlim\/\" \/>\n<meta property=\"og:locale\" content=\"pt_BR\" \/>\n<meta property=\"og:type\" content=\"article\" \/>\n<meta property=\"og:title\" content=\"O dia das 5 esta\u00e7\u00f5es em Berlim - Pizza Stories\" \/>\n<meta property=\"og:description\" content=\"O \u201cLe 5 Stagioni Day\u201d em Berlim combinou inova\u00e7\u00e3o e tradi\u00e7\u00e3o com uma masterclass dedicada aos pizzaiolos de Berlim.\" \/>\n<meta property=\"og:url\" content=\"https:\/\/pizzastories.le5stagioni.com\/pt-br\/estilo-de-vida-pt-br\/o-dia-das-5-estacoes-em-berlim\/\" \/>\n<meta property=\"og:site_name\" content=\"Pizza Stories\" \/>\n<meta property=\"article:published_time\" content=\"2024-10-16T10:24:11+00:00\" \/>\n<meta property=\"og:image\" content=\"https:\/\/pizzastories.le5stagioni.com\/wp-content\/uploads\/2025\/05\/l5s-day-berlin-header.jpg\" \/>\n\t<meta property=\"og:image:width\" content=\"1920\" \/>\n\t<meta property=\"og:image:height\" content=\"647\" \/>\n\t<meta property=\"og:image:type\" content=\"image\/jpeg\" \/>\n<meta name=\"author\" content=\"admin\" \/>\n<meta name=\"twitter:card\" content=\"summary_large_image\" \/>\n<meta name=\"twitter:label1\" content=\"Escrito por\" \/>\n\t<meta name=\"twitter:data1\" content=\"admin\" \/>\n\t<meta name=\"twitter:label2\" content=\"Est. tempo de leitura\" \/>\n\t<meta name=\"twitter:data2\" content=\"1 minuto\" \/>\n<script type=\"application\/ld+json\" class=\"yoast-schema-graph\">{\"@context\":\"https:\\\/\\\/schema.org\",\"@graph\":[{\"@type\":\"Article\",\"@id\":\"https:\\\/\\\/pizzastories.le5stagioni.com\\\/pt-br\\\/estilo-de-vida-pt-br\\\/o-dia-das-5-estacoes-em-berlim\\\/#article\",\"isPartOf\":{\"@id\":\"https:\\\/\\\/pizzastories.le5stagioni.com\\\/pt-br\\\/estilo-de-vida-pt-br\\\/o-dia-das-5-estacoes-em-berlim\\\/\"},\"author\":{\"name\":\"admin\",\"@id\":\"https:\\\/\\\/pizzastories.le5stagioni.com\\\/pt-br\\\/#\\\/schema\\\/person\\\/d29300c90b5517cd405edf2c907a69ba\"},\"headline\":\"O dia das 5 esta\u00e7\u00f5es em Berlim\",\"datePublished\":\"2024-10-16T10:24:11+00:00\",\"mainEntityOfPage\":{\"@id\":\"https:\\\/\\\/pizzastories.le5stagioni.com\\\/pt-br\\\/estilo-de-vida-pt-br\\\/o-dia-das-5-estacoes-em-berlim\\\/\"},\"wordCount\":242,\"publisher\":{\"@id\":\"https:\\\/\\\/pizzastories.le5stagioni.com\\\/pt-br\\\/#organization\"},\"image\":{\"@id\":\"https:\\\/\\\/pizzastories.le5stagioni.com\\\/pt-br\\\/estilo-de-vida-pt-br\\\/o-dia-das-5-estacoes-em-berlim\\\/#primaryimage\"},\"thumbnailUrl\":\"https:\\\/\\\/pizzastories.le5stagioni.com\\\/wp-content\\\/uploads\\\/2025\\\/05\\\/l5s-day-berlin-header.jpg\",\"articleSection\":[\"Estilo de vida\"],\"inLanguage\":\"pt-BR\"},{\"@type\":\"WebPage\",\"@id\":\"https:\\\/\\\/pizzastories.le5stagioni.com\\\/pt-br\\\/estilo-de-vida-pt-br\\\/o-dia-das-5-estacoes-em-berlim\\\/\",\"url\":\"https:\\\/\\\/pizzastories.le5stagioni.com\\\/pt-br\\\/estilo-de-vida-pt-br\\\/o-dia-das-5-estacoes-em-berlim\\\/\",\"name\":\"O dia das 5 esta\u00e7\u00f5es em Berlim - Pizza Stories\",\"isPartOf\":{\"@id\":\"https:\\\/\\\/pizzastories.le5stagioni.com\\\/pt-br\\\/#website\"},\"primaryImageOfPage\":{\"@id\":\"https:\\\/\\\/pizzastories.le5stagioni.com\\\/pt-br\\\/estilo-de-vida-pt-br\\\/o-dia-das-5-estacoes-em-berlim\\\/#primaryimage\"},\"image\":{\"@id\":\"https:\\\/\\\/pizzastories.le5stagioni.com\\\/pt-br\\\/estilo-de-vida-pt-br\\\/o-dia-das-5-estacoes-em-berlim\\\/#primaryimage\"},\"thumbnailUrl\":\"https:\\\/\\\/pizzastories.le5stagioni.com\\\/wp-content\\\/uploads\\\/2025\\\/05\\\/l5s-day-berlin-header.jpg\",\"datePublished\":\"2024-10-16T10:24:11+00:00\",\"breadcrumb\":{\"@id\":\"https:\\\/\\\/pizzastories.le5stagioni.com\\\/pt-br\\\/estilo-de-vida-pt-br\\\/o-dia-das-5-estacoes-em-berlim\\\/#breadcrumb\"},\"inLanguage\":\"pt-BR\",\"potentialAction\":[{\"@type\":\"ReadAction\",\"target\":[\"https:\\\/\\\/pizzastories.le5stagioni.com\\\/pt-br\\\/estilo-de-vida-pt-br\\\/o-dia-das-5-estacoes-em-berlim\\\/\"]}]},{\"@type\":\"ImageObject\",\"inLanguage\":\"pt-BR\",\"@id\":\"https:\\\/\\\/pizzastories.le5stagioni.com\\\/pt-br\\\/estilo-de-vida-pt-br\\\/o-dia-das-5-estacoes-em-berlim\\\/#primaryimage\",\"url\":\"https:\\\/\\\/pizzastories.le5stagioni.com\\\/wp-content\\\/uploads\\\/2025\\\/05\\\/l5s-day-berlin-header.jpg\",\"contentUrl\":\"https:\\\/\\\/pizzastories.le5stagioni.com\\\/wp-content\\\/uploads\\\/2025\\\/05\\\/l5s-day-berlin-header.jpg\",\"width\":1920,\"height\":647,\"caption\":\"Le 5 Stagioni Day a Berlino\"},{\"@type\":\"BreadcrumbList\",\"@id\":\"https:\\\/\\\/pizzastories.le5stagioni.com\\\/pt-br\\\/estilo-de-vida-pt-br\\\/o-dia-das-5-estacoes-em-berlim\\\/#breadcrumb\",\"itemListElement\":[{\"@type\":\"ListItem\",\"position\":1,\"name\":\"Home\",\"item\":\"https:\\\/\\\/pizzastories.le5stagioni.com\\\/pt-br\\\/\"},{\"@type\":\"ListItem\",\"position\":2,\"name\":\"O dia das 5 esta\u00e7\u00f5es em Berlim\"}]},{\"@type\":\"WebSite\",\"@id\":\"https:\\\/\\\/pizzastories.le5stagioni.com\\\/pt-br\\\/#website\",\"url\":\"https:\\\/\\\/pizzastories.le5stagioni.com\\\/pt-br\\\/\",\"name\":\"Pizza Stories\",\"description\":\"La community degli amanti della pizza\",\"publisher\":{\"@id\":\"https:\\\/\\\/pizzastories.le5stagioni.com\\\/pt-br\\\/#organization\"},\"potentialAction\":[{\"@type\":\"SearchAction\",\"target\":{\"@type\":\"EntryPoint\",\"urlTemplate\":\"https:\\\/\\\/pizzastories.le5stagioni.com\\\/pt-br\\\/?s={search_term_string}\"},\"query-input\":{\"@type\":\"PropertyValueSpecification\",\"valueRequired\":true,\"valueName\":\"search_term_string\"}}],\"inLanguage\":\"pt-BR\"},{\"@type\":\"Organization\",\"@id\":\"https:\\\/\\\/pizzastories.le5stagioni.com\\\/pt-br\\\/#organization\",\"name\":\"Pizza Stories\",\"url\":\"https:\\\/\\\/pizzastories.le5stagioni.com\\\/pt-br\\\/\",\"logo\":{\"@type\":\"ImageObject\",\"inLanguage\":\"pt-BR\",\"@id\":\"https:\\\/\\\/pizzastories.le5stagioni.com\\\/pt-br\\\/#\\\/schema\\\/logo\\\/image\\\/\",\"url\":\"https:\\\/\\\/pizzastories.le5stagioni.com\\\/wp-content\\\/uploads\\\/2025\\\/05\\\/cropped-pizza-stories-logo.png\",\"contentUrl\":\"https:\\\/\\\/pizzastories.le5stagioni.com\\\/wp-content\\\/uploads\\\/2025\\\/05\\\/cropped-pizza-stories-logo.png\",\"width\":512,\"height\":512,\"caption\":\"Pizza Stories\"},\"image\":{\"@id\":\"https:\\\/\\\/pizzastories.le5stagioni.com\\\/pt-br\\\/#\\\/schema\\\/logo\\\/image\\\/\"}},{\"@type\":\"Person\",\"@id\":\"https:\\\/\\\/pizzastories.le5stagioni.com\\\/pt-br\\\/#\\\/schema\\\/person\\\/d29300c90b5517cd405edf2c907a69ba\",\"name\":\"admin\",\"image\":{\"@type\":\"ImageObject\",\"inLanguage\":\"pt-BR\",\"@id\":\"https:\\\/\\\/secure.gravatar.com\\\/avatar\\\/5edb4df5e2959cba313f23cb81d70d9233dad5fed62a756d80df55fa53e32990?s=96&d=mm&r=g\",\"url\":\"https:\\\/\\\/secure.gravatar.com\\\/avatar\\\/5edb4df5e2959cba313f23cb81d70d9233dad5fed62a756d80df55fa53e32990?s=96&d=mm&r=g\",\"contentUrl\":\"https:\\\/\\\/secure.gravatar.com\\\/avatar\\\/5edb4df5e2959cba313f23cb81d70d9233dad5fed62a756d80df55fa53e32990?s=96&d=mm&r=g\",\"caption\":\"admin\"},\"sameAs\":[\"https:\\\/\\\/pizzastories.le5stagioni.com\"],\"url\":\"https:\\\/\\\/pizzastories.le5stagioni.com\\\/pt-br\\\/author\\\/eperrone_1lnrhwgg\\\/\"}]}<\/script>\n<!-- \/ Yoast SEO plugin. -->","yoast_head_json":{"title":"O dia das 5 esta\u00e7\u00f5es em Berlim - Pizza Stories","robots":{"index":"index","follow":"follow","max-snippet":"max-snippet:-1","max-image-preview":"max-image-preview:large","max-video-preview":"max-video-preview:-1"},"canonical":"https:\/\/pizzastories.le5stagioni.com\/pt-br\/estilo-de-vida-pt-br\/o-dia-das-5-estacoes-em-berlim\/","og_locale":"pt_BR","og_type":"article","og_title":"O dia das 5 esta\u00e7\u00f5es em Berlim - Pizza Stories","og_description":"O \u201cLe 5 Stagioni Day\u201d em Berlim combinou inova\u00e7\u00e3o e tradi\u00e7\u00e3o com uma masterclass dedicada aos pizzaiolos de Berlim.","og_url":"https:\/\/pizzastories.le5stagioni.com\/pt-br\/estilo-de-vida-pt-br\/o-dia-das-5-estacoes-em-berlim\/","og_site_name":"Pizza Stories","article_published_time":"2024-10-16T10:24:11+00:00","og_image":[{"width":1920,"height":647,"url":"https:\/\/pizzastories.le5stagioni.com\/wp-content\/uploads\/2025\/05\/l5s-day-berlin-header.jpg","type":"image\/jpeg"}],"author":"admin","twitter_card":"summary_large_image","twitter_misc":{"Escrito por":"admin","Est. tempo de leitura":"1 minuto"},"schema":{"@context":"https:\/\/schema.org","@graph":[{"@type":"Article","@id":"https:\/\/pizzastories.le5stagioni.com\/pt-br\/estilo-de-vida-pt-br\/o-dia-das-5-estacoes-em-berlim\/#article","isPartOf":{"@id":"https:\/\/pizzastories.le5stagioni.com\/pt-br\/estilo-de-vida-pt-br\/o-dia-das-5-estacoes-em-berlim\/"},"author":{"name":"admin","@id":"https:\/\/pizzastories.le5stagioni.com\/pt-br\/#\/schema\/person\/d29300c90b5517cd405edf2c907a69ba"},"headline":"O dia das 5 esta\u00e7\u00f5es em Berlim","datePublished":"2024-10-16T10:24:11+00:00","mainEntityOfPage":{"@id":"https:\/\/pizzastories.le5stagioni.com\/pt-br\/estilo-de-vida-pt-br\/o-dia-das-5-estacoes-em-berlim\/"},"wordCount":242,"publisher":{"@id":"https:\/\/pizzastories.le5stagioni.com\/pt-br\/#organization"},"image":{"@id":"https:\/\/pizzastories.le5stagioni.com\/pt-br\/estilo-de-vida-pt-br\/o-dia-das-5-estacoes-em-berlim\/#primaryimage"},"thumbnailUrl":"https:\/\/pizzastories.le5stagioni.com\/wp-content\/uploads\/2025\/05\/l5s-day-berlin-header.jpg","articleSection":["Estilo de vida"],"inLanguage":"pt-BR"},{"@type":"WebPage","@id":"https:\/\/pizzastories.le5stagioni.com\/pt-br\/estilo-de-vida-pt-br\/o-dia-das-5-estacoes-em-berlim\/","url":"https:\/\/pizzastories.le5stagioni.com\/pt-br\/estilo-de-vida-pt-br\/o-dia-das-5-estacoes-em-berlim\/","name":"O dia das 5 esta\u00e7\u00f5es em Berlim - Pizza Stories","isPartOf":{"@id":"https:\/\/pizzastories.le5stagioni.com\/pt-br\/#website"},"primaryImageOfPage":{"@id":"https:\/\/pizzastories.le5stagioni.com\/pt-br\/estilo-de-vida-pt-br\/o-dia-das-5-estacoes-em-berlim\/#primaryimage"},"image":{"@id":"https:\/\/pizzastories.le5stagioni.com\/pt-br\/estilo-de-vida-pt-br\/o-dia-das-5-estacoes-em-berlim\/#primaryimage"},"thumbnailUrl":"https:\/\/pizzastories.le5stagioni.com\/wp-content\/uploads\/2025\/05\/l5s-day-berlin-header.jpg","datePublished":"2024-10-16T10:24:11+00:00","breadcrumb":{"@id":"https:\/\/pizzastories.le5stagioni.com\/pt-br\/estilo-de-vida-pt-br\/o-dia-das-5-estacoes-em-berlim\/#breadcrumb"},"inLanguage":"pt-BR","potentialAction":[{"@type":"ReadAction","target":["https:\/\/pizzastories.le5stagioni.com\/pt-br\/estilo-de-vida-pt-br\/o-dia-das-5-estacoes-em-berlim\/"]}]},{"@type":"ImageObject","inLanguage":"pt-BR","@id":"https:\/\/pizzastories.le5stagioni.com\/pt-br\/estilo-de-vida-pt-br\/o-dia-das-5-estacoes-em-berlim\/#primaryimage","url":"https:\/\/pizzastories.le5stagioni.com\/wp-content\/uploads\/2025\/05\/l5s-day-berlin-header.jpg","contentUrl":"https:\/\/pizzastories.le5stagioni.com\/wp-content\/uploads\/2025\/05\/l5s-day-berlin-header.jpg","width":1920,"height":647,"caption":"Le 5 Stagioni Day a Berlino"},{"@type":"BreadcrumbList","@id":"https:\/\/pizzastories.le5stagioni.com\/pt-br\/estilo-de-vida-pt-br\/o-dia-das-5-estacoes-em-berlim\/#breadcrumb","itemListElement":[{"@type":"ListItem","position":1,"name":"Home","item":"https:\/\/pizzastories.le5stagioni.com\/pt-br\/"},{"@type":"ListItem","position":2,"name":"O dia das 5 esta\u00e7\u00f5es em Berlim"}]},{"@type":"WebSite","@id":"https:\/\/pizzastories.le5stagioni.com\/pt-br\/#website","url":"https:\/\/pizzastories.le5stagioni.com\/pt-br\/","name":"Pizza Stories","description":"La community degli amanti della pizza","publisher":{"@id":"https:\/\/pizzastories.le5stagioni.com\/pt-br\/#organization"},"potentialAction":[{"@type":"SearchAction","target":{"@type":"EntryPoint","urlTemplate":"https:\/\/pizzastories.le5stagioni.com\/pt-br\/?s={search_term_string}"},"query-input":{"@type":"PropertyValueSpecification","valueRequired":true,"valueName":"search_term_string"}}],"inLanguage":"pt-BR"},{"@type":"Organization","@id":"https:\/\/pizzastories.le5stagioni.com\/pt-br\/#organization","name":"Pizza Stories","url":"https:\/\/pizzastories.le5stagioni.com\/pt-br\/","logo":{"@type":"ImageObject","inLanguage":"pt-BR","@id":"https:\/\/pizzastories.le5stagioni.com\/pt-br\/#\/schema\/logo\/image\/","url":"https:\/\/pizzastories.le5stagioni.com\/wp-content\/uploads\/2025\/05\/cropped-pizza-stories-logo.png","contentUrl":"https:\/\/pizzastories.le5stagioni.com\/wp-content\/uploads\/2025\/05\/cropped-pizza-stories-logo.png","width":512,"height":512,"caption":"Pizza Stories"},"image":{"@id":"https:\/\/pizzastories.le5stagioni.com\/pt-br\/#\/schema\/logo\/image\/"}},{"@type":"Person","@id":"https:\/\/pizzastories.le5stagioni.com\/pt-br\/#\/schema\/person\/d29300c90b5517cd405edf2c907a69ba","name":"admin","image":{"@type":"ImageObject","inLanguage":"pt-BR","@id":"https:\/\/secure.gravatar.com\/avatar\/5edb4df5e2959cba313f23cb81d70d9233dad5fed62a756d80df55fa53e32990?s=96&d=mm&r=g","url":"https:\/\/secure.gravatar.com\/avatar\/5edb4df5e2959cba313f23cb81d70d9233dad5fed62a756d80df55fa53e32990?s=96&d=mm&r=g","contentUrl":"https:\/\/secure.gravatar.com\/avatar\/5edb4df5e2959cba313f23cb81d70d9233dad5fed62a756d80df55fa53e32990?s=96&d=mm&r=g","caption":"admin"},"sameAs":["https:\/\/pizzastories.le5stagioni.com"],"url":"https:\/\/pizzastories.le5stagioni.com\/pt-br\/author\/eperrone_1lnrhwgg\/"}]}},"_links":{"self":[{"href":"https:\/\/pizzastories.le5stagioni.com\/pt-br\/wp-json\/wp\/v2\/posts\/4284","targetHints":{"allow":["GET"]}}],"collection":[{"href":"https:\/\/pizzastories.le5stagioni.com\/pt-br\/wp-json\/wp\/v2\/posts"}],"about":[{"href":"https:\/\/pizzastories.le5stagioni.com\/pt-br\/wp-json\/wp\/v2\/types\/post"}],"author":[{"embeddable":true,"href":"https:\/\/pizzastories.le5stagioni.com\/pt-br\/wp-json\/wp\/v2\/users\/1"}],"replies":[{"embeddable":true,"href":"https:\/\/pizzastories.le5stagioni.com\/pt-br\/wp-json\/wp\/v2\/comments?post=4284"}],"version-history":[{"count":0,"href":"https:\/\/pizzastories.le5stagioni.com\/pt-br\/wp-json\/wp\/v2\/posts\/4284\/revisions"}],"wp:featuredmedia":[{"embeddable":true,"href":"https:\/\/pizzastories.le5stagioni.com\/pt-br\/wp-json\/wp\/v2\/media\/4285"}],"wp:attachment":[{"href":"https:\/\/pizzastories.le5stagioni.com\/pt-br\/wp-json\/wp\/v2\/media?parent=4284"}],"wp:term":[{"taxonomy":"category","embeddable":true,"href":"https:\/\/pizzastories.le5stagioni.com\/pt-br\/wp-json\/wp\/v2\/categories?post=4284"},{"taxonomy":"post_tag","embeddable":true,"href":"https:\/\/pizzastories.le5stagioni.com\/pt-br\/wp-json\/wp\/v2\/tags?post=4284"}],"curies":[{"name":"wp","href":"https:\/\/api.w.org\/{rel}","templated":true}]}}