{"id":4628,"date":"2023-06-30T12:42:05","date_gmt":"2023-06-30T10:42:05","guid":{"rendered":"https:\/\/pizzastories.le5stagioni.com\/sem-categoria\/quem-sera-o-novo-pizzaiolo-em-ascensao\/"},"modified":"2023-06-30T12:42:05","modified_gmt":"2023-06-30T10:42:05","slug":"quem-sera-o-novo-pizzaiolo-em-ascensao","status":"publish","type":"post","link":"https:\/\/pizzastories.le5stagioni.com\/pt-br\/pizza-emergente\/quem-sera-o-novo-pizzaiolo-em-ascensao\/","title":{"rendered":"Quem ser\u00e1 o novo pizzaiolo em ascens\u00e3o?"},"content":{"rendered":"\n<div class=\"stripe-one-col-media fullwidth\">\n            <img decoding=\"async\" src=\"https:\/\/pizzastories.le5stagioni.com\/wp-content\/uploads\/2025\/05\/emergente-selezione-nord-24.jpg\" alt=\"\">\t\t<\/div>\n<div class=\"stripe-one-col-text \">\n<div class=\"text-description\">\n<p style=\"text-align: justify;\">Nos <strong>dias 4 e 5 de julho,<\/strong> a nova edi\u00e7\u00e3o de <strong>Emergente<\/strong> come\u00e7a com a <strong>Sele\u00e7\u00e3o do Norte<\/strong>: na <strong>Villa Terzaghi<\/strong>, a escola de culin\u00e1ria <strong>Maestro Martino<\/strong>, presidida por <strong>Carlo Cracco<\/strong>.<\/p>\n<p style=\"text-align: justify;\">A edi\u00e7\u00e3o de 2024 inclui normalmente tr\u00eas eventos: a Sele\u00e7\u00e3o Norte, a Sele\u00e7\u00e3o Centro-Sul, que ter\u00e1 lugar a 3 e 4 de outubro de 2023 na Universidade dos Sabores em Perugia, e a Final, que ter\u00e1 lugar na ALMA, uma escola de cozinha na Reggia di Colorno, no in\u00edcio de 2024. Os quatro melhores chefes e pizzaiolos de cada uma das duas selec\u00e7\u00f5es ser\u00e3o admitidos na Final. Os finalistas ser\u00e3o decididos por v\u00e1rios j\u00faris compostos por jornalistas e especialistas do sector.  <\/p>\n<p style=\"text-align: justify;\"><strong>A EmergentePizza<\/strong> decorrer\u00e1 em duas fases: na ter\u00e7a-feira, 4 de julho, os concorrentes preparar\u00e3o a massa para o dia seguinte e ter\u00e3o como tema a pizza margherita. No dia seguinte, o desafio ser\u00e1 sobre um tema livre com a massa preparada no dia anterior. <\/p>\n<\/div><\/div>\n<div class=\"shared-content \">\n            \t\t<\/div>\n","protected":false},"excerpt":{"rendered":"<p>Nos dias 4 e 5 de julho, a nova edi\u00e7\u00e3o da Emergente come\u00e7a com a Sele\u00e7\u00e3o Norte: em Villa Terzaghi<\/p>\n","protected":false},"author":1,"featured_media":4629,"comment_status":"closed","ping_status":"closed","sticky":false,"template":"","format":"standard","meta":{"_acf_changed":false,"footnotes":""},"categories":[164],"tags":[],"class_list":["post-4628","post","type-post","status-publish","format-standard","has-post-thumbnail","hentry","category-pizza-emergente"],"acf":[],"yoast_head":"<!-- This site is optimized with the Yoast SEO plugin v27.5 - https:\/\/yoast.com\/product\/yoast-seo-wordpress\/ -->\n<title>Quem ser\u00e1 o novo pizzaiolo em ascens\u00e3o? - Pizza Stories<\/title>\n<meta name=\"robots\" content=\"index, follow, max-snippet:-1, max-image-preview:large, max-video-preview:-1\" \/>\n<link rel=\"canonical\" href=\"https:\/\/pizzastories.le5stagioni.com\/pt-br\/pizza-emergente\/quem-sera-o-novo-pizzaiolo-em-ascensao\/\" \/>\n<meta property=\"og:locale\" content=\"pt_BR\" \/>\n<meta property=\"og:type\" content=\"article\" \/>\n<meta property=\"og:title\" content=\"Quem ser\u00e1 o novo pizzaiolo em ascens\u00e3o? - Pizza Stories\" \/>\n<meta property=\"og:description\" content=\"Nos dias 4 e 5 de julho, a nova edi\u00e7\u00e3o da Emergente come\u00e7a com a Sele\u00e7\u00e3o Norte: em Villa Terzaghi\" \/>\n<meta property=\"og:url\" content=\"https:\/\/pizzastories.le5stagioni.com\/pt-br\/pizza-emergente\/quem-sera-o-novo-pizzaiolo-em-ascensao\/\" \/>\n<meta property=\"og:site_name\" content=\"Pizza Stories\" \/>\n<meta property=\"article:published_time\" content=\"2023-06-30T10:42:05+00:00\" \/>\n<meta property=\"og:image\" content=\"https:\/\/pizzastories.le5stagioni.com\/wp-content\/uploads\/2025\/05\/emergente-selezione-nord-24-1.jpg\" \/>\n\t<meta property=\"og:image:width\" content=\"1920\" \/>\n\t<meta property=\"og:image:height\" content=\"647\" \/>\n\t<meta property=\"og:image:type\" content=\"image\/jpeg\" \/>\n<meta name=\"author\" content=\"admin\" \/>\n<meta name=\"twitter:card\" content=\"summary_large_image\" \/>\n<meta name=\"twitter:label1\" content=\"Escrito por\" \/>\n\t<meta name=\"twitter:data1\" content=\"admin\" \/>\n\t<meta name=\"twitter:label2\" content=\"Est. tempo de leitura\" \/>\n\t<meta name=\"twitter:data2\" content=\"1 minuto\" \/>\n<script type=\"application\/ld+json\" class=\"yoast-schema-graph\">{\"@context\":\"https:\\\/\\\/schema.org\",\"@graph\":[{\"@type\":\"Article\",\"@id\":\"https:\\\/\\\/pizzastories.le5stagioni.com\\\/pt-br\\\/pizza-emergente\\\/quem-sera-o-novo-pizzaiolo-em-ascensao\\\/#article\",\"isPartOf\":{\"@id\":\"https:\\\/\\\/pizzastories.le5stagioni.com\\\/pt-br\\\/pizza-emergente\\\/quem-sera-o-novo-pizzaiolo-em-ascensao\\\/\"},\"author\":{\"name\":\"admin\",\"@id\":\"https:\\\/\\\/pizzastories.le5stagioni.com\\\/pt-br\\\/#\\\/schema\\\/person\\\/d29300c90b5517cd405edf2c907a69ba\"},\"headline\":\"Quem ser\u00e1 o novo pizzaiolo em ascens\u00e3o?\",\"datePublished\":\"2023-06-30T10:42:05+00:00\",\"mainEntityOfPage\":{\"@id\":\"https:\\\/\\\/pizzastories.le5stagioni.com\\\/pt-br\\\/pizza-emergente\\\/quem-sera-o-novo-pizzaiolo-em-ascensao\\\/\"},\"wordCount\":173,\"publisher\":{\"@id\":\"https:\\\/\\\/pizzastories.le5stagioni.com\\\/pt-br\\\/#organization\"},\"image\":{\"@id\":\"https:\\\/\\\/pizzastories.le5stagioni.com\\\/pt-br\\\/pizza-emergente\\\/quem-sera-o-novo-pizzaiolo-em-ascensao\\\/#primaryimage\"},\"thumbnailUrl\":\"https:\\\/\\\/pizzastories.le5stagioni.com\\\/wp-content\\\/uploads\\\/2025\\\/05\\\/emergente-selezione-nord-24-1.jpg\",\"articleSection\":[\"pizza emergente\"],\"inLanguage\":\"pt-BR\"},{\"@type\":\"WebPage\",\"@id\":\"https:\\\/\\\/pizzastories.le5stagioni.com\\\/pt-br\\\/pizza-emergente\\\/quem-sera-o-novo-pizzaiolo-em-ascensao\\\/\",\"url\":\"https:\\\/\\\/pizzastories.le5stagioni.com\\\/pt-br\\\/pizza-emergente\\\/quem-sera-o-novo-pizzaiolo-em-ascensao\\\/\",\"name\":\"Quem ser\u00e1 o novo pizzaiolo em ascens\u00e3o? - Pizza Stories\",\"isPartOf\":{\"@id\":\"https:\\\/\\\/pizzastories.le5stagioni.com\\\/pt-br\\\/#website\"},\"primaryImageOfPage\":{\"@id\":\"https:\\\/\\\/pizzastories.le5stagioni.com\\\/pt-br\\\/pizza-emergente\\\/quem-sera-o-novo-pizzaiolo-em-ascensao\\\/#primaryimage\"},\"image\":{\"@id\":\"https:\\\/\\\/pizzastories.le5stagioni.com\\\/pt-br\\\/pizza-emergente\\\/quem-sera-o-novo-pizzaiolo-em-ascensao\\\/#primaryimage\"},\"thumbnailUrl\":\"https:\\\/\\\/pizzastories.le5stagioni.com\\\/wp-content\\\/uploads\\\/2025\\\/05\\\/emergente-selezione-nord-24-1.jpg\",\"datePublished\":\"2023-06-30T10:42:05+00:00\",\"breadcrumb\":{\"@id\":\"https:\\\/\\\/pizzastories.le5stagioni.com\\\/pt-br\\\/pizza-emergente\\\/quem-sera-o-novo-pizzaiolo-em-ascensao\\\/#breadcrumb\"},\"inLanguage\":\"pt-BR\",\"potentialAction\":[{\"@type\":\"ReadAction\",\"target\":[\"https:\\\/\\\/pizzastories.le5stagioni.com\\\/pt-br\\\/pizza-emergente\\\/quem-sera-o-novo-pizzaiolo-em-ascensao\\\/\"]}]},{\"@type\":\"ImageObject\",\"inLanguage\":\"pt-BR\",\"@id\":\"https:\\\/\\\/pizzastories.le5stagioni.com\\\/pt-br\\\/pizza-emergente\\\/quem-sera-o-novo-pizzaiolo-em-ascensao\\\/#primaryimage\",\"url\":\"https:\\\/\\\/pizzastories.le5stagioni.com\\\/wp-content\\\/uploads\\\/2025\\\/05\\\/emergente-selezione-nord-24-1.jpg\",\"contentUrl\":\"https:\\\/\\\/pizzastories.le5stagioni.com\\\/wp-content\\\/uploads\\\/2025\\\/05\\\/emergente-selezione-nord-24-1.jpg\",\"width\":1920,\"height\":647,\"caption\":\"Chi sar\u00e0 il nuovo pizzaiolo emergente?\"},{\"@type\":\"BreadcrumbList\",\"@id\":\"https:\\\/\\\/pizzastories.le5stagioni.com\\\/pt-br\\\/pizza-emergente\\\/quem-sera-o-novo-pizzaiolo-em-ascensao\\\/#breadcrumb\",\"itemListElement\":[{\"@type\":\"ListItem\",\"position\":1,\"name\":\"Home\",\"item\":\"https:\\\/\\\/pizzastories.le5stagioni.com\\\/pt-br\\\/\"},{\"@type\":\"ListItem\",\"position\":2,\"name\":\"Quem ser\u00e1 o novo pizzaiolo em ascens\u00e3o?\"}]},{\"@type\":\"WebSite\",\"@id\":\"https:\\\/\\\/pizzastories.le5stagioni.com\\\/pt-br\\\/#website\",\"url\":\"https:\\\/\\\/pizzastories.le5stagioni.com\\\/pt-br\\\/\",\"name\":\"Pizza Stories\",\"description\":\"La community degli amanti della pizza\",\"publisher\":{\"@id\":\"https:\\\/\\\/pizzastories.le5stagioni.com\\\/pt-br\\\/#organization\"},\"potentialAction\":[{\"@type\":\"SearchAction\",\"target\":{\"@type\":\"EntryPoint\",\"urlTemplate\":\"https:\\\/\\\/pizzastories.le5stagioni.com\\\/pt-br\\\/?s={search_term_string}\"},\"query-input\":{\"@type\":\"PropertyValueSpecification\",\"valueRequired\":true,\"valueName\":\"search_term_string\"}}],\"inLanguage\":\"pt-BR\"},{\"@type\":\"Organization\",\"@id\":\"https:\\\/\\\/pizzastories.le5stagioni.com\\\/pt-br\\\/#organization\",\"name\":\"Pizza Stories\",\"url\":\"https:\\\/\\\/pizzastories.le5stagioni.com\\\/pt-br\\\/\",\"logo\":{\"@type\":\"ImageObject\",\"inLanguage\":\"pt-BR\",\"@id\":\"https:\\\/\\\/pizzastories.le5stagioni.com\\\/pt-br\\\/#\\\/schema\\\/logo\\\/image\\\/\",\"url\":\"https:\\\/\\\/pizzastories.le5stagioni.com\\\/wp-content\\\/uploads\\\/2025\\\/05\\\/cropped-pizza-stories-logo.png\",\"contentUrl\":\"https:\\\/\\\/pizzastories.le5stagioni.com\\\/wp-content\\\/uploads\\\/2025\\\/05\\\/cropped-pizza-stories-logo.png\",\"width\":512,\"height\":512,\"caption\":\"Pizza Stories\"},\"image\":{\"@id\":\"https:\\\/\\\/pizzastories.le5stagioni.com\\\/pt-br\\\/#\\\/schema\\\/logo\\\/image\\\/\"}},{\"@type\":\"Person\",\"@id\":\"https:\\\/\\\/pizzastories.le5stagioni.com\\\/pt-br\\\/#\\\/schema\\\/person\\\/d29300c90b5517cd405edf2c907a69ba\",\"name\":\"admin\",\"image\":{\"@type\":\"ImageObject\",\"inLanguage\":\"pt-BR\",\"@id\":\"https:\\\/\\\/secure.gravatar.com\\\/avatar\\\/5edb4df5e2959cba313f23cb81d70d9233dad5fed62a756d80df55fa53e32990?s=96&d=mm&r=g\",\"url\":\"https:\\\/\\\/secure.gravatar.com\\\/avatar\\\/5edb4df5e2959cba313f23cb81d70d9233dad5fed62a756d80df55fa53e32990?s=96&d=mm&r=g\",\"contentUrl\":\"https:\\\/\\\/secure.gravatar.com\\\/avatar\\\/5edb4df5e2959cba313f23cb81d70d9233dad5fed62a756d80df55fa53e32990?s=96&d=mm&r=g\",\"caption\":\"admin\"},\"sameAs\":[\"https:\\\/\\\/pizzastories.le5stagioni.com\"],\"url\":\"https:\\\/\\\/pizzastories.le5stagioni.com\\\/pt-br\\\/author\\\/eperrone_1lnrhwgg\\\/\"}]}<\/script>\n<!-- \/ Yoast SEO plugin. -->","yoast_head_json":{"title":"Quem ser\u00e1 o novo pizzaiolo em ascens\u00e3o? - Pizza Stories","robots":{"index":"index","follow":"follow","max-snippet":"max-snippet:-1","max-image-preview":"max-image-preview:large","max-video-preview":"max-video-preview:-1"},"canonical":"https:\/\/pizzastories.le5stagioni.com\/pt-br\/pizza-emergente\/quem-sera-o-novo-pizzaiolo-em-ascensao\/","og_locale":"pt_BR","og_type":"article","og_title":"Quem ser\u00e1 o novo pizzaiolo em ascens\u00e3o? - Pizza Stories","og_description":"Nos dias 4 e 5 de julho, a nova edi\u00e7\u00e3o da Emergente come\u00e7a com a Sele\u00e7\u00e3o Norte: em Villa Terzaghi","og_url":"https:\/\/pizzastories.le5stagioni.com\/pt-br\/pizza-emergente\/quem-sera-o-novo-pizzaiolo-em-ascensao\/","og_site_name":"Pizza Stories","article_published_time":"2023-06-30T10:42:05+00:00","og_image":[{"width":1920,"height":647,"url":"https:\/\/pizzastories.le5stagioni.com\/wp-content\/uploads\/2025\/05\/emergente-selezione-nord-24-1.jpg","type":"image\/jpeg"}],"author":"admin","twitter_card":"summary_large_image","twitter_misc":{"Escrito por":"admin","Est. tempo de leitura":"1 minuto"},"schema":{"@context":"https:\/\/schema.org","@graph":[{"@type":"Article","@id":"https:\/\/pizzastories.le5stagioni.com\/pt-br\/pizza-emergente\/quem-sera-o-novo-pizzaiolo-em-ascensao\/#article","isPartOf":{"@id":"https:\/\/pizzastories.le5stagioni.com\/pt-br\/pizza-emergente\/quem-sera-o-novo-pizzaiolo-em-ascensao\/"},"author":{"name":"admin","@id":"https:\/\/pizzastories.le5stagioni.com\/pt-br\/#\/schema\/person\/d29300c90b5517cd405edf2c907a69ba"},"headline":"Quem ser\u00e1 o novo pizzaiolo em ascens\u00e3o?","datePublished":"2023-06-30T10:42:05+00:00","mainEntityOfPage":{"@id":"https:\/\/pizzastories.le5stagioni.com\/pt-br\/pizza-emergente\/quem-sera-o-novo-pizzaiolo-em-ascensao\/"},"wordCount":173,"publisher":{"@id":"https:\/\/pizzastories.le5stagioni.com\/pt-br\/#organization"},"image":{"@id":"https:\/\/pizzastories.le5stagioni.com\/pt-br\/pizza-emergente\/quem-sera-o-novo-pizzaiolo-em-ascensao\/#primaryimage"},"thumbnailUrl":"https:\/\/pizzastories.le5stagioni.com\/wp-content\/uploads\/2025\/05\/emergente-selezione-nord-24-1.jpg","articleSection":["pizza emergente"],"inLanguage":"pt-BR"},{"@type":"WebPage","@id":"https:\/\/pizzastories.le5stagioni.com\/pt-br\/pizza-emergente\/quem-sera-o-novo-pizzaiolo-em-ascensao\/","url":"https:\/\/pizzastories.le5stagioni.com\/pt-br\/pizza-emergente\/quem-sera-o-novo-pizzaiolo-em-ascensao\/","name":"Quem ser\u00e1 o novo pizzaiolo em ascens\u00e3o? - Pizza Stories","isPartOf":{"@id":"https:\/\/pizzastories.le5stagioni.com\/pt-br\/#website"},"primaryImageOfPage":{"@id":"https:\/\/pizzastories.le5stagioni.com\/pt-br\/pizza-emergente\/quem-sera-o-novo-pizzaiolo-em-ascensao\/#primaryimage"},"image":{"@id":"https:\/\/pizzastories.le5stagioni.com\/pt-br\/pizza-emergente\/quem-sera-o-novo-pizzaiolo-em-ascensao\/#primaryimage"},"thumbnailUrl":"https:\/\/pizzastories.le5stagioni.com\/wp-content\/uploads\/2025\/05\/emergente-selezione-nord-24-1.jpg","datePublished":"2023-06-30T10:42:05+00:00","breadcrumb":{"@id":"https:\/\/pizzastories.le5stagioni.com\/pt-br\/pizza-emergente\/quem-sera-o-novo-pizzaiolo-em-ascensao\/#breadcrumb"},"inLanguage":"pt-BR","potentialAction":[{"@type":"ReadAction","target":["https:\/\/pizzastories.le5stagioni.com\/pt-br\/pizza-emergente\/quem-sera-o-novo-pizzaiolo-em-ascensao\/"]}]},{"@type":"ImageObject","inLanguage":"pt-BR","@id":"https:\/\/pizzastories.le5stagioni.com\/pt-br\/pizza-emergente\/quem-sera-o-novo-pizzaiolo-em-ascensao\/#primaryimage","url":"https:\/\/pizzastories.le5stagioni.com\/wp-content\/uploads\/2025\/05\/emergente-selezione-nord-24-1.jpg","contentUrl":"https:\/\/pizzastories.le5stagioni.com\/wp-content\/uploads\/2025\/05\/emergente-selezione-nord-24-1.jpg","width":1920,"height":647,"caption":"Chi sar\u00e0 il nuovo pizzaiolo emergente?"},{"@type":"BreadcrumbList","@id":"https:\/\/pizzastories.le5stagioni.com\/pt-br\/pizza-emergente\/quem-sera-o-novo-pizzaiolo-em-ascensao\/#breadcrumb","itemListElement":[{"@type":"ListItem","position":1,"name":"Home","item":"https:\/\/pizzastories.le5stagioni.com\/pt-br\/"},{"@type":"ListItem","position":2,"name":"Quem ser\u00e1 o novo pizzaiolo em ascens\u00e3o?"}]},{"@type":"WebSite","@id":"https:\/\/pizzastories.le5stagioni.com\/pt-br\/#website","url":"https:\/\/pizzastories.le5stagioni.com\/pt-br\/","name":"Pizza Stories","description":"La community degli amanti della pizza","publisher":{"@id":"https:\/\/pizzastories.le5stagioni.com\/pt-br\/#organization"},"potentialAction":[{"@type":"SearchAction","target":{"@type":"EntryPoint","urlTemplate":"https:\/\/pizzastories.le5stagioni.com\/pt-br\/?s={search_term_string}"},"query-input":{"@type":"PropertyValueSpecification","valueRequired":true,"valueName":"search_term_string"}}],"inLanguage":"pt-BR"},{"@type":"Organization","@id":"https:\/\/pizzastories.le5stagioni.com\/pt-br\/#organization","name":"Pizza Stories","url":"https:\/\/pizzastories.le5stagioni.com\/pt-br\/","logo":{"@type":"ImageObject","inLanguage":"pt-BR","@id":"https:\/\/pizzastories.le5stagioni.com\/pt-br\/#\/schema\/logo\/image\/","url":"https:\/\/pizzastories.le5stagioni.com\/wp-content\/uploads\/2025\/05\/cropped-pizza-stories-logo.png","contentUrl":"https:\/\/pizzastories.le5stagioni.com\/wp-content\/uploads\/2025\/05\/cropped-pizza-stories-logo.png","width":512,"height":512,"caption":"Pizza Stories"},"image":{"@id":"https:\/\/pizzastories.le5stagioni.com\/pt-br\/#\/schema\/logo\/image\/"}},{"@type":"Person","@id":"https:\/\/pizzastories.le5stagioni.com\/pt-br\/#\/schema\/person\/d29300c90b5517cd405edf2c907a69ba","name":"admin","image":{"@type":"ImageObject","inLanguage":"pt-BR","@id":"https:\/\/secure.gravatar.com\/avatar\/5edb4df5e2959cba313f23cb81d70d9233dad5fed62a756d80df55fa53e32990?s=96&d=mm&r=g","url":"https:\/\/secure.gravatar.com\/avatar\/5edb4df5e2959cba313f23cb81d70d9233dad5fed62a756d80df55fa53e32990?s=96&d=mm&r=g","contentUrl":"https:\/\/secure.gravatar.com\/avatar\/5edb4df5e2959cba313f23cb81d70d9233dad5fed62a756d80df55fa53e32990?s=96&d=mm&r=g","caption":"admin"},"sameAs":["https:\/\/pizzastories.le5stagioni.com"],"url":"https:\/\/pizzastories.le5stagioni.com\/pt-br\/author\/eperrone_1lnrhwgg\/"}]}},"_links":{"self":[{"href":"https:\/\/pizzastories.le5stagioni.com\/pt-br\/wp-json\/wp\/v2\/posts\/4628","targetHints":{"allow":["GET"]}}],"collection":[{"href":"https:\/\/pizzastories.le5stagioni.com\/pt-br\/wp-json\/wp\/v2\/posts"}],"about":[{"href":"https:\/\/pizzastories.le5stagioni.com\/pt-br\/wp-json\/wp\/v2\/types\/post"}],"author":[{"embeddable":true,"href":"https:\/\/pizzastories.le5stagioni.com\/pt-br\/wp-json\/wp\/v2\/users\/1"}],"replies":[{"embeddable":true,"href":"https:\/\/pizzastories.le5stagioni.com\/pt-br\/wp-json\/wp\/v2\/comments?post=4628"}],"version-history":[{"count":0,"href":"https:\/\/pizzastories.le5stagioni.com\/pt-br\/wp-json\/wp\/v2\/posts\/4628\/revisions"}],"wp:featuredmedia":[{"embeddable":true,"href":"https:\/\/pizzastories.le5stagioni.com\/pt-br\/wp-json\/wp\/v2\/media\/4629"}],"wp:attachment":[{"href":"https:\/\/pizzastories.le5stagioni.com\/pt-br\/wp-json\/wp\/v2\/media?parent=4628"}],"wp:term":[{"taxonomy":"category","embeddable":true,"href":"https:\/\/pizzastories.le5stagioni.com\/pt-br\/wp-json\/wp\/v2\/categories?post=4628"},{"taxonomy":"post_tag","embeddable":true,"href":"https:\/\/pizzastories.le5stagioni.com\/pt-br\/wp-json\/wp\/v2\/tags?post=4628"}],"curies":[{"name":"wp","href":"https:\/\/api.w.org\/{rel}","templated":true}]}}