{"id":4677,"date":"2023-07-10T10:50:21","date_gmt":"2023-07-10T08:50:21","guid":{"rendered":"https:\/\/pizzastories.le5stagioni.com\/sem-categoria\/aqui-estao-os-finalistas-da-emergentepizza-selezione-nord-2024\/"},"modified":"2023-07-10T10:50:21","modified_gmt":"2023-07-10T08:50:21","slug":"aqui-estao-os-finalistas-da-emergentepizza-selezione-nord-2024","status":"publish","type":"post","link":"https:\/\/pizzastories.le5stagioni.com\/pt-br\/pizza-emergente\/aqui-estao-os-finalistas-da-emergentepizza-selezione-nord-2024\/","title":{"rendered":"Aqui est\u00e3o os finalistas da EmergentePizza Selezione Nord 2024"},"content":{"rendered":"\n<div class=\"stripe-one-col-media fullwidth\">\n            <img decoding=\"async\" src=\"https:\/\/pizzastories.le5stagioni.com\/wp-content\/uploads\/2025\/05\/emergenza-pizza-la-tappa-centro-sud-header-1.jpg\" alt=\"\">\t\t<\/div>\n<div class=\"stripe-one-col-text \">\n<div class=\"text-description\">\n<p style=\"text-align: justify;\">A Sele\u00e7\u00e3o Norte da <strong>EMERGENTE PIZZA 2024<\/strong>, que teve lugar na <strong>Villa Terzaghi<\/strong>, em Mil\u00e3o <strong>, nos<\/strong> <strong>dias 4 e 5 de julho,<\/strong> contou com a participa\u00e7\u00e3o de jovens pizzaiolos dispostos a p\u00f4r-se \u00e0 prova e a dar largas \u00e0 sua criatividade.<\/p>\n<p style=\"text-align: justify;\">No primeiro dia, os concorrentes prepararam as massas para o dia seguinte e apresentaram ao j\u00fari a sua vers\u00e3o pessoal de um cl\u00e1ssico intemporal: a Pizza Margherita. O \u00faltimo dia do concurso foi dedicado \u00e0 criatividade, com cada pizzaiolo a apresentar uma pizza com uma cobertura especial feita para impressionar e contar a sua pr\u00f3pria hist\u00f3ria. <\/p>\n<p style=\"text-align: justify;\">Com os fogos apagados, enquanto se aguardava o veredito do j\u00fari, realizou-se uma interessante Conversa sobre o tema<strong>\u201cRestaura\u00e7\u00e3o e sustentabilidade: uma combina\u00e7\u00e3o poss\u00edvel?<\/strong>\u201d, na qual, para al\u00e9m dos pizzaiolos, alguns dos patrocinadores do evento e convidados falaram sobre a sua vis\u00e3o, boas pr\u00e1ticas e iniciativas em curso.<\/p>\n<p style=\"text-align: justify;\">Felicitamos vivamente os vencedores dos pr\u00e9mios em jogo e os finalistas da Emergente Pizza selezione Nord que passam diretamente \u00e0 final na <strong>ALMA<\/strong>.<\/p>\n<p style=\"text-align: justify;\">Os vencedores do <strong>PR\u00c9MIO DE SUSTENTABILIDADE <\/strong>s\u00e3o:<\/p>\n<ul>\n<li style=\"text-align: justify;\"><strong>Mara Fabiana Mancosu<\/strong> (Domo Mia &#8211; Costa Masnaga, Lecco);<\/li>\n<li style=\"text-align: justify;\"><strong>Alexandra Horghidan <\/strong>(Zia Pizza &#8211; Peschiera del Garda, Verona);<\/li>\n<li style=\"text-align: justify;\"><strong>Daniele Cassese<\/strong><strong> <\/strong>(Varrone Pizza &#8211; Mil\u00e3o);<\/li>\n<\/ul>\n<p style=\"text-align: justify;\">&nbsp;<\/p>\n<p style=\"text-align: justify;\">Os finalistas da <strong>SELEC\u00c7\u00c3O EMERGENTE PIZZA NORD 2024 <\/strong>s\u00e3o<\/p>\n<ul>\n<li style=\"text-align: justify;\"><strong>Jurgen Verbofshi <\/strong>(I Bravi Ragazzi Pizzeria &#8211; Meda): uma flora\u00e7\u00e3o de ervas habilmente selecionadas para dar frescura \u00e0 banha;<\/li>\n<li style=\"text-align: justify;\"><strong>Luca Pasca <\/strong>(Sesto Gusto &#8211; Turim): apresentou uma pizza com sabores piemonteses, com l\u00edngua, creme de pimenta, bagnetto verde e grelos;<\/li>\n<li style=\"text-align: justify;\"><strong>Arvind Patwa <\/strong>(Pizzeria Shambo &#8211; Mil\u00e3o): surpreende com a sua pizza de hortel\u00e3 enriquecida com courgettes e bacon;<\/li>\n<li style=\"text-align: justify;\"><strong>Davide Franco<\/strong> (Signor Pizza &#8211; Busto Arsizio).<\/li>\n<\/ul>\n<p style=\"text-align: justify;\"><strong>Parab\u00e9ns a todos!<\/strong><\/p>\n<p style=\"text-align: justify;\">Esperamos ver-te no pr\u00f3ximo evento na <strong>Universit\u00e0 dei Sapori, em Perugia<\/strong> <strong>, a 3 e 4 de outubro<\/strong>, com a <strong>Emergente Pizza selezione Centro-Sud<\/strong>.<\/p>\n<\/div><\/div>\n<div class=\"shared-content \">\n            \t\t<\/div>\n","protected":false},"excerpt":{"rendered":"<p>A Sele\u00e7\u00e3o Norte da EMERGENTE PIZZA 2024, que teve lugar na Villa Terzaghi, em Mil\u00e3o, nos dias 4 e 5 de julho, contou com a participa\u00e7\u00e3o de jovens pizzaiolos dispostos a p\u00f4r-se \u00e0 prova e a dar largas \u00e0 sua criatividade.<\/p>\n","protected":false},"author":1,"featured_media":4680,"comment_status":"closed","ping_status":"closed","sticky":false,"template":"","format":"standard","meta":{"_acf_changed":false,"footnotes":""},"categories":[164],"tags":[],"class_list":["post-4677","post","type-post","status-publish","format-standard","has-post-thumbnail","hentry","category-pizza-emergente"],"acf":[],"yoast_head":"<!-- This site is optimized with the Yoast SEO plugin v27.5 - https:\/\/yoast.com\/product\/yoast-seo-wordpress\/ -->\n<title>Aqui est\u00e3o os finalistas da EmergentePizza Selezione Nord 2024 - Pizza Stories<\/title>\n<meta name=\"robots\" content=\"index, follow, max-snippet:-1, max-image-preview:large, max-video-preview:-1\" \/>\n<link rel=\"canonical\" href=\"https:\/\/pizzastories.le5stagioni.com\/pt-br\/pizza-emergente\/aqui-estao-os-finalistas-da-emergentepizza-selezione-nord-2024\/\" \/>\n<meta property=\"og:locale\" content=\"pt_BR\" \/>\n<meta property=\"og:type\" content=\"article\" \/>\n<meta property=\"og:title\" content=\"Aqui est\u00e3o os finalistas da EmergentePizza Selezione Nord 2024 - Pizza Stories\" \/>\n<meta property=\"og:description\" content=\"A Sele\u00e7\u00e3o Norte da EMERGENTE PIZZA 2024, que teve lugar na Villa Terzaghi, em Mil\u00e3o, nos dias 4 e 5 de julho, contou com a participa\u00e7\u00e3o de jovens pizzaiolos dispostos a p\u00f4r-se \u00e0 prova e a dar largas \u00e0 sua criatividade.\" \/>\n<meta property=\"og:url\" content=\"https:\/\/pizzastories.le5stagioni.com\/pt-br\/pizza-emergente\/aqui-estao-os-finalistas-da-emergentepizza-selezione-nord-2024\/\" \/>\n<meta property=\"og:site_name\" content=\"Pizza Stories\" \/>\n<meta property=\"article:published_time\" content=\"2023-07-10T08:50:21+00:00\" \/>\n<meta property=\"og:image\" content=\"https:\/\/pizzastories.le5stagioni.com\/wp-content\/uploads\/2025\/05\/emergenza-pizza-la-tappa-centro-sud-header-1-2.jpg\" \/>\n\t<meta property=\"og:image:width\" content=\"1920\" \/>\n\t<meta property=\"og:image:height\" content=\"647\" \/>\n\t<meta property=\"og:image:type\" content=\"image\/jpeg\" \/>\n<meta name=\"author\" content=\"admin\" \/>\n<meta name=\"twitter:card\" content=\"summary_large_image\" \/>\n<meta name=\"twitter:label1\" content=\"Escrito por\" \/>\n\t<meta name=\"twitter:data1\" content=\"admin\" \/>\n\t<meta name=\"twitter:label2\" content=\"Est. tempo de leitura\" \/>\n\t<meta name=\"twitter:data2\" content=\"2 minutos\" \/>\n<script type=\"application\/ld+json\" class=\"yoast-schema-graph\">{\"@context\":\"https:\\\/\\\/schema.org\",\"@graph\":[{\"@type\":\"Article\",\"@id\":\"https:\\\/\\\/pizzastories.le5stagioni.com\\\/pt-br\\\/pizza-emergente\\\/aqui-estao-os-finalistas-da-emergentepizza-selezione-nord-2024\\\/#article\",\"isPartOf\":{\"@id\":\"https:\\\/\\\/pizzastories.le5stagioni.com\\\/pt-br\\\/pizza-emergente\\\/aqui-estao-os-finalistas-da-emergentepizza-selezione-nord-2024\\\/\"},\"author\":{\"name\":\"admin\",\"@id\":\"https:\\\/\\\/pizzastories.le5stagioni.com\\\/pt-br\\\/#\\\/schema\\\/person\\\/d29300c90b5517cd405edf2c907a69ba\"},\"headline\":\"Aqui est\u00e3o os finalistas da EmergentePizza Selezione Nord 2024\",\"datePublished\":\"2023-07-10T08:50:21+00:00\",\"mainEntityOfPage\":{\"@id\":\"https:\\\/\\\/pizzastories.le5stagioni.com\\\/pt-br\\\/pizza-emergente\\\/aqui-estao-os-finalistas-da-emergentepizza-selezione-nord-2024\\\/\"},\"wordCount\":325,\"publisher\":{\"@id\":\"https:\\\/\\\/pizzastories.le5stagioni.com\\\/pt-br\\\/#organization\"},\"image\":{\"@id\":\"https:\\\/\\\/pizzastories.le5stagioni.com\\\/pt-br\\\/pizza-emergente\\\/aqui-estao-os-finalistas-da-emergentepizza-selezione-nord-2024\\\/#primaryimage\"},\"thumbnailUrl\":\"https:\\\/\\\/pizzastories.le5stagioni.com\\\/wp-content\\\/uploads\\\/2025\\\/05\\\/emergenza-pizza-la-tappa-centro-sud-header-1-2.jpg\",\"articleSection\":[\"pizza emergente\"],\"inLanguage\":\"pt-BR\"},{\"@type\":\"WebPage\",\"@id\":\"https:\\\/\\\/pizzastories.le5stagioni.com\\\/pt-br\\\/pizza-emergente\\\/aqui-estao-os-finalistas-da-emergentepizza-selezione-nord-2024\\\/\",\"url\":\"https:\\\/\\\/pizzastories.le5stagioni.com\\\/pt-br\\\/pizza-emergente\\\/aqui-estao-os-finalistas-da-emergentepizza-selezione-nord-2024\\\/\",\"name\":\"Aqui est\u00e3o os finalistas da EmergentePizza Selezione Nord 2024 - Pizza Stories\",\"isPartOf\":{\"@id\":\"https:\\\/\\\/pizzastories.le5stagioni.com\\\/pt-br\\\/#website\"},\"primaryImageOfPage\":{\"@id\":\"https:\\\/\\\/pizzastories.le5stagioni.com\\\/pt-br\\\/pizza-emergente\\\/aqui-estao-os-finalistas-da-emergentepizza-selezione-nord-2024\\\/#primaryimage\"},\"image\":{\"@id\":\"https:\\\/\\\/pizzastories.le5stagioni.com\\\/pt-br\\\/pizza-emergente\\\/aqui-estao-os-finalistas-da-emergentepizza-selezione-nord-2024\\\/#primaryimage\"},\"thumbnailUrl\":\"https:\\\/\\\/pizzastories.le5stagioni.com\\\/wp-content\\\/uploads\\\/2025\\\/05\\\/emergenza-pizza-la-tappa-centro-sud-header-1-2.jpg\",\"datePublished\":\"2023-07-10T08:50:21+00:00\",\"breadcrumb\":{\"@id\":\"https:\\\/\\\/pizzastories.le5stagioni.com\\\/pt-br\\\/pizza-emergente\\\/aqui-estao-os-finalistas-da-emergentepizza-selezione-nord-2024\\\/#breadcrumb\"},\"inLanguage\":\"pt-BR\",\"potentialAction\":[{\"@type\":\"ReadAction\",\"target\":[\"https:\\\/\\\/pizzastories.le5stagioni.com\\\/pt-br\\\/pizza-emergente\\\/aqui-estao-os-finalistas-da-emergentepizza-selezione-nord-2024\\\/\"]}]},{\"@type\":\"ImageObject\",\"inLanguage\":\"pt-BR\",\"@id\":\"https:\\\/\\\/pizzastories.le5stagioni.com\\\/pt-br\\\/pizza-emergente\\\/aqui-estao-os-finalistas-da-emergentepizza-selezione-nord-2024\\\/#primaryimage\",\"url\":\"https:\\\/\\\/pizzastories.le5stagioni.com\\\/wp-content\\\/uploads\\\/2025\\\/05\\\/emergenza-pizza-la-tappa-centro-sud-header-1-2.jpg\",\"contentUrl\":\"https:\\\/\\\/pizzastories.le5stagioni.com\\\/wp-content\\\/uploads\\\/2025\\\/05\\\/emergenza-pizza-la-tappa-centro-sud-header-1-2.jpg\",\"width\":1920,\"height\":647,\"caption\":\"Ecco i finalisti di EmergentePizza Selezione Nord 2024\"},{\"@type\":\"BreadcrumbList\",\"@id\":\"https:\\\/\\\/pizzastories.le5stagioni.com\\\/pt-br\\\/pizza-emergente\\\/aqui-estao-os-finalistas-da-emergentepizza-selezione-nord-2024\\\/#breadcrumb\",\"itemListElement\":[{\"@type\":\"ListItem\",\"position\":1,\"name\":\"Home\",\"item\":\"https:\\\/\\\/pizzastories.le5stagioni.com\\\/pt-br\\\/\"},{\"@type\":\"ListItem\",\"position\":2,\"name\":\"Aqui est\u00e3o os finalistas da EmergentePizza Selezione Nord 2024\"}]},{\"@type\":\"WebSite\",\"@id\":\"https:\\\/\\\/pizzastories.le5stagioni.com\\\/pt-br\\\/#website\",\"url\":\"https:\\\/\\\/pizzastories.le5stagioni.com\\\/pt-br\\\/\",\"name\":\"Pizza Stories\",\"description\":\"La community degli amanti della pizza\",\"publisher\":{\"@id\":\"https:\\\/\\\/pizzastories.le5stagioni.com\\\/pt-br\\\/#organization\"},\"potentialAction\":[{\"@type\":\"SearchAction\",\"target\":{\"@type\":\"EntryPoint\",\"urlTemplate\":\"https:\\\/\\\/pizzastories.le5stagioni.com\\\/pt-br\\\/?s={search_term_string}\"},\"query-input\":{\"@type\":\"PropertyValueSpecification\",\"valueRequired\":true,\"valueName\":\"search_term_string\"}}],\"inLanguage\":\"pt-BR\"},{\"@type\":\"Organization\",\"@id\":\"https:\\\/\\\/pizzastories.le5stagioni.com\\\/pt-br\\\/#organization\",\"name\":\"Pizza Stories\",\"url\":\"https:\\\/\\\/pizzastories.le5stagioni.com\\\/pt-br\\\/\",\"logo\":{\"@type\":\"ImageObject\",\"inLanguage\":\"pt-BR\",\"@id\":\"https:\\\/\\\/pizzastories.le5stagioni.com\\\/pt-br\\\/#\\\/schema\\\/logo\\\/image\\\/\",\"url\":\"https:\\\/\\\/pizzastories.le5stagioni.com\\\/wp-content\\\/uploads\\\/2025\\\/05\\\/cropped-pizza-stories-logo.png\",\"contentUrl\":\"https:\\\/\\\/pizzastories.le5stagioni.com\\\/wp-content\\\/uploads\\\/2025\\\/05\\\/cropped-pizza-stories-logo.png\",\"width\":512,\"height\":512,\"caption\":\"Pizza Stories\"},\"image\":{\"@id\":\"https:\\\/\\\/pizzastories.le5stagioni.com\\\/pt-br\\\/#\\\/schema\\\/logo\\\/image\\\/\"}},{\"@type\":\"Person\",\"@id\":\"https:\\\/\\\/pizzastories.le5stagioni.com\\\/pt-br\\\/#\\\/schema\\\/person\\\/d29300c90b5517cd405edf2c907a69ba\",\"name\":\"admin\",\"image\":{\"@type\":\"ImageObject\",\"inLanguage\":\"pt-BR\",\"@id\":\"https:\\\/\\\/secure.gravatar.com\\\/avatar\\\/5edb4df5e2959cba313f23cb81d70d9233dad5fed62a756d80df55fa53e32990?s=96&d=mm&r=g\",\"url\":\"https:\\\/\\\/secure.gravatar.com\\\/avatar\\\/5edb4df5e2959cba313f23cb81d70d9233dad5fed62a756d80df55fa53e32990?s=96&d=mm&r=g\",\"contentUrl\":\"https:\\\/\\\/secure.gravatar.com\\\/avatar\\\/5edb4df5e2959cba313f23cb81d70d9233dad5fed62a756d80df55fa53e32990?s=96&d=mm&r=g\",\"caption\":\"admin\"},\"sameAs\":[\"https:\\\/\\\/pizzastories.le5stagioni.com\"],\"url\":\"https:\\\/\\\/pizzastories.le5stagioni.com\\\/pt-br\\\/author\\\/eperrone_1lnrhwgg\\\/\"}]}<\/script>\n<!-- \/ Yoast SEO plugin. -->","yoast_head_json":{"title":"Aqui est\u00e3o os finalistas da EmergentePizza Selezione Nord 2024 - Pizza Stories","robots":{"index":"index","follow":"follow","max-snippet":"max-snippet:-1","max-image-preview":"max-image-preview:large","max-video-preview":"max-video-preview:-1"},"canonical":"https:\/\/pizzastories.le5stagioni.com\/pt-br\/pizza-emergente\/aqui-estao-os-finalistas-da-emergentepizza-selezione-nord-2024\/","og_locale":"pt_BR","og_type":"article","og_title":"Aqui est\u00e3o os finalistas da EmergentePizza Selezione Nord 2024 - Pizza Stories","og_description":"A Sele\u00e7\u00e3o Norte da EMERGENTE PIZZA 2024, que teve lugar na Villa Terzaghi, em Mil\u00e3o, nos dias 4 e 5 de julho, contou com a participa\u00e7\u00e3o de jovens pizzaiolos dispostos a p\u00f4r-se \u00e0 prova e a dar largas \u00e0 sua criatividade.","og_url":"https:\/\/pizzastories.le5stagioni.com\/pt-br\/pizza-emergente\/aqui-estao-os-finalistas-da-emergentepizza-selezione-nord-2024\/","og_site_name":"Pizza Stories","article_published_time":"2023-07-10T08:50:21+00:00","og_image":[{"width":1920,"height":647,"url":"https:\/\/pizzastories.le5stagioni.com\/wp-content\/uploads\/2025\/05\/emergenza-pizza-la-tappa-centro-sud-header-1-2.jpg","type":"image\/jpeg"}],"author":"admin","twitter_card":"summary_large_image","twitter_misc":{"Escrito por":"admin","Est. tempo de leitura":"2 minutos"},"schema":{"@context":"https:\/\/schema.org","@graph":[{"@type":"Article","@id":"https:\/\/pizzastories.le5stagioni.com\/pt-br\/pizza-emergente\/aqui-estao-os-finalistas-da-emergentepizza-selezione-nord-2024\/#article","isPartOf":{"@id":"https:\/\/pizzastories.le5stagioni.com\/pt-br\/pizza-emergente\/aqui-estao-os-finalistas-da-emergentepizza-selezione-nord-2024\/"},"author":{"name":"admin","@id":"https:\/\/pizzastories.le5stagioni.com\/pt-br\/#\/schema\/person\/d29300c90b5517cd405edf2c907a69ba"},"headline":"Aqui est\u00e3o os finalistas da EmergentePizza Selezione Nord 2024","datePublished":"2023-07-10T08:50:21+00:00","mainEntityOfPage":{"@id":"https:\/\/pizzastories.le5stagioni.com\/pt-br\/pizza-emergente\/aqui-estao-os-finalistas-da-emergentepizza-selezione-nord-2024\/"},"wordCount":325,"publisher":{"@id":"https:\/\/pizzastories.le5stagioni.com\/pt-br\/#organization"},"image":{"@id":"https:\/\/pizzastories.le5stagioni.com\/pt-br\/pizza-emergente\/aqui-estao-os-finalistas-da-emergentepizza-selezione-nord-2024\/#primaryimage"},"thumbnailUrl":"https:\/\/pizzastories.le5stagioni.com\/wp-content\/uploads\/2025\/05\/emergenza-pizza-la-tappa-centro-sud-header-1-2.jpg","articleSection":["pizza emergente"],"inLanguage":"pt-BR"},{"@type":"WebPage","@id":"https:\/\/pizzastories.le5stagioni.com\/pt-br\/pizza-emergente\/aqui-estao-os-finalistas-da-emergentepizza-selezione-nord-2024\/","url":"https:\/\/pizzastories.le5stagioni.com\/pt-br\/pizza-emergente\/aqui-estao-os-finalistas-da-emergentepizza-selezione-nord-2024\/","name":"Aqui est\u00e3o os finalistas da EmergentePizza Selezione Nord 2024 - Pizza Stories","isPartOf":{"@id":"https:\/\/pizzastories.le5stagioni.com\/pt-br\/#website"},"primaryImageOfPage":{"@id":"https:\/\/pizzastories.le5stagioni.com\/pt-br\/pizza-emergente\/aqui-estao-os-finalistas-da-emergentepizza-selezione-nord-2024\/#primaryimage"},"image":{"@id":"https:\/\/pizzastories.le5stagioni.com\/pt-br\/pizza-emergente\/aqui-estao-os-finalistas-da-emergentepizza-selezione-nord-2024\/#primaryimage"},"thumbnailUrl":"https:\/\/pizzastories.le5stagioni.com\/wp-content\/uploads\/2025\/05\/emergenza-pizza-la-tappa-centro-sud-header-1-2.jpg","datePublished":"2023-07-10T08:50:21+00:00","breadcrumb":{"@id":"https:\/\/pizzastories.le5stagioni.com\/pt-br\/pizza-emergente\/aqui-estao-os-finalistas-da-emergentepizza-selezione-nord-2024\/#breadcrumb"},"inLanguage":"pt-BR","potentialAction":[{"@type":"ReadAction","target":["https:\/\/pizzastories.le5stagioni.com\/pt-br\/pizza-emergente\/aqui-estao-os-finalistas-da-emergentepizza-selezione-nord-2024\/"]}]},{"@type":"ImageObject","inLanguage":"pt-BR","@id":"https:\/\/pizzastories.le5stagioni.com\/pt-br\/pizza-emergente\/aqui-estao-os-finalistas-da-emergentepizza-selezione-nord-2024\/#primaryimage","url":"https:\/\/pizzastories.le5stagioni.com\/wp-content\/uploads\/2025\/05\/emergenza-pizza-la-tappa-centro-sud-header-1-2.jpg","contentUrl":"https:\/\/pizzastories.le5stagioni.com\/wp-content\/uploads\/2025\/05\/emergenza-pizza-la-tappa-centro-sud-header-1-2.jpg","width":1920,"height":647,"caption":"Ecco i finalisti di EmergentePizza Selezione Nord 2024"},{"@type":"BreadcrumbList","@id":"https:\/\/pizzastories.le5stagioni.com\/pt-br\/pizza-emergente\/aqui-estao-os-finalistas-da-emergentepizza-selezione-nord-2024\/#breadcrumb","itemListElement":[{"@type":"ListItem","position":1,"name":"Home","item":"https:\/\/pizzastories.le5stagioni.com\/pt-br\/"},{"@type":"ListItem","position":2,"name":"Aqui est\u00e3o os finalistas da EmergentePizza Selezione Nord 2024"}]},{"@type":"WebSite","@id":"https:\/\/pizzastories.le5stagioni.com\/pt-br\/#website","url":"https:\/\/pizzastories.le5stagioni.com\/pt-br\/","name":"Pizza Stories","description":"La community degli amanti della pizza","publisher":{"@id":"https:\/\/pizzastories.le5stagioni.com\/pt-br\/#organization"},"potentialAction":[{"@type":"SearchAction","target":{"@type":"EntryPoint","urlTemplate":"https:\/\/pizzastories.le5stagioni.com\/pt-br\/?s={search_term_string}"},"query-input":{"@type":"PropertyValueSpecification","valueRequired":true,"valueName":"search_term_string"}}],"inLanguage":"pt-BR"},{"@type":"Organization","@id":"https:\/\/pizzastories.le5stagioni.com\/pt-br\/#organization","name":"Pizza Stories","url":"https:\/\/pizzastories.le5stagioni.com\/pt-br\/","logo":{"@type":"ImageObject","inLanguage":"pt-BR","@id":"https:\/\/pizzastories.le5stagioni.com\/pt-br\/#\/schema\/logo\/image\/","url":"https:\/\/pizzastories.le5stagioni.com\/wp-content\/uploads\/2025\/05\/cropped-pizza-stories-logo.png","contentUrl":"https:\/\/pizzastories.le5stagioni.com\/wp-content\/uploads\/2025\/05\/cropped-pizza-stories-logo.png","width":512,"height":512,"caption":"Pizza Stories"},"image":{"@id":"https:\/\/pizzastories.le5stagioni.com\/pt-br\/#\/schema\/logo\/image\/"}},{"@type":"Person","@id":"https:\/\/pizzastories.le5stagioni.com\/pt-br\/#\/schema\/person\/d29300c90b5517cd405edf2c907a69ba","name":"admin","image":{"@type":"ImageObject","inLanguage":"pt-BR","@id":"https:\/\/secure.gravatar.com\/avatar\/5edb4df5e2959cba313f23cb81d70d9233dad5fed62a756d80df55fa53e32990?s=96&d=mm&r=g","url":"https:\/\/secure.gravatar.com\/avatar\/5edb4df5e2959cba313f23cb81d70d9233dad5fed62a756d80df55fa53e32990?s=96&d=mm&r=g","contentUrl":"https:\/\/secure.gravatar.com\/avatar\/5edb4df5e2959cba313f23cb81d70d9233dad5fed62a756d80df55fa53e32990?s=96&d=mm&r=g","caption":"admin"},"sameAs":["https:\/\/pizzastories.le5stagioni.com"],"url":"https:\/\/pizzastories.le5stagioni.com\/pt-br\/author\/eperrone_1lnrhwgg\/"}]}},"_links":{"self":[{"href":"https:\/\/pizzastories.le5stagioni.com\/pt-br\/wp-json\/wp\/v2\/posts\/4677","targetHints":{"allow":["GET"]}}],"collection":[{"href":"https:\/\/pizzastories.le5stagioni.com\/pt-br\/wp-json\/wp\/v2\/posts"}],"about":[{"href":"https:\/\/pizzastories.le5stagioni.com\/pt-br\/wp-json\/wp\/v2\/types\/post"}],"author":[{"embeddable":true,"href":"https:\/\/pizzastories.le5stagioni.com\/pt-br\/wp-json\/wp\/v2\/users\/1"}],"replies":[{"embeddable":true,"href":"https:\/\/pizzastories.le5stagioni.com\/pt-br\/wp-json\/wp\/v2\/comments?post=4677"}],"version-history":[{"count":0,"href":"https:\/\/pizzastories.le5stagioni.com\/pt-br\/wp-json\/wp\/v2\/posts\/4677\/revisions"}],"wp:featuredmedia":[{"embeddable":true,"href":"https:\/\/pizzastories.le5stagioni.com\/pt-br\/wp-json\/wp\/v2\/media\/4680"}],"wp:attachment":[{"href":"https:\/\/pizzastories.le5stagioni.com\/pt-br\/wp-json\/wp\/v2\/media?parent=4677"}],"wp:term":[{"taxonomy":"category","embeddable":true,"href":"https:\/\/pizzastories.le5stagioni.com\/pt-br\/wp-json\/wp\/v2\/categories?post=4677"},{"taxonomy":"post_tag","embeddable":true,"href":"https:\/\/pizzastories.le5stagioni.com\/pt-br\/wp-json\/wp\/v2\/tags?post=4677"}],"curies":[{"name":"wp","href":"https:\/\/api.w.org\/{rel}","templated":true}]}}