{"id":4715,"date":"2023-06-20T14:31:20","date_gmt":"2023-06-20T12:31:20","guid":{"rendered":"https:\/\/pizzastories.le5stagioni.com\/sem-categoria\/a-selecao-da-pizza-emergente-para-o-centro-sul-terminou\/"},"modified":"2023-06-20T14:31:20","modified_gmt":"2023-06-20T12:31:20","slug":"a-selecao-da-pizza-emergente-para-o-centro-sul-terminou","status":"publish","type":"post","link":"https:\/\/pizzastories.le5stagioni.com\/pt-br\/pizza-emergente\/a-selecao-da-pizza-emergente-para-o-centro-sul-terminou\/","title":{"rendered":"A sele\u00e7\u00e3o da Pizza Emergente para o Centro-Sul terminou"},"content":{"rendered":"\n<div class=\"stripe-one-col-media fullwidth\">\n            <img decoding=\"async\" src=\"https:\/\/pizzastories.le5stagioni.com\/wp-content\/uploads\/2025\/05\/emergenza-pizza-la-tappa-centro-sud-header.jpg\" alt=\"\">\t\t<\/div>\n<div class=\"stripe-one-col-text \">\n<div class=\"text-description\">\n<p style=\"text-align: justify;\">A Sele\u00e7\u00e3o Centro-Sul v\u00e1lida para o Pr\u00e9mio <strong>EMERGENT PIZZA 2023<\/strong> (concurso reservado a jovens chefes e pizzaiolos com menos de 30 anos, concebido e organizado pela Witaly) teve lugar este ano num local excecional: a<strong>Universidade dos Sabores de Perugia.<\/strong><\/p>\n<p style=\"text-align: justify;\">Para a categoria PIZZA EMERGENTE (lembra-te que, por regulamento, o tema obrigat\u00f3rio era SEM RES\u00cdDUOS), passaram a ronda:<\/p>\n<p style=\"text-align: justify;\"><strong>1.<\/strong> UMBERTO <strong>COSTA<\/strong> (Umberto em Lucca) com a pizza sem desperd\u00edcio \u201cAutunno in una pizza &#8211; Vellutata di bufala blue, nduja, tomilho, folhas de sementes de ab\u00f3bora e polpa de ab\u00f3bora assada\u201d;<br \/>&nbsp;<\/p>\n<p style=\"text-align: justify;\"><strong>2. RAOUL ROTUNDO<\/strong> (Fiori di zucca em Roma) com a pizza sem desperd\u00edcio \u201cNonna non butta niente &#8211; Salsa di ciliegino confit, couve roxa ao natural, esferas de baccal\u00e0 mantecato com pimentos crusco caseiros, chips de casca de batata Tuscia\u201d;<\/p>\n<p style=\"text-align: justify;\"><strong>3. VINCENZO LA PORTA<\/strong> (Le Fontanelle in Raffadali &#8211; AG) com a pizza sem desperd\u00edcio \u201cVaria\u00e7\u00e3o da Norma &#8211; Creme de beringela assada com manjeric\u00e3o, lascas de beringela fritas, fiordilatte, tomate pizzutello semi-seco, ricotta fresca de ovelha, sementes de s\u00e9samo preto, manjeric\u00e3o\u201d;<\/p>\n<p style=\"text-align: justify;\"><strong>4. GIULIO PIERSANTI <\/strong>(A modo mio em Lugnano in Teverina) com a piza sem desperd\u00edcio \u201cProfumi di Terra Mia &#8211; Crema di castagne di Soriano del Cimino, fiordilatte, porcini della Valnerina, salsichas, nozes torradas de Porchiano del Monte\u201d.<\/p>\n<p style=\"text-align: justify;\">A Emergente Pizza decorreu em duas fases, na <strong>segunda-feira, 10 de outubro<\/strong>, quando os concorrentes competiram sobre o tema da rainha das pizzas, a pizza margherita. No dia seguinte, <strong>ter\u00e7a-feira, 11 de outubro<\/strong>, o desafio foi sobre um tema livre. <\/p>\n<p style=\"text-align: justify;\">Estes s\u00e3o os concorrentes que participaram no concurso:<\/p>\n<p style=\"text-align: justify;\">Gabriele Tomassetti, de Svario, em Roma; Matteo Apollonio, de Cotto&amp;Mangiato, em Aradeo (LE); Vincenzo La Porta, de Le Fontanelle, em Raffadali (AG); Carmine Argenziano, de Capuano, em Caserta; Nicholas Pardini, de Il Centro, em Lido di Camaiore (LU); Raul Rotundo, de Fiori di Zucca, em Roma; Luca Tufano, de PizzaArt, em Battipaglia (NA); Giulio Piersanti, de A modo mio, em Lugnano (TR); Diego Caiazzo, de Capriccio, em Monsano (AN); Gabriele Saviello, de Alchimia, em Salerno; Pasquale Livello, de O&#8217;Sbarazzino, em Torre del Greco (NA); Umberto Costa, de Da Umberto, em Lucca.<\/p>\n<p style=\"text-align: justify;\">Os quatro primeiros classificados disputar\u00e3o a final no in\u00edcio de 2023.<\/p>\n<\/div><\/div>\n<div class=\"shared-content \">\n            \t\t<\/div>\n","protected":false},"excerpt":{"rendered":"<p>A Sele\u00e7\u00e3o Centro-Sul v\u00e1lida para o Pr\u00e9mio EMERGENT PIZZA 2023 (concurso reservado a jovens chefes e pizzaiolos com menos de 30 anos, concebido e organizado pela Witaly) teve lugar este ano num local excecional: a Universidade dos Sabores de Perugia.<\/p>\n","protected":false},"author":1,"featured_media":4717,"comment_status":"closed","ping_status":"closed","sticky":false,"template":"","format":"standard","meta":{"_acf_changed":false,"footnotes":""},"categories":[164],"tags":[],"class_list":["post-4715","post","type-post","status-publish","format-standard","has-post-thumbnail","hentry","category-pizza-emergente"],"acf":[],"yoast_head":"<!-- This site is optimized with the Yoast SEO plugin v27.5 - https:\/\/yoast.com\/product\/yoast-seo-wordpress\/ -->\n<title>A sele\u00e7\u00e3o da Pizza Emergente para o Centro-Sul terminou - Pizza Stories<\/title>\n<meta name=\"robots\" content=\"index, follow, max-snippet:-1, max-image-preview:large, max-video-preview:-1\" \/>\n<link rel=\"canonical\" href=\"https:\/\/pizzastories.le5stagioni.com\/pt-br\/pizza-emergente\/a-selecao-da-pizza-emergente-para-o-centro-sul-terminou\/\" \/>\n<meta property=\"og:locale\" content=\"pt_BR\" \/>\n<meta property=\"og:type\" content=\"article\" \/>\n<meta property=\"og:title\" content=\"A sele\u00e7\u00e3o da Pizza Emergente para o Centro-Sul terminou - Pizza Stories\" \/>\n<meta property=\"og:description\" content=\"A Sele\u00e7\u00e3o Centro-Sul v\u00e1lida para o Pr\u00e9mio EMERGENT PIZZA 2023 (concurso reservado a jovens chefes e pizzaiolos com menos de 30 anos, concebido e organizado pela Witaly) teve lugar este ano num local excecional: a Universidade dos Sabores de Perugia.\" \/>\n<meta property=\"og:url\" content=\"https:\/\/pizzastories.le5stagioni.com\/pt-br\/pizza-emergente\/a-selecao-da-pizza-emergente-para-o-centro-sul-terminou\/\" \/>\n<meta property=\"og:site_name\" content=\"Pizza Stories\" \/>\n<meta property=\"article:published_time\" content=\"2023-06-20T12:31:20+00:00\" \/>\n<meta property=\"og:image\" content=\"https:\/\/pizzastories.le5stagioni.com\/wp-content\/uploads\/2025\/05\/emergenza-pizza-la-tappa-centro-sud-header-5.jpg\" \/>\n\t<meta property=\"og:image:width\" content=\"1920\" \/>\n\t<meta property=\"og:image:height\" content=\"647\" \/>\n\t<meta property=\"og:image:type\" content=\"image\/jpeg\" \/>\n<meta name=\"author\" content=\"admin\" \/>\n<meta name=\"twitter:card\" content=\"summary_large_image\" \/>\n<meta name=\"twitter:label1\" content=\"Escrito por\" \/>\n\t<meta name=\"twitter:data1\" content=\"admin\" \/>\n\t<meta name=\"twitter:label2\" content=\"Est. tempo de leitura\" \/>\n\t<meta name=\"twitter:data2\" content=\"2 minutos\" \/>\n<script type=\"application\/ld+json\" class=\"yoast-schema-graph\">{\"@context\":\"https:\\\/\\\/schema.org\",\"@graph\":[{\"@type\":\"Article\",\"@id\":\"https:\\\/\\\/pizzastories.le5stagioni.com\\\/pt-br\\\/pizza-emergente\\\/a-selecao-da-pizza-emergente-para-o-centro-sul-terminou\\\/#article\",\"isPartOf\":{\"@id\":\"https:\\\/\\\/pizzastories.le5stagioni.com\\\/pt-br\\\/pizza-emergente\\\/a-selecao-da-pizza-emergente-para-o-centro-sul-terminou\\\/\"},\"author\":{\"name\":\"admin\",\"@id\":\"https:\\\/\\\/pizzastories.le5stagioni.com\\\/pt-br\\\/#\\\/schema\\\/person\\\/d29300c90b5517cd405edf2c907a69ba\"},\"headline\":\"A sele\u00e7\u00e3o da Pizza Emergente para o Centro-Sul terminou\",\"datePublished\":\"2023-06-20T12:31:20+00:00\",\"mainEntityOfPage\":{\"@id\":\"https:\\\/\\\/pizzastories.le5stagioni.com\\\/pt-br\\\/pizza-emergente\\\/a-selecao-da-pizza-emergente-para-o-centro-sul-terminou\\\/\"},\"wordCount\":383,\"publisher\":{\"@id\":\"https:\\\/\\\/pizzastories.le5stagioni.com\\\/pt-br\\\/#organization\"},\"image\":{\"@id\":\"https:\\\/\\\/pizzastories.le5stagioni.com\\\/pt-br\\\/pizza-emergente\\\/a-selecao-da-pizza-emergente-para-o-centro-sul-terminou\\\/#primaryimage\"},\"thumbnailUrl\":\"https:\\\/\\\/pizzastories.le5stagioni.com\\\/wp-content\\\/uploads\\\/2025\\\/05\\\/emergenza-pizza-la-tappa-centro-sud-header-5.jpg\",\"articleSection\":[\"pizza emergente\"],\"inLanguage\":\"pt-BR\"},{\"@type\":\"WebPage\",\"@id\":\"https:\\\/\\\/pizzastories.le5stagioni.com\\\/pt-br\\\/pizza-emergente\\\/a-selecao-da-pizza-emergente-para-o-centro-sul-terminou\\\/\",\"url\":\"https:\\\/\\\/pizzastories.le5stagioni.com\\\/pt-br\\\/pizza-emergente\\\/a-selecao-da-pizza-emergente-para-o-centro-sul-terminou\\\/\",\"name\":\"A sele\u00e7\u00e3o da Pizza Emergente para o Centro-Sul terminou - Pizza Stories\",\"isPartOf\":{\"@id\":\"https:\\\/\\\/pizzastories.le5stagioni.com\\\/pt-br\\\/#website\"},\"primaryImageOfPage\":{\"@id\":\"https:\\\/\\\/pizzastories.le5stagioni.com\\\/pt-br\\\/pizza-emergente\\\/a-selecao-da-pizza-emergente-para-o-centro-sul-terminou\\\/#primaryimage\"},\"image\":{\"@id\":\"https:\\\/\\\/pizzastories.le5stagioni.com\\\/pt-br\\\/pizza-emergente\\\/a-selecao-da-pizza-emergente-para-o-centro-sul-terminou\\\/#primaryimage\"},\"thumbnailUrl\":\"https:\\\/\\\/pizzastories.le5stagioni.com\\\/wp-content\\\/uploads\\\/2025\\\/05\\\/emergenza-pizza-la-tappa-centro-sud-header-5.jpg\",\"datePublished\":\"2023-06-20T12:31:20+00:00\",\"breadcrumb\":{\"@id\":\"https:\\\/\\\/pizzastories.le5stagioni.com\\\/pt-br\\\/pizza-emergente\\\/a-selecao-da-pizza-emergente-para-o-centro-sul-terminou\\\/#breadcrumb\"},\"inLanguage\":\"pt-BR\",\"potentialAction\":[{\"@type\":\"ReadAction\",\"target\":[\"https:\\\/\\\/pizzastories.le5stagioni.com\\\/pt-br\\\/pizza-emergente\\\/a-selecao-da-pizza-emergente-para-o-centro-sul-terminou\\\/\"]}]},{\"@type\":\"ImageObject\",\"inLanguage\":\"pt-BR\",\"@id\":\"https:\\\/\\\/pizzastories.le5stagioni.com\\\/pt-br\\\/pizza-emergente\\\/a-selecao-da-pizza-emergente-para-o-centro-sul-terminou\\\/#primaryimage\",\"url\":\"https:\\\/\\\/pizzastories.le5stagioni.com\\\/wp-content\\\/uploads\\\/2025\\\/05\\\/emergenza-pizza-la-tappa-centro-sud-header-5.jpg\",\"contentUrl\":\"https:\\\/\\\/pizzastories.le5stagioni.com\\\/wp-content\\\/uploads\\\/2025\\\/05\\\/emergenza-pizza-la-tappa-centro-sud-header-5.jpg\",\"width\":1920,\"height\":647,\"caption\":\"Si \u00e8 conclusa la selezione di Emergente Pizza per il Centro-Sud\"},{\"@type\":\"BreadcrumbList\",\"@id\":\"https:\\\/\\\/pizzastories.le5stagioni.com\\\/pt-br\\\/pizza-emergente\\\/a-selecao-da-pizza-emergente-para-o-centro-sul-terminou\\\/#breadcrumb\",\"itemListElement\":[{\"@type\":\"ListItem\",\"position\":1,\"name\":\"Home\",\"item\":\"https:\\\/\\\/pizzastories.le5stagioni.com\\\/pt-br\\\/\"},{\"@type\":\"ListItem\",\"position\":2,\"name\":\"A sele\u00e7\u00e3o da Pizza Emergente para o Centro-Sul terminou\"}]},{\"@type\":\"WebSite\",\"@id\":\"https:\\\/\\\/pizzastories.le5stagioni.com\\\/pt-br\\\/#website\",\"url\":\"https:\\\/\\\/pizzastories.le5stagioni.com\\\/pt-br\\\/\",\"name\":\"Pizza Stories\",\"description\":\"La community degli amanti della pizza\",\"publisher\":{\"@id\":\"https:\\\/\\\/pizzastories.le5stagioni.com\\\/pt-br\\\/#organization\"},\"potentialAction\":[{\"@type\":\"SearchAction\",\"target\":{\"@type\":\"EntryPoint\",\"urlTemplate\":\"https:\\\/\\\/pizzastories.le5stagioni.com\\\/pt-br\\\/?s={search_term_string}\"},\"query-input\":{\"@type\":\"PropertyValueSpecification\",\"valueRequired\":true,\"valueName\":\"search_term_string\"}}],\"inLanguage\":\"pt-BR\"},{\"@type\":\"Organization\",\"@id\":\"https:\\\/\\\/pizzastories.le5stagioni.com\\\/pt-br\\\/#organization\",\"name\":\"Pizza Stories\",\"url\":\"https:\\\/\\\/pizzastories.le5stagioni.com\\\/pt-br\\\/\",\"logo\":{\"@type\":\"ImageObject\",\"inLanguage\":\"pt-BR\",\"@id\":\"https:\\\/\\\/pizzastories.le5stagioni.com\\\/pt-br\\\/#\\\/schema\\\/logo\\\/image\\\/\",\"url\":\"https:\\\/\\\/pizzastories.le5stagioni.com\\\/wp-content\\\/uploads\\\/2025\\\/05\\\/cropped-pizza-stories-logo.png\",\"contentUrl\":\"https:\\\/\\\/pizzastories.le5stagioni.com\\\/wp-content\\\/uploads\\\/2025\\\/05\\\/cropped-pizza-stories-logo.png\",\"width\":512,\"height\":512,\"caption\":\"Pizza Stories\"},\"image\":{\"@id\":\"https:\\\/\\\/pizzastories.le5stagioni.com\\\/pt-br\\\/#\\\/schema\\\/logo\\\/image\\\/\"}},{\"@type\":\"Person\",\"@id\":\"https:\\\/\\\/pizzastories.le5stagioni.com\\\/pt-br\\\/#\\\/schema\\\/person\\\/d29300c90b5517cd405edf2c907a69ba\",\"name\":\"admin\",\"image\":{\"@type\":\"ImageObject\",\"inLanguage\":\"pt-BR\",\"@id\":\"https:\\\/\\\/secure.gravatar.com\\\/avatar\\\/5edb4df5e2959cba313f23cb81d70d9233dad5fed62a756d80df55fa53e32990?s=96&d=mm&r=g\",\"url\":\"https:\\\/\\\/secure.gravatar.com\\\/avatar\\\/5edb4df5e2959cba313f23cb81d70d9233dad5fed62a756d80df55fa53e32990?s=96&d=mm&r=g\",\"contentUrl\":\"https:\\\/\\\/secure.gravatar.com\\\/avatar\\\/5edb4df5e2959cba313f23cb81d70d9233dad5fed62a756d80df55fa53e32990?s=96&d=mm&r=g\",\"caption\":\"admin\"},\"sameAs\":[\"https:\\\/\\\/pizzastories.le5stagioni.com\"],\"url\":\"https:\\\/\\\/pizzastories.le5stagioni.com\\\/pt-br\\\/author\\\/eperrone_1lnrhwgg\\\/\"}]}<\/script>\n<!-- \/ Yoast SEO plugin. -->","yoast_head_json":{"title":"A sele\u00e7\u00e3o da Pizza Emergente para o Centro-Sul terminou - Pizza Stories","robots":{"index":"index","follow":"follow","max-snippet":"max-snippet:-1","max-image-preview":"max-image-preview:large","max-video-preview":"max-video-preview:-1"},"canonical":"https:\/\/pizzastories.le5stagioni.com\/pt-br\/pizza-emergente\/a-selecao-da-pizza-emergente-para-o-centro-sul-terminou\/","og_locale":"pt_BR","og_type":"article","og_title":"A sele\u00e7\u00e3o da Pizza Emergente para o Centro-Sul terminou - Pizza Stories","og_description":"A Sele\u00e7\u00e3o Centro-Sul v\u00e1lida para o Pr\u00e9mio EMERGENT PIZZA 2023 (concurso reservado a jovens chefes e pizzaiolos com menos de 30 anos, concebido e organizado pela Witaly) teve lugar este ano num local excecional: a Universidade dos Sabores de Perugia.","og_url":"https:\/\/pizzastories.le5stagioni.com\/pt-br\/pizza-emergente\/a-selecao-da-pizza-emergente-para-o-centro-sul-terminou\/","og_site_name":"Pizza Stories","article_published_time":"2023-06-20T12:31:20+00:00","og_image":[{"width":1920,"height":647,"url":"https:\/\/pizzastories.le5stagioni.com\/wp-content\/uploads\/2025\/05\/emergenza-pizza-la-tappa-centro-sud-header-5.jpg","type":"image\/jpeg"}],"author":"admin","twitter_card":"summary_large_image","twitter_misc":{"Escrito por":"admin","Est. tempo de leitura":"2 minutos"},"schema":{"@context":"https:\/\/schema.org","@graph":[{"@type":"Article","@id":"https:\/\/pizzastories.le5stagioni.com\/pt-br\/pizza-emergente\/a-selecao-da-pizza-emergente-para-o-centro-sul-terminou\/#article","isPartOf":{"@id":"https:\/\/pizzastories.le5stagioni.com\/pt-br\/pizza-emergente\/a-selecao-da-pizza-emergente-para-o-centro-sul-terminou\/"},"author":{"name":"admin","@id":"https:\/\/pizzastories.le5stagioni.com\/pt-br\/#\/schema\/person\/d29300c90b5517cd405edf2c907a69ba"},"headline":"A sele\u00e7\u00e3o da Pizza Emergente para o Centro-Sul terminou","datePublished":"2023-06-20T12:31:20+00:00","mainEntityOfPage":{"@id":"https:\/\/pizzastories.le5stagioni.com\/pt-br\/pizza-emergente\/a-selecao-da-pizza-emergente-para-o-centro-sul-terminou\/"},"wordCount":383,"publisher":{"@id":"https:\/\/pizzastories.le5stagioni.com\/pt-br\/#organization"},"image":{"@id":"https:\/\/pizzastories.le5stagioni.com\/pt-br\/pizza-emergente\/a-selecao-da-pizza-emergente-para-o-centro-sul-terminou\/#primaryimage"},"thumbnailUrl":"https:\/\/pizzastories.le5stagioni.com\/wp-content\/uploads\/2025\/05\/emergenza-pizza-la-tappa-centro-sud-header-5.jpg","articleSection":["pizza emergente"],"inLanguage":"pt-BR"},{"@type":"WebPage","@id":"https:\/\/pizzastories.le5stagioni.com\/pt-br\/pizza-emergente\/a-selecao-da-pizza-emergente-para-o-centro-sul-terminou\/","url":"https:\/\/pizzastories.le5stagioni.com\/pt-br\/pizza-emergente\/a-selecao-da-pizza-emergente-para-o-centro-sul-terminou\/","name":"A sele\u00e7\u00e3o da Pizza Emergente para o Centro-Sul terminou - Pizza Stories","isPartOf":{"@id":"https:\/\/pizzastories.le5stagioni.com\/pt-br\/#website"},"primaryImageOfPage":{"@id":"https:\/\/pizzastories.le5stagioni.com\/pt-br\/pizza-emergente\/a-selecao-da-pizza-emergente-para-o-centro-sul-terminou\/#primaryimage"},"image":{"@id":"https:\/\/pizzastories.le5stagioni.com\/pt-br\/pizza-emergente\/a-selecao-da-pizza-emergente-para-o-centro-sul-terminou\/#primaryimage"},"thumbnailUrl":"https:\/\/pizzastories.le5stagioni.com\/wp-content\/uploads\/2025\/05\/emergenza-pizza-la-tappa-centro-sud-header-5.jpg","datePublished":"2023-06-20T12:31:20+00:00","breadcrumb":{"@id":"https:\/\/pizzastories.le5stagioni.com\/pt-br\/pizza-emergente\/a-selecao-da-pizza-emergente-para-o-centro-sul-terminou\/#breadcrumb"},"inLanguage":"pt-BR","potentialAction":[{"@type":"ReadAction","target":["https:\/\/pizzastories.le5stagioni.com\/pt-br\/pizza-emergente\/a-selecao-da-pizza-emergente-para-o-centro-sul-terminou\/"]}]},{"@type":"ImageObject","inLanguage":"pt-BR","@id":"https:\/\/pizzastories.le5stagioni.com\/pt-br\/pizza-emergente\/a-selecao-da-pizza-emergente-para-o-centro-sul-terminou\/#primaryimage","url":"https:\/\/pizzastories.le5stagioni.com\/wp-content\/uploads\/2025\/05\/emergenza-pizza-la-tappa-centro-sud-header-5.jpg","contentUrl":"https:\/\/pizzastories.le5stagioni.com\/wp-content\/uploads\/2025\/05\/emergenza-pizza-la-tappa-centro-sud-header-5.jpg","width":1920,"height":647,"caption":"Si \u00e8 conclusa la selezione di Emergente Pizza per il Centro-Sud"},{"@type":"BreadcrumbList","@id":"https:\/\/pizzastories.le5stagioni.com\/pt-br\/pizza-emergente\/a-selecao-da-pizza-emergente-para-o-centro-sul-terminou\/#breadcrumb","itemListElement":[{"@type":"ListItem","position":1,"name":"Home","item":"https:\/\/pizzastories.le5stagioni.com\/pt-br\/"},{"@type":"ListItem","position":2,"name":"A sele\u00e7\u00e3o da Pizza Emergente para o Centro-Sul terminou"}]},{"@type":"WebSite","@id":"https:\/\/pizzastories.le5stagioni.com\/pt-br\/#website","url":"https:\/\/pizzastories.le5stagioni.com\/pt-br\/","name":"Pizza Stories","description":"La community degli amanti della pizza","publisher":{"@id":"https:\/\/pizzastories.le5stagioni.com\/pt-br\/#organization"},"potentialAction":[{"@type":"SearchAction","target":{"@type":"EntryPoint","urlTemplate":"https:\/\/pizzastories.le5stagioni.com\/pt-br\/?s={search_term_string}"},"query-input":{"@type":"PropertyValueSpecification","valueRequired":true,"valueName":"search_term_string"}}],"inLanguage":"pt-BR"},{"@type":"Organization","@id":"https:\/\/pizzastories.le5stagioni.com\/pt-br\/#organization","name":"Pizza Stories","url":"https:\/\/pizzastories.le5stagioni.com\/pt-br\/","logo":{"@type":"ImageObject","inLanguage":"pt-BR","@id":"https:\/\/pizzastories.le5stagioni.com\/pt-br\/#\/schema\/logo\/image\/","url":"https:\/\/pizzastories.le5stagioni.com\/wp-content\/uploads\/2025\/05\/cropped-pizza-stories-logo.png","contentUrl":"https:\/\/pizzastories.le5stagioni.com\/wp-content\/uploads\/2025\/05\/cropped-pizza-stories-logo.png","width":512,"height":512,"caption":"Pizza Stories"},"image":{"@id":"https:\/\/pizzastories.le5stagioni.com\/pt-br\/#\/schema\/logo\/image\/"}},{"@type":"Person","@id":"https:\/\/pizzastories.le5stagioni.com\/pt-br\/#\/schema\/person\/d29300c90b5517cd405edf2c907a69ba","name":"admin","image":{"@type":"ImageObject","inLanguage":"pt-BR","@id":"https:\/\/secure.gravatar.com\/avatar\/5edb4df5e2959cba313f23cb81d70d9233dad5fed62a756d80df55fa53e32990?s=96&d=mm&r=g","url":"https:\/\/secure.gravatar.com\/avatar\/5edb4df5e2959cba313f23cb81d70d9233dad5fed62a756d80df55fa53e32990?s=96&d=mm&r=g","contentUrl":"https:\/\/secure.gravatar.com\/avatar\/5edb4df5e2959cba313f23cb81d70d9233dad5fed62a756d80df55fa53e32990?s=96&d=mm&r=g","caption":"admin"},"sameAs":["https:\/\/pizzastories.le5stagioni.com"],"url":"https:\/\/pizzastories.le5stagioni.com\/pt-br\/author\/eperrone_1lnrhwgg\/"}]}},"_links":{"self":[{"href":"https:\/\/pizzastories.le5stagioni.com\/pt-br\/wp-json\/wp\/v2\/posts\/4715","targetHints":{"allow":["GET"]}}],"collection":[{"href":"https:\/\/pizzastories.le5stagioni.com\/pt-br\/wp-json\/wp\/v2\/posts"}],"about":[{"href":"https:\/\/pizzastories.le5stagioni.com\/pt-br\/wp-json\/wp\/v2\/types\/post"}],"author":[{"embeddable":true,"href":"https:\/\/pizzastories.le5stagioni.com\/pt-br\/wp-json\/wp\/v2\/users\/1"}],"replies":[{"embeddable":true,"href":"https:\/\/pizzastories.le5stagioni.com\/pt-br\/wp-json\/wp\/v2\/comments?post=4715"}],"version-history":[{"count":0,"href":"https:\/\/pizzastories.le5stagioni.com\/pt-br\/wp-json\/wp\/v2\/posts\/4715\/revisions"}],"wp:featuredmedia":[{"embeddable":true,"href":"https:\/\/pizzastories.le5stagioni.com\/pt-br\/wp-json\/wp\/v2\/media\/4717"}],"wp:attachment":[{"href":"https:\/\/pizzastories.le5stagioni.com\/pt-br\/wp-json\/wp\/v2\/media?parent=4715"}],"wp:term":[{"taxonomy":"category","embeddable":true,"href":"https:\/\/pizzastories.le5stagioni.com\/pt-br\/wp-json\/wp\/v2\/categories?post=4715"},{"taxonomy":"post_tag","embeddable":true,"href":"https:\/\/pizzastories.le5stagioni.com\/pt-br\/wp-json\/wp\/v2\/tags?post=4715"}],"curies":[{"name":"wp","href":"https:\/\/api.w.org\/{rel}","templated":true}]}}