{"id":5585,"date":"2025-06-20T15:44:53","date_gmt":"2025-06-20T13:44:53","guid":{"rendered":"https:\/\/pizzastories.le5stagioni.com\/sem-categoria\/de-padeiro-a-chefe-de-pastelaria\/"},"modified":"2025-07-01T16:21:13","modified_gmt":"2025-07-01T14:21:13","slug":"de-padeiro-a-chefe-de-pastelaria","status":"publish","type":"post","link":"https:\/\/pizzastories.le5stagioni.com\/pt-br\/estilo-de-vida-pt-br\/de-padeiro-a-chefe-de-pastelaria\/","title":{"rendered":"De padeiro a chefe de pastelaria"},"content":{"rendered":"\t\t<div data-elementor-type=\"wp-post\" data-elementor-id=\"5585\" class=\"elementor elementor-5585 elementor-5551\" data-elementor-post-type=\"post\">\n\t\t\t\t<div class=\"elementor-element elementor-element-227c5592 e-flex e-con-boxed e-con e-parent\" data-id=\"227c5592\" data-element_type=\"container\" data-e-type=\"container\">\n\t\t\t\t\t<div class=\"e-con-inner\">\n\t\t<div class=\"elementor-element elementor-element-d87c127 e-con-full e-flex e-con e-child\" data-id=\"d87c127\" data-element_type=\"container\" data-e-type=\"container\">\n\t\t\t\t<div class=\"elementor-element elementor-element-485cc4a elementor-widget elementor-widget-text-editor\" data-id=\"485cc4a\" data-element_type=\"widget\" data-e-type=\"widget\" data-widget_type=\"text-editor.default\">\n\t\t\t\t<div class=\"elementor-widget-container\">\n\t\t\t\t\t\t\t\t\t<p>Como a profiss\u00e3o de padeiro est\u00e1 a mudar na era da alimenta\u00e7\u00e3o consciente, entre tradi\u00e7\u00e3o, inova\u00e7\u00e3o e aten\u00e7\u00e3o \u00e0 sa\u00fade<\/p>\t\t\t\t\t\t\t\t<\/div>\n\t\t\t\t<\/div>\n\t\t\t\t<\/div>\n\t\t\t\t<div class=\"elementor-element elementor-element-7e534579 elementor-widget elementor-widget-image\" data-id=\"7e534579\" data-element_type=\"widget\" data-e-type=\"widget\" data-widget_type=\"image.default\">\n\t\t\t\t<div class=\"elementor-widget-container\">\n\t\t\t\t\t\t\t\t\t\t\t\t\t\t\t<img decoding=\"async\" src=\"https:\/\/pizzastories.le5stagioni.com\/wp-content\/plugins\/elementor\/assets\/images\/placeholder.png\" title=\"\" alt=\"\" loading=\"lazy\" \/>\t\t\t\t\t\t\t\t\t\t\t\t\t\t\t<\/div>\n\t\t\t\t<\/div>\n\t\t\t\t\t<\/div>\n\t\t\t\t<\/div>\n\t\t<div class=\"elementor-element elementor-element-4ca9b608 e-flex e-con-boxed e-con e-parent\" data-id=\"4ca9b608\" data-element_type=\"container\" data-e-type=\"container\">\n\t\t\t\t\t<div class=\"e-con-inner\">\n\t\t\t\t<div class=\"elementor-element elementor-element-3632ff3e elementor-widget elementor-widget-text-editor\" data-id=\"3632ff3e\" data-element_type=\"widget\" data-e-type=\"widget\" data-widget_type=\"text-editor.default\">\n\t\t\t\t<div class=\"elementor-widget-container\">\n\t\t\t\t\t\t\t\t\t<p>O mercado da panifica\u00e7\u00e3o n\u00e3o conhece crises: segundo as estimativas, o volume de neg\u00f3cios global ultrapassa os 340 mil milh\u00f5es de d\u00f3lares, com a Europa a liderar gra\u00e7as \u00e0 presen\u00e7a generalizada de padarias artesanais em todo o territ\u00f3rio. Em It\u00e1lia, 85% do p\u00e3o consumido diariamente prov\u00e9m de cerca de 24.000 padarias artesanais, que produzem mais de 250 variedades de p\u00e3o, testemunhando um patrim\u00f3nio cultural e gastron\u00f3mico \u00fanico no mundo.   <span style=\"color: var( --e-global-color-text ); font-family: var( --e-global-typography-text-font-family ), Sans-serif; font-size: var( --e-global-typography-text-font-size ); font-weight: var( --e-global-typography-text-font-weight ); text-align: var(--text-align); background-color: var( --e-global-color-0945e81 );\">Os consumidores mostram uma clara prefer\u00eancia por produtos de padaria confeccionados com ingredientes selecionados e receitas tradicionais, muitas vezes ligadas a mem\u00f3rias rurais e \u00e0 utiliza\u00e7\u00e3o de massa fermentada.  <\/span><\/p><p><span style=\"color: var( --e-global-color-text ); font-family: var( --e-global-typography-text-font-family ), Sans-serif; font-size: var( --e-global-typography-text-font-size ); font-weight: var( --e-global-typography-text-font-weight ); text-align: var(--text-align); background-color: var( --e-global-color-0945e81 );\">Trata-se de produtos aut\u00eanticos, ligados ao territ\u00f3rio, \u00e0 sazonalidade e \u00e0 valoriza\u00e7\u00e3o das mat\u00e9rias-primas locais, capazes de resistir \u00e0s modas passageiras. Ao mesmo tempo, est\u00e3o a surgir novos modelos de consumo e de venda em que a padaria tradicional se transforma num formato h\u00edbrido, integrando uma cafetaria, uma pizzaria \u00e0 fatia ou uma pastelaria para oferecer uma experi\u00eancia mais completa e diversificada.   <\/span><\/p><p><span style=\"color: var( --e-global-color-text ); font-family: var( --e-global-typography-text-font-family ), Sans-serif; font-size: var( --e-global-typography-text-font-size ); font-weight: var( --e-global-typography-text-font-weight ); text-align: var(--text-align); background-color: var( --e-global-color-0945e81 );\">Neste cen\u00e1rio evolutivo, a figura do padeiro transforma-se no Chef de Padaria: um profissional criativo com um profundo conhecimento de fermentos, t\u00e9cnicas e mat\u00e9rias-primas, capaz de produzir p\u00e3o, focaccia, pizzas, biscoitos e outros produtos de padaria com uma abordagem atenta \u00e0 nutri\u00e7\u00e3o e \u00e0 sustentabilidade. O padeiro contempor\u00e2neo introduz uma nova forma de conceber a pastelaria, com propostas ricas em prote\u00ednas e fibras, feitas com farinhas integrais ou cereais alternativos, colocando o bem-estar do consumidor no centro. <\/span><\/p>\t\t\t\t\t\t\t\t<\/div>\n\t\t\t\t<\/div>\n\t\t\t\t\t<\/div>\n\t\t\t\t<\/div>\n\t\t<div class=\"elementor-element elementor-element-2cdaf52d e-flex e-con-boxed e-con e-parent\" data-id=\"2cdaf52d\" data-element_type=\"container\" data-e-type=\"container\">\n\t\t\t\t\t<div class=\"e-con-inner\">\n\t\t\t\t<div class=\"elementor-element elementor-element-48fb6e2f elementor-widget elementor-widget-image\" data-id=\"48fb6e2f\" data-element_type=\"widget\" data-e-type=\"widget\" data-widget_type=\"image.default\">\n\t\t\t\t<div class=\"elementor-widget-container\">\n\t\t\t\t\t\t\t\t\t\t\t\t\t\t\t<img decoding=\"async\" src=\"https:\/\/pizzastories.le5stagioni.com\/wp-content\/plugins\/elementor\/assets\/images\/placeholder.png\" title=\"\" alt=\"\" loading=\"lazy\" \/>\t\t\t\t\t\t\t\t\t\t\t\t\t\t\t<\/div>\n\t\t\t\t<\/div>\n\t\t\t\t\t<\/div>\n\t\t\t\t<\/div>\n\t\t<div class=\"elementor-element elementor-element-6df69ee1 e-flex e-con-boxed e-con e-parent\" data-id=\"6df69ee1\" data-element_type=\"container\" data-e-type=\"container\">\n\t\t\t\t\t<div class=\"e-con-inner\">\n\t\t\t\t<div class=\"elementor-element elementor-element-476bb7c0 elementor-widget elementor-widget-text-editor\" data-id=\"476bb7c0\" data-element_type=\"widget\" data-e-type=\"widget\" data-widget_type=\"text-editor.default\">\n\t\t\t\t<div class=\"elementor-widget-container\">\n\t\t\t\t\t\t\t\t\t<p>A evolu\u00e7\u00e3o da profiss\u00e3o \u00e9 acompanhada pela utiliza\u00e7\u00e3o de equipamentos modernos, digitais e de alto desempenho &#8211; como amassadeiras inteligentes, fornos profissionais e c\u00e9lulas de fermenta\u00e7\u00e3o controladas &#8211; que melhoram a qualidade do trabalho e permitem um maior controlo do processo de matura\u00e7\u00e3o da massa e da produ\u00e7\u00e3o.&nbsp;<\/p><p>Olhando para o futuro, ser\u00e1 aumentada a oferta de produtos de padaria com elevado teor proteico para atletas, bem como de receitas vegan, plant-based e sem gl\u00faten, sem esquecer os grandes cl\u00e1ssicos ligados \u00e0s tradi\u00e7\u00f5es e festividades regionais. Tudo ser\u00e1 pautado por uma vis\u00e3o cada vez mais saud\u00e1vel, com foco no org\u00e2nico, na cadeia de abastecimento curta e na sustentabilidade ambiental. <\/p>\t\t\t\t\t\t\t\t<\/div>\n\t\t\t\t<\/div>\n\t\t\t\t\t<\/div>\n\t\t\t\t<\/div>\n\t\t<div class=\"elementor-element elementor-element-61fe9d08 e-flex e-con-boxed e-con e-parent\" data-id=\"61fe9d08\" data-element_type=\"container\" data-e-type=\"container\">\n\t\t\t\t\t<div class=\"e-con-inner\">\n\t\t\t\t\t<\/div>\n\t\t\t\t<\/div>\n\t\t<div class=\"elementor-element elementor-element-231dadc7 e-flex e-con-boxed e-con e-parent\" data-id=\"231dadc7\" data-element_type=\"container\" data-e-type=\"container\">\n\t\t\t\t\t<div class=\"e-con-inner\">\n\t\t\t\t\t<\/div>\n\t\t\t\t<\/div>\n\t\t\t\t<\/div>\n\t\t","protected":false},"excerpt":{"rendered":"<p>Como a profiss\u00e3o de padeiro est\u00e1 a mudar na era da alimenta\u00e7\u00e3o consciente, entre tradi\u00e7\u00e3o, inova\u00e7\u00e3o e aten\u00e7\u00e3o \u00e0 sa\u00fade O mercado da panifica\u00e7\u00e3o n\u00e3o conhece crises: segundo as estimativas, o volume de neg\u00f3cios global ultrapassa os 340 mil milh\u00f5es de d\u00f3lares, com a Europa a liderar gra\u00e7as \u00e0 presen\u00e7a generalizada de padarias artesanais em [&hellip;]<\/p>\n","protected":false},"author":3,"featured_media":5964,"comment_status":"closed","ping_status":"closed","sticky":false,"template":"","format":"standard","meta":{"_acf_changed":false,"footnotes":""},"categories":[160],"tags":[],"class_list":["post-5585","post","type-post","status-publish","format-standard","has-post-thumbnail","hentry","category-estilo-de-vida-pt-br"],"acf":[],"yoast_head":"<!-- This site is optimized with the Yoast SEO plugin v27.5 - https:\/\/yoast.com\/product\/yoast-seo-wordpress\/ -->\n<title>De padeiro a chefe de pastelaria - Pizza Stories<\/title>\n<meta name=\"robots\" content=\"index, follow, max-snippet:-1, max-image-preview:large, max-video-preview:-1\" \/>\n<link rel=\"canonical\" href=\"https:\/\/pizzastories.le5stagioni.com\/pt-br\/estilo-de-vida-pt-br\/de-padeiro-a-chefe-de-pastelaria\/\" \/>\n<meta property=\"og:locale\" content=\"pt_BR\" \/>\n<meta property=\"og:type\" content=\"article\" \/>\n<meta property=\"og:title\" content=\"De padeiro a chefe de pastelaria - Pizza Stories\" \/>\n<meta property=\"og:description\" content=\"Como a profiss\u00e3o de padeiro est\u00e1 a mudar na era da alimenta\u00e7\u00e3o consciente, entre tradi\u00e7\u00e3o, inova\u00e7\u00e3o e aten\u00e7\u00e3o \u00e0 sa\u00fade O mercado da panifica\u00e7\u00e3o n\u00e3o conhece crises: segundo as estimativas, o volume de neg\u00f3cios global ultrapassa os 340 mil milh\u00f5es de d\u00f3lares, com a Europa a liderar gra\u00e7as \u00e0 presen\u00e7a generalizada de padarias artesanais em [&hellip;]\" \/>\n<meta property=\"og:url\" content=\"https:\/\/pizzastories.le5stagioni.com\/pt-br\/estilo-de-vida-pt-br\/de-padeiro-a-chefe-de-pastelaria\/\" \/>\n<meta property=\"og:site_name\" content=\"Pizza Stories\" \/>\n<meta property=\"article:published_time\" content=\"2025-06-20T13:44:53+00:00\" \/>\n<meta property=\"article:modified_time\" content=\"2025-07-01T14:21:13+00:00\" \/>\n<meta property=\"og:image\" content=\"https:\/\/pizzastories.le5stagioni.com\/wp-content\/uploads\/2025\/06\/pexels-fmaderebner-745988-scaled.jpg\" \/>\n\t<meta property=\"og:image:width\" content=\"2560\" \/>\n\t<meta property=\"og:image:height\" content=\"1710\" \/>\n\t<meta property=\"og:image:type\" content=\"image\/jpeg\" \/>\n<meta name=\"author\" content=\"Giovanni\" \/>\n<meta name=\"twitter:card\" content=\"summary_large_image\" \/>\n<meta name=\"twitter:label1\" content=\"Escrito por\" \/>\n\t<meta name=\"twitter:data1\" content=\"Giovanni\" \/>\n\t<meta name=\"twitter:label2\" content=\"Est. tempo de leitura\" \/>\n\t<meta name=\"twitter:data2\" content=\"2 minutos\" \/>\n<script type=\"application\/ld+json\" class=\"yoast-schema-graph\">{\"@context\":\"https:\\\/\\\/schema.org\",\"@graph\":[{\"@type\":\"Article\",\"@id\":\"https:\\\/\\\/pizzastories.le5stagioni.com\\\/pt-br\\\/estilo-de-vida-pt-br\\\/de-padeiro-a-chefe-de-pastelaria\\\/#article\",\"isPartOf\":{\"@id\":\"https:\\\/\\\/pizzastories.le5stagioni.com\\\/pt-br\\\/estilo-de-vida-pt-br\\\/de-padeiro-a-chefe-de-pastelaria\\\/\"},\"author\":{\"name\":\"Giovanni\",\"@id\":\"https:\\\/\\\/pizzastories.le5stagioni.com\\\/pt-br\\\/#\\\/schema\\\/person\\\/0d424ca2391dc26a6473ca01cc351137\"},\"headline\":\"De padeiro a chefe de pastelaria\",\"datePublished\":\"2025-06-20T13:44:53+00:00\",\"dateModified\":\"2025-07-01T14:21:13+00:00\",\"mainEntityOfPage\":{\"@id\":\"https:\\\/\\\/pizzastories.le5stagioni.com\\\/pt-br\\\/estilo-de-vida-pt-br\\\/de-padeiro-a-chefe-de-pastelaria\\\/\"},\"wordCount\":410,\"publisher\":{\"@id\":\"https:\\\/\\\/pizzastories.le5stagioni.com\\\/pt-br\\\/#organization\"},\"image\":{\"@id\":\"https:\\\/\\\/pizzastories.le5stagioni.com\\\/pt-br\\\/estilo-de-vida-pt-br\\\/de-padeiro-a-chefe-de-pastelaria\\\/#primaryimage\"},\"thumbnailUrl\":\"https:\\\/\\\/pizzastories.le5stagioni.com\\\/wp-content\\\/uploads\\\/2025\\\/06\\\/pexels-fmaderebner-745988-scaled.jpg\",\"articleSection\":[\"Estilo de vida\"],\"inLanguage\":\"pt-BR\"},{\"@type\":\"WebPage\",\"@id\":\"https:\\\/\\\/pizzastories.le5stagioni.com\\\/pt-br\\\/estilo-de-vida-pt-br\\\/de-padeiro-a-chefe-de-pastelaria\\\/\",\"url\":\"https:\\\/\\\/pizzastories.le5stagioni.com\\\/pt-br\\\/estilo-de-vida-pt-br\\\/de-padeiro-a-chefe-de-pastelaria\\\/\",\"name\":\"De padeiro a chefe de pastelaria - Pizza Stories\",\"isPartOf\":{\"@id\":\"https:\\\/\\\/pizzastories.le5stagioni.com\\\/pt-br\\\/#website\"},\"primaryImageOfPage\":{\"@id\":\"https:\\\/\\\/pizzastories.le5stagioni.com\\\/pt-br\\\/estilo-de-vida-pt-br\\\/de-padeiro-a-chefe-de-pastelaria\\\/#primaryimage\"},\"image\":{\"@id\":\"https:\\\/\\\/pizzastories.le5stagioni.com\\\/pt-br\\\/estilo-de-vida-pt-br\\\/de-padeiro-a-chefe-de-pastelaria\\\/#primaryimage\"},\"thumbnailUrl\":\"https:\\\/\\\/pizzastories.le5stagioni.com\\\/wp-content\\\/uploads\\\/2025\\\/06\\\/pexels-fmaderebner-745988-scaled.jpg\",\"datePublished\":\"2025-06-20T13:44:53+00:00\",\"dateModified\":\"2025-07-01T14:21:13+00:00\",\"breadcrumb\":{\"@id\":\"https:\\\/\\\/pizzastories.le5stagioni.com\\\/pt-br\\\/estilo-de-vida-pt-br\\\/de-padeiro-a-chefe-de-pastelaria\\\/#breadcrumb\"},\"inLanguage\":\"pt-BR\",\"potentialAction\":[{\"@type\":\"ReadAction\",\"target\":[\"https:\\\/\\\/pizzastories.le5stagioni.com\\\/pt-br\\\/estilo-de-vida-pt-br\\\/de-padeiro-a-chefe-de-pastelaria\\\/\"]}]},{\"@type\":\"ImageObject\",\"inLanguage\":\"pt-BR\",\"@id\":\"https:\\\/\\\/pizzastories.le5stagioni.com\\\/pt-br\\\/estilo-de-vida-pt-br\\\/de-padeiro-a-chefe-de-pastelaria\\\/#primaryimage\",\"url\":\"https:\\\/\\\/pizzastories.le5stagioni.com\\\/wp-content\\\/uploads\\\/2025\\\/06\\\/pexels-fmaderebner-745988-scaled.jpg\",\"contentUrl\":\"https:\\\/\\\/pizzastories.le5stagioni.com\\\/wp-content\\\/uploads\\\/2025\\\/06\\\/pexels-fmaderebner-745988-scaled.jpg\",\"width\":2560,\"height\":1710,\"caption\":\"pane integrale con farine agugiaro & figna MIA GRA le 5 stagioni\"},{\"@type\":\"BreadcrumbList\",\"@id\":\"https:\\\/\\\/pizzastories.le5stagioni.com\\\/pt-br\\\/estilo-de-vida-pt-br\\\/de-padeiro-a-chefe-de-pastelaria\\\/#breadcrumb\",\"itemListElement\":[{\"@type\":\"ListItem\",\"position\":1,\"name\":\"Home\",\"item\":\"https:\\\/\\\/pizzastories.le5stagioni.com\\\/pt-br\\\/\"},{\"@type\":\"ListItem\",\"position\":2,\"name\":\"De padeiro a chefe de pastelaria\"}]},{\"@type\":\"WebSite\",\"@id\":\"https:\\\/\\\/pizzastories.le5stagioni.com\\\/pt-br\\\/#website\",\"url\":\"https:\\\/\\\/pizzastories.le5stagioni.com\\\/pt-br\\\/\",\"name\":\"Pizza Stories\",\"description\":\"La community degli amanti della pizza\",\"publisher\":{\"@id\":\"https:\\\/\\\/pizzastories.le5stagioni.com\\\/pt-br\\\/#organization\"},\"potentialAction\":[{\"@type\":\"SearchAction\",\"target\":{\"@type\":\"EntryPoint\",\"urlTemplate\":\"https:\\\/\\\/pizzastories.le5stagioni.com\\\/pt-br\\\/?s={search_term_string}\"},\"query-input\":{\"@type\":\"PropertyValueSpecification\",\"valueRequired\":true,\"valueName\":\"search_term_string\"}}],\"inLanguage\":\"pt-BR\"},{\"@type\":\"Organization\",\"@id\":\"https:\\\/\\\/pizzastories.le5stagioni.com\\\/pt-br\\\/#organization\",\"name\":\"Pizza Stories\",\"url\":\"https:\\\/\\\/pizzastories.le5stagioni.com\\\/pt-br\\\/\",\"logo\":{\"@type\":\"ImageObject\",\"inLanguage\":\"pt-BR\",\"@id\":\"https:\\\/\\\/pizzastories.le5stagioni.com\\\/pt-br\\\/#\\\/schema\\\/logo\\\/image\\\/\",\"url\":\"https:\\\/\\\/pizzastories.le5stagioni.com\\\/wp-content\\\/uploads\\\/2025\\\/05\\\/cropped-pizza-stories-logo.png\",\"contentUrl\":\"https:\\\/\\\/pizzastories.le5stagioni.com\\\/wp-content\\\/uploads\\\/2025\\\/05\\\/cropped-pizza-stories-logo.png\",\"width\":512,\"height\":512,\"caption\":\"Pizza Stories\"},\"image\":{\"@id\":\"https:\\\/\\\/pizzastories.le5stagioni.com\\\/pt-br\\\/#\\\/schema\\\/logo\\\/image\\\/\"}},{\"@type\":\"Person\",\"@id\":\"https:\\\/\\\/pizzastories.le5stagioni.com\\\/pt-br\\\/#\\\/schema\\\/person\\\/0d424ca2391dc26a6473ca01cc351137\",\"name\":\"Giovanni\",\"image\":{\"@type\":\"ImageObject\",\"inLanguage\":\"pt-BR\",\"@id\":\"https:\\\/\\\/secure.gravatar.com\\\/avatar\\\/e790db86f03a781da86f49749663d3c225e90a6481699e19e0845b59a9a45b2f?s=96&d=mm&r=g\",\"url\":\"https:\\\/\\\/secure.gravatar.com\\\/avatar\\\/e790db86f03a781da86f49749663d3c225e90a6481699e19e0845b59a9a45b2f?s=96&d=mm&r=g\",\"contentUrl\":\"https:\\\/\\\/secure.gravatar.com\\\/avatar\\\/e790db86f03a781da86f49749663d3c225e90a6481699e19e0845b59a9a45b2f?s=96&d=mm&r=g\",\"caption\":\"Giovanni\"},\"url\":\"https:\\\/\\\/pizzastories.le5stagioni.com\\\/pt-br\\\/author\\\/giovanni\\\/\"}]}<\/script>\n<!-- \/ Yoast SEO plugin. -->","yoast_head_json":{"title":"De padeiro a chefe de pastelaria - Pizza Stories","robots":{"index":"index","follow":"follow","max-snippet":"max-snippet:-1","max-image-preview":"max-image-preview:large","max-video-preview":"max-video-preview:-1"},"canonical":"https:\/\/pizzastories.le5stagioni.com\/pt-br\/estilo-de-vida-pt-br\/de-padeiro-a-chefe-de-pastelaria\/","og_locale":"pt_BR","og_type":"article","og_title":"De padeiro a chefe de pastelaria - Pizza Stories","og_description":"Como a profiss\u00e3o de padeiro est\u00e1 a mudar na era da alimenta\u00e7\u00e3o consciente, entre tradi\u00e7\u00e3o, inova\u00e7\u00e3o e aten\u00e7\u00e3o \u00e0 sa\u00fade O mercado da panifica\u00e7\u00e3o n\u00e3o conhece crises: segundo as estimativas, o volume de neg\u00f3cios global ultrapassa os 340 mil milh\u00f5es de d\u00f3lares, com a Europa a liderar gra\u00e7as \u00e0 presen\u00e7a generalizada de padarias artesanais em [&hellip;]","og_url":"https:\/\/pizzastories.le5stagioni.com\/pt-br\/estilo-de-vida-pt-br\/de-padeiro-a-chefe-de-pastelaria\/","og_site_name":"Pizza Stories","article_published_time":"2025-06-20T13:44:53+00:00","article_modified_time":"2025-07-01T14:21:13+00:00","og_image":[{"width":2560,"height":1710,"url":"https:\/\/pizzastories.le5stagioni.com\/wp-content\/uploads\/2025\/06\/pexels-fmaderebner-745988-scaled.jpg","type":"image\/jpeg"}],"author":"Giovanni","twitter_card":"summary_large_image","twitter_misc":{"Escrito por":"Giovanni","Est. tempo de leitura":"2 minutos"},"schema":{"@context":"https:\/\/schema.org","@graph":[{"@type":"Article","@id":"https:\/\/pizzastories.le5stagioni.com\/pt-br\/estilo-de-vida-pt-br\/de-padeiro-a-chefe-de-pastelaria\/#article","isPartOf":{"@id":"https:\/\/pizzastories.le5stagioni.com\/pt-br\/estilo-de-vida-pt-br\/de-padeiro-a-chefe-de-pastelaria\/"},"author":{"name":"Giovanni","@id":"https:\/\/pizzastories.le5stagioni.com\/pt-br\/#\/schema\/person\/0d424ca2391dc26a6473ca01cc351137"},"headline":"De padeiro a chefe de pastelaria","datePublished":"2025-06-20T13:44:53+00:00","dateModified":"2025-07-01T14:21:13+00:00","mainEntityOfPage":{"@id":"https:\/\/pizzastories.le5stagioni.com\/pt-br\/estilo-de-vida-pt-br\/de-padeiro-a-chefe-de-pastelaria\/"},"wordCount":410,"publisher":{"@id":"https:\/\/pizzastories.le5stagioni.com\/pt-br\/#organization"},"image":{"@id":"https:\/\/pizzastories.le5stagioni.com\/pt-br\/estilo-de-vida-pt-br\/de-padeiro-a-chefe-de-pastelaria\/#primaryimage"},"thumbnailUrl":"https:\/\/pizzastories.le5stagioni.com\/wp-content\/uploads\/2025\/06\/pexels-fmaderebner-745988-scaled.jpg","articleSection":["Estilo de vida"],"inLanguage":"pt-BR"},{"@type":"WebPage","@id":"https:\/\/pizzastories.le5stagioni.com\/pt-br\/estilo-de-vida-pt-br\/de-padeiro-a-chefe-de-pastelaria\/","url":"https:\/\/pizzastories.le5stagioni.com\/pt-br\/estilo-de-vida-pt-br\/de-padeiro-a-chefe-de-pastelaria\/","name":"De padeiro a chefe de pastelaria - Pizza Stories","isPartOf":{"@id":"https:\/\/pizzastories.le5stagioni.com\/pt-br\/#website"},"primaryImageOfPage":{"@id":"https:\/\/pizzastories.le5stagioni.com\/pt-br\/estilo-de-vida-pt-br\/de-padeiro-a-chefe-de-pastelaria\/#primaryimage"},"image":{"@id":"https:\/\/pizzastories.le5stagioni.com\/pt-br\/estilo-de-vida-pt-br\/de-padeiro-a-chefe-de-pastelaria\/#primaryimage"},"thumbnailUrl":"https:\/\/pizzastories.le5stagioni.com\/wp-content\/uploads\/2025\/06\/pexels-fmaderebner-745988-scaled.jpg","datePublished":"2025-06-20T13:44:53+00:00","dateModified":"2025-07-01T14:21:13+00:00","breadcrumb":{"@id":"https:\/\/pizzastories.le5stagioni.com\/pt-br\/estilo-de-vida-pt-br\/de-padeiro-a-chefe-de-pastelaria\/#breadcrumb"},"inLanguage":"pt-BR","potentialAction":[{"@type":"ReadAction","target":["https:\/\/pizzastories.le5stagioni.com\/pt-br\/estilo-de-vida-pt-br\/de-padeiro-a-chefe-de-pastelaria\/"]}]},{"@type":"ImageObject","inLanguage":"pt-BR","@id":"https:\/\/pizzastories.le5stagioni.com\/pt-br\/estilo-de-vida-pt-br\/de-padeiro-a-chefe-de-pastelaria\/#primaryimage","url":"https:\/\/pizzastories.le5stagioni.com\/wp-content\/uploads\/2025\/06\/pexels-fmaderebner-745988-scaled.jpg","contentUrl":"https:\/\/pizzastories.le5stagioni.com\/wp-content\/uploads\/2025\/06\/pexels-fmaderebner-745988-scaled.jpg","width":2560,"height":1710,"caption":"pane integrale con farine agugiaro & figna MIA GRA le 5 stagioni"},{"@type":"BreadcrumbList","@id":"https:\/\/pizzastories.le5stagioni.com\/pt-br\/estilo-de-vida-pt-br\/de-padeiro-a-chefe-de-pastelaria\/#breadcrumb","itemListElement":[{"@type":"ListItem","position":1,"name":"Home","item":"https:\/\/pizzastories.le5stagioni.com\/pt-br\/"},{"@type":"ListItem","position":2,"name":"De padeiro a chefe de pastelaria"}]},{"@type":"WebSite","@id":"https:\/\/pizzastories.le5stagioni.com\/pt-br\/#website","url":"https:\/\/pizzastories.le5stagioni.com\/pt-br\/","name":"Pizza Stories","description":"La community degli amanti della pizza","publisher":{"@id":"https:\/\/pizzastories.le5stagioni.com\/pt-br\/#organization"},"potentialAction":[{"@type":"SearchAction","target":{"@type":"EntryPoint","urlTemplate":"https:\/\/pizzastories.le5stagioni.com\/pt-br\/?s={search_term_string}"},"query-input":{"@type":"PropertyValueSpecification","valueRequired":true,"valueName":"search_term_string"}}],"inLanguage":"pt-BR"},{"@type":"Organization","@id":"https:\/\/pizzastories.le5stagioni.com\/pt-br\/#organization","name":"Pizza Stories","url":"https:\/\/pizzastories.le5stagioni.com\/pt-br\/","logo":{"@type":"ImageObject","inLanguage":"pt-BR","@id":"https:\/\/pizzastories.le5stagioni.com\/pt-br\/#\/schema\/logo\/image\/","url":"https:\/\/pizzastories.le5stagioni.com\/wp-content\/uploads\/2025\/05\/cropped-pizza-stories-logo.png","contentUrl":"https:\/\/pizzastories.le5stagioni.com\/wp-content\/uploads\/2025\/05\/cropped-pizza-stories-logo.png","width":512,"height":512,"caption":"Pizza Stories"},"image":{"@id":"https:\/\/pizzastories.le5stagioni.com\/pt-br\/#\/schema\/logo\/image\/"}},{"@type":"Person","@id":"https:\/\/pizzastories.le5stagioni.com\/pt-br\/#\/schema\/person\/0d424ca2391dc26a6473ca01cc351137","name":"Giovanni","image":{"@type":"ImageObject","inLanguage":"pt-BR","@id":"https:\/\/secure.gravatar.com\/avatar\/e790db86f03a781da86f49749663d3c225e90a6481699e19e0845b59a9a45b2f?s=96&d=mm&r=g","url":"https:\/\/secure.gravatar.com\/avatar\/e790db86f03a781da86f49749663d3c225e90a6481699e19e0845b59a9a45b2f?s=96&d=mm&r=g","contentUrl":"https:\/\/secure.gravatar.com\/avatar\/e790db86f03a781da86f49749663d3c225e90a6481699e19e0845b59a9a45b2f?s=96&d=mm&r=g","caption":"Giovanni"},"url":"https:\/\/pizzastories.le5stagioni.com\/pt-br\/author\/giovanni\/"}]}},"_links":{"self":[{"href":"https:\/\/pizzastories.le5stagioni.com\/pt-br\/wp-json\/wp\/v2\/posts\/5585","targetHints":{"allow":["GET"]}}],"collection":[{"href":"https:\/\/pizzastories.le5stagioni.com\/pt-br\/wp-json\/wp\/v2\/posts"}],"about":[{"href":"https:\/\/pizzastories.le5stagioni.com\/pt-br\/wp-json\/wp\/v2\/types\/post"}],"author":[{"embeddable":true,"href":"https:\/\/pizzastories.le5stagioni.com\/pt-br\/wp-json\/wp\/v2\/users\/3"}],"replies":[{"embeddable":true,"href":"https:\/\/pizzastories.le5stagioni.com\/pt-br\/wp-json\/wp\/v2\/comments?post=5585"}],"version-history":[{"count":2,"href":"https:\/\/pizzastories.le5stagioni.com\/pt-br\/wp-json\/wp\/v2\/posts\/5585\/revisions"}],"predecessor-version":[{"id":5970,"href":"https:\/\/pizzastories.le5stagioni.com\/pt-br\/wp-json\/wp\/v2\/posts\/5585\/revisions\/5970"}],"wp:featuredmedia":[{"embeddable":true,"href":"https:\/\/pizzastories.le5stagioni.com\/pt-br\/wp-json\/wp\/v2\/media\/5964"}],"wp:attachment":[{"href":"https:\/\/pizzastories.le5stagioni.com\/pt-br\/wp-json\/wp\/v2\/media?parent=5585"}],"wp:term":[{"taxonomy":"category","embeddable":true,"href":"https:\/\/pizzastories.le5stagioni.com\/pt-br\/wp-json\/wp\/v2\/categories?post=5585"},{"taxonomy":"post_tag","embeddable":true,"href":"https:\/\/pizzastories.le5stagioni.com\/pt-br\/wp-json\/wp\/v2\/tags?post=5585"}],"curies":[{"name":"wp","href":"https:\/\/api.w.org\/{rel}","templated":true}]}}