{"id":6103,"date":"2025-07-01T11:13:51","date_gmt":"2025-07-01T09:13:51","guid":{"rendered":"https:\/\/pizzastories.le5stagioni.com\/sem-categoria\/para-alem-da-capital-o-mundo-das-pizzas-de-domenico-sancamillo\/"},"modified":"2025-07-02T12:28:00","modified_gmt":"2025-07-02T10:28:00","slug":"para-alem-da-capital-o-mundo-das-pizzas-de-domenico-sancamillo","status":"publish","type":"post","link":"https:\/\/pizzastories.le5stagioni.com\/pt-br\/descoberta\/para-alem-da-capital-o-mundo-das-pizzas-de-domenico-sancamillo\/","title":{"rendered":"Para al\u00e9m da capital: o mundo das pizzas de Domenico Sancamillo"},"content":{"rendered":"\t\t<div data-elementor-type=\"wp-post\" data-elementor-id=\"6103\" class=\"elementor elementor-6103 elementor-5770\" data-elementor-post-type=\"post\">\n\t\t\t\t<div class=\"elementor-element elementor-element-57622440 e-con-full e-flex e-con e-parent\" data-id=\"57622440\" data-element_type=\"container\" data-e-type=\"container\">\n\t\t\t\t<div class=\"elementor-element elementor-element-1f0eac0 elementor-widget elementor-widget-text-editor\" data-id=\"1f0eac0\" data-element_type=\"widget\" data-e-type=\"widget\" data-widget_type=\"text-editor.default\">\n\t\t\t\t<div class=\"elementor-widget-container\">\n\t\t\t\t\t\t\t\t\t<p><em>Depois de ter come\u00e7ado muito jovem a trabalhar em restaurantes em Roma, at\u00e9 abrir a sua pr\u00f3pria pizzaria em 1999, Domenico Sancamillo, pizzaiolo romano de &#8220;Il Mondo della Pizza&#8221; em Bellegra, continuou a crescer sem parar.<\/em><\/p>\t\t\t\t\t\t\t\t<\/div>\n\t\t\t\t<\/div>\n\t\t\t\t<div class=\"elementor-element elementor-element-70100751 elementor-widget elementor-widget-image\" data-id=\"70100751\" data-element_type=\"widget\" data-e-type=\"widget\" data-widget_type=\"image.default\">\n\t\t\t\t<div class=\"elementor-widget-container\">\n\t\t\t\t\t\t\t\t\t\t\t\t\t\t\t<img fetchpriority=\"high\" decoding=\"async\" width=\"800\" height=\"534\" src=\"https:\/\/pizzastories.le5stagioni.com\/wp-content\/uploads\/2025\/07\/immagine_ridimensionata-1024x683.png\" class=\"attachment-large size-large wp-image-6083\" alt=\"\" srcset=\"https:\/\/pizzastories.le5stagioni.com\/wp-content\/uploads\/2025\/07\/immagine_ridimensionata-1024x683.png 1024w, https:\/\/pizzastories.le5stagioni.com\/wp-content\/uploads\/2025\/07\/immagine_ridimensionata-800x533.png 800w, https:\/\/pizzastories.le5stagioni.com\/wp-content\/uploads\/2025\/07\/immagine_ridimensionata-768x512.png 768w, https:\/\/pizzastories.le5stagioni.com\/wp-content\/uploads\/2025\/07\/immagine_ridimensionata.png 1152w\" sizes=\"(max-width: 800px) 100vw, 800px\" \/>\t\t\t\t\t\t\t\t\t\t\t\t\t\t\t<\/div>\n\t\t\t\t<\/div>\n\t\t\t\t<\/div>\n\t\t<div class=\"elementor-element elementor-element-1d1f34ed e-flex e-con-boxed e-con e-parent\" data-id=\"1d1f34ed\" data-element_type=\"container\" data-e-type=\"container\">\n\t\t\t\t\t<div class=\"e-con-inner\">\n\t\t\t\t<div class=\"elementor-element elementor-element-6dfbeca0 elementor-widget elementor-widget-text-editor\" data-id=\"6dfbeca0\" data-element_type=\"widget\" data-e-type=\"widget\" data-widget_type=\"text-editor.default\">\n\t\t\t\t<div class=\"elementor-widget-container\">\n\t\t\t\t\t\t\t\t\t<p>Movido pela paix\u00e3o pela arte branca e pelo desejo de se envolver, sempre com o apoio da sua esposa, constantemente ao seu lado. Depois de se ter distinguido no ano passado, conquistando o primeiro lugar na categoria &#8220;Pizza in teglia&#8221; no Campeonato Mundial de Pizza em Parma &#8211; que marcou um momento importante no seu percurso, mas certamente n\u00e3o um ponto de chegada &#8211; continua agora a oferecer uma pizza que conta a hist\u00f3ria do territ\u00f3rio, feita com ingredientes cuidadosamente escolhidos e uma vis\u00e3o virada para a sustentabilidade. <\/p><p><strong>Domenico, o que mudou desde a tua vit\u00f3ria no ano passado? Sentiste o peso das novas expectativas dos clientes? Fala-me das mudan\u00e7as e de como correu o campeonato deste ano.  <br><\/strong>Muitas coisas mudaram desde a vit\u00f3ria do ano passado. A que me deixa mais satisfeito \u00e9 o feedback dos meus clientes &#8211; antigos e novos &#8211; que, com as suas palavras am\u00e1veis, me fazem trabalhar com mais serenidade. Entrar no Palaverdi em Parma e ler o meu nome, pelo segundo ano consecutivo, \u00e9 sempre uma grande emo\u00e7\u00e3o. Este ano concorri noutra categoria, a Pizza in pala, apesar de j\u00e1 n\u00e3o a fazer h\u00e1 anos. Apresentei uma massa com 90 por cento de farinha superior 00, 10 por cento de farinha de espelta e uma hidrata\u00e7\u00e3o de cerca de 80 por cento. A piza que apresentei foi &#8220;La mia terra&#8221;, com creme de ab\u00f3bora de produ\u00e7\u00e3o pr\u00f3pria, cogumelos porcini e pontas de espargos selvagens colhidos por mim; com os talos, fizemos o creme, barriga de porco preto do talho Roberto Cetrone, scamorza de b\u00fafala, bolachas de parmes\u00e3o de vaca vermelha e flocos de tomate, feitos com o tomate a ferver e utilizando a pele.     <\/p>\t\t\t\t\t\t\t\t<\/div>\n\t\t\t\t<\/div>\n\t\t\t\t\t<\/div>\n\t\t\t\t<\/div>\n\t\t<div class=\"elementor-element elementor-element-1f48c89b e-flex e-con-boxed e-con e-parent\" data-id=\"1f48c89b\" data-element_type=\"container\" data-e-type=\"container\">\n\t\t\t\t\t<div class=\"e-con-inner\">\n\t\t\t\t<div class=\"elementor-element elementor-element-4f7d19c8 elementor-widget elementor-widget-image\" data-id=\"4f7d19c8\" data-element_type=\"widget\" data-e-type=\"widget\" data-widget_type=\"image.default\">\n\t\t\t\t<div class=\"elementor-widget-container\">\n\t\t\t\t\t\t\t\t\t\t\t\t\t\t\t<img decoding=\"async\" width=\"768\" height=\"512\" src=\"https:\/\/pizzastories.le5stagioni.com\/wp-content\/uploads\/2025\/07\/immagine_ridimensionata_3_migliorata-768x512.png\" class=\"attachment-medium_large size-medium_large wp-image-6095\" alt=\"\" srcset=\"https:\/\/pizzastories.le5stagioni.com\/wp-content\/uploads\/2025\/07\/immagine_ridimensionata_3_migliorata-768x512.png 768w, https:\/\/pizzastories.le5stagioni.com\/wp-content\/uploads\/2025\/07\/immagine_ridimensionata_3_migliorata-800x533.png 800w, https:\/\/pizzastories.le5stagioni.com\/wp-content\/uploads\/2025\/07\/immagine_ridimensionata_3_migliorata-1024x683.png 1024w, https:\/\/pizzastories.le5stagioni.com\/wp-content\/uploads\/2025\/07\/immagine_ridimensionata_3_migliorata.png 1152w\" sizes=\"(max-width: 768px) 100vw, 768px\" \/>\t\t\t\t\t\t\t\t\t\t\t\t\t\t\t<\/div>\n\t\t\t\t<\/div>\n\t\t\t\t\t<\/div>\n\t\t\t\t<\/div>\n\t\t<div class=\"elementor-element elementor-element-2c3e6791 e-flex e-con-boxed e-con e-parent\" data-id=\"2c3e6791\" data-element_type=\"container\" data-e-type=\"container\">\n\t\t\t\t\t<div class=\"e-con-inner\">\n\t\t\t\t<div class=\"elementor-element elementor-element-5931633 elementor-widget elementor-widget-text-editor\" data-id=\"5931633\" data-element_type=\"widget\" data-e-type=\"widget\" data-widget_type=\"text-editor.default\">\n\t\t\t\t<div class=\"elementor-widget-container\">\n\t\t\t\t\t\t\t\t\t<p><strong>O que significa &#8220;sustentabilidade&#8221; para ti? Fizeste escolhas espec\u00edficas em termos de ingredientes, gest\u00e3o, rela\u00e7\u00f5es? <\/strong><\/p><p>Desde h\u00e1 alguns anos que fizemos uma escolha, a de trazer \u00fanica e exclusivamente produtos do nosso territ\u00f3rio para o nosso restaurante: obtemos muitos dos nossos produtos do meu campo.<br>Mat\u00e9rias-primas como courgettes, beringelas, flores de courgette, tomates cereja, ab\u00f3bora amarela, batatas, br\u00f3colos, nabi\u00e7as e muitas outras variedades. \u00c9 claro que valorizamos o territ\u00f3rio, escolhendo empresas locais para outros produtos, como o queijo e os enchidos. \u00c9 uma escolha sincera, que me enche de orgulho. As minhas pizzas s\u00e3o todas feitas com produtos das nossas quintas, que est\u00e3o perto de mim e, como te disse, a maior parte dos produtos vem da minha horta, cuidada pelo meu pai.   <\/p><p><strong>Existe um gesto, um valor ou um princ\u00edpio que hoje, na tua opini\u00e3o, n\u00e3o pode faltar numa pizzaria que quer realmente falar do futuro?<\/strong><\/p><p>Na minha pizzaria, quase instintivamente, n\u00e3o quero nem posso perder uma hist\u00f3ria que fala atrav\u00e9s da pizza de tradi\u00e7\u00e3o, sazonalidade, com especial aten\u00e7\u00e3o \u00e0 escolha e utiliza\u00e7\u00e3o &#8220;sustent\u00e1vel&#8221; do produto. Isto significa que, muitas vezes, utilizo o meu engenho para reutilizar totalmente a mat\u00e9ria-prima, frequentemente com receitas recicladas que utilizam 100% das coberturas <\/p><p><strong>Diz-me, Domenico, qual \u00e9 a tua pizza preferida hoje e qual me deixarias provar em compara\u00e7\u00e3o com a do ano passado?<\/strong><\/p><p>Este ano a minha piza preferida \u00e9 &#8220;Os sabores e os aromas do meu territ\u00f3rio&#8221;. Uma massa simples com farinha 00, uma percentagem de tipo 2, guarnecida com chouri\u00e7o de porco preto cortado \u00e0 faca, cogumelos porcini de Bellegra, banha de porco preto do talho de Roberto Cetrone, uma scamorza de b\u00fafalo, o tipo e os cristais de tomate da minha horta e uma bela trufa branca. <\/p><p> <\/p>\t\t\t\t\t\t\t\t<\/div>\n\t\t\t\t<\/div>\n\t\t\t\t\t<\/div>\n\t\t\t\t<\/div>\n\t\t<div class=\"elementor-element elementor-element-41656f2a e-flex e-con-boxed e-con e-parent\" data-id=\"41656f2a\" data-element_type=\"container\" data-e-type=\"container\">\n\t\t\t\t\t<div class=\"e-con-inner\">\n\t\t\t\t\t<\/div>\n\t\t\t\t<\/div>\n\t\t<div class=\"elementor-element elementor-element-5d7865d5 e-flex e-con-boxed e-con e-parent\" data-id=\"5d7865d5\" data-element_type=\"container\" data-e-type=\"container\">\n\t\t\t\t\t<div class=\"e-con-inner\">\n\t\t\t\t\t<\/div>\n\t\t\t\t<\/div>\n\t\t\t\t<\/div>\n\t\t","protected":false},"excerpt":{"rendered":"<p>Depois de ter come\u00e7ado muito jovem a trabalhar em restaurantes em Roma, at\u00e9 abrir a sua pr\u00f3pria pizzaria em 1999, Domenico Sancamillo, pizzaiolo romano de &#8220;Il Mondo della Pizza&#8221; em Bellegra, continuou a crescer sem parar.<\/p>\n","protected":false},"author":3,"featured_media":6083,"comment_status":"closed","ping_status":"closed","sticky":false,"template":"","format":"standard","meta":{"_acf_changed":false,"footnotes":""},"categories":[176],"tags":[],"class_list":["post-6103","post","type-post","status-publish","format-standard","has-post-thumbnail","hentry","category-descoberta"],"acf":[],"yoast_head":"<!-- This site is optimized with the Yoast SEO plugin v27.5 - https:\/\/yoast.com\/product\/yoast-seo-wordpress\/ -->\n<title>Para al\u00e9m da capital: o mundo das pizzas de Domenico Sancamillo - Pizza Stories<\/title>\n<meta name=\"description\" content=\"Desde 1999, Domenico Sancamillo, pizzaiolo romano e propriet\u00e1rio de &quot;Il Mondo della Pizza&quot; em Bellegra, n\u00e3o p\u00e1ra de crescer.\" \/>\n<meta name=\"robots\" content=\"index, follow, max-snippet:-1, max-image-preview:large, max-video-preview:-1\" \/>\n<link rel=\"canonical\" href=\"https:\/\/pizzastories.le5stagioni.com\/pt-br\/descoberta\/para-alem-da-capital-o-mundo-das-pizzas-de-domenico-sancamillo\/\" \/>\n<meta property=\"og:locale\" content=\"pt_BR\" \/>\n<meta property=\"og:type\" content=\"article\" \/>\n<meta property=\"og:title\" content=\"Para al\u00e9m da capital: o mundo das pizzas de Domenico Sancamillo - Pizza Stories\" \/>\n<meta property=\"og:description\" content=\"Desde 1999, Domenico Sancamillo, pizzaiolo romano e propriet\u00e1rio de &quot;Il Mondo della Pizza&quot; em Bellegra, n\u00e3o p\u00e1ra de crescer.\" \/>\n<meta property=\"og:url\" content=\"https:\/\/pizzastories.le5stagioni.com\/pt-br\/descoberta\/para-alem-da-capital-o-mundo-das-pizzas-de-domenico-sancamillo\/\" \/>\n<meta property=\"og:site_name\" content=\"Pizza Stories\" \/>\n<meta property=\"article:published_time\" content=\"2025-07-01T09:13:51+00:00\" \/>\n<meta property=\"article:modified_time\" content=\"2025-07-02T10:28:00+00:00\" \/>\n<meta property=\"og:image\" content=\"https:\/\/pizzastories.le5stagioni.com\/wp-content\/uploads\/2025\/07\/immagine_ridimensionata.png\" \/>\n\t<meta property=\"og:image:width\" content=\"1152\" \/>\n\t<meta property=\"og:image:height\" content=\"768\" \/>\n\t<meta property=\"og:image:type\" content=\"image\/png\" \/>\n<meta name=\"author\" content=\"Giovanni\" \/>\n<meta name=\"twitter:card\" content=\"summary_large_image\" \/>\n<meta name=\"twitter:label1\" content=\"Escrito por\" \/>\n\t<meta name=\"twitter:data1\" content=\"Giovanni\" \/>\n\t<meta name=\"twitter:label2\" content=\"Est. tempo de leitura\" \/>\n\t<meta name=\"twitter:data2\" content=\"3 minutos\" \/>\n<script type=\"application\/ld+json\" class=\"yoast-schema-graph\">{\"@context\":\"https:\\\/\\\/schema.org\",\"@graph\":[{\"@type\":\"Article\",\"@id\":\"https:\\\/\\\/pizzastories.le5stagioni.com\\\/pt-br\\\/descoberta\\\/para-alem-da-capital-o-mundo-das-pizzas-de-domenico-sancamillo\\\/#article\",\"isPartOf\":{\"@id\":\"https:\\\/\\\/pizzastories.le5stagioni.com\\\/pt-br\\\/descoberta\\\/para-alem-da-capital-o-mundo-das-pizzas-de-domenico-sancamillo\\\/\"},\"author\":{\"name\":\"Giovanni\",\"@id\":\"https:\\\/\\\/pizzastories.le5stagioni.com\\\/pt-br\\\/#\\\/schema\\\/person\\\/0d424ca2391dc26a6473ca01cc351137\"},\"headline\":\"Para al\u00e9m da capital: o mundo das pizzas de Domenico Sancamillo\",\"datePublished\":\"2025-07-01T09:13:51+00:00\",\"dateModified\":\"2025-07-02T10:28:00+00:00\",\"mainEntityOfPage\":{\"@id\":\"https:\\\/\\\/pizzastories.le5stagioni.com\\\/pt-br\\\/descoberta\\\/para-alem-da-capital-o-mundo-das-pizzas-de-domenico-sancamillo\\\/\"},\"wordCount\":646,\"publisher\":{\"@id\":\"https:\\\/\\\/pizzastories.le5stagioni.com\\\/pt-br\\\/#organization\"},\"image\":{\"@id\":\"https:\\\/\\\/pizzastories.le5stagioni.com\\\/pt-br\\\/descoberta\\\/para-alem-da-capital-o-mundo-das-pizzas-de-domenico-sancamillo\\\/#primaryimage\"},\"thumbnailUrl\":\"https:\\\/\\\/pizzastories.le5stagioni.com\\\/wp-content\\\/uploads\\\/2025\\\/07\\\/immagine_ridimensionata.png\",\"articleSection\":[\"descoberta\"],\"inLanguage\":\"pt-BR\"},{\"@type\":\"WebPage\",\"@id\":\"https:\\\/\\\/pizzastories.le5stagioni.com\\\/pt-br\\\/descoberta\\\/para-alem-da-capital-o-mundo-das-pizzas-de-domenico-sancamillo\\\/\",\"url\":\"https:\\\/\\\/pizzastories.le5stagioni.com\\\/pt-br\\\/descoberta\\\/para-alem-da-capital-o-mundo-das-pizzas-de-domenico-sancamillo\\\/\",\"name\":\"Para al\u00e9m da capital: o mundo das pizzas de Domenico Sancamillo - Pizza Stories\",\"isPartOf\":{\"@id\":\"https:\\\/\\\/pizzastories.le5stagioni.com\\\/pt-br\\\/#website\"},\"primaryImageOfPage\":{\"@id\":\"https:\\\/\\\/pizzastories.le5stagioni.com\\\/pt-br\\\/descoberta\\\/para-alem-da-capital-o-mundo-das-pizzas-de-domenico-sancamillo\\\/#primaryimage\"},\"image\":{\"@id\":\"https:\\\/\\\/pizzastories.le5stagioni.com\\\/pt-br\\\/descoberta\\\/para-alem-da-capital-o-mundo-das-pizzas-de-domenico-sancamillo\\\/#primaryimage\"},\"thumbnailUrl\":\"https:\\\/\\\/pizzastories.le5stagioni.com\\\/wp-content\\\/uploads\\\/2025\\\/07\\\/immagine_ridimensionata.png\",\"datePublished\":\"2025-07-01T09:13:51+00:00\",\"dateModified\":\"2025-07-02T10:28:00+00:00\",\"description\":\"Desde 1999, Domenico Sancamillo, pizzaiolo romano e propriet\u00e1rio de \\\"Il Mondo della Pizza\\\" em Bellegra, n\u00e3o p\u00e1ra de crescer.\",\"breadcrumb\":{\"@id\":\"https:\\\/\\\/pizzastories.le5stagioni.com\\\/pt-br\\\/descoberta\\\/para-alem-da-capital-o-mundo-das-pizzas-de-domenico-sancamillo\\\/#breadcrumb\"},\"inLanguage\":\"pt-BR\",\"potentialAction\":[{\"@type\":\"ReadAction\",\"target\":[\"https:\\\/\\\/pizzastories.le5stagioni.com\\\/pt-br\\\/descoberta\\\/para-alem-da-capital-o-mundo-das-pizzas-de-domenico-sancamillo\\\/\"]}]},{\"@type\":\"ImageObject\",\"inLanguage\":\"pt-BR\",\"@id\":\"https:\\\/\\\/pizzastories.le5stagioni.com\\\/pt-br\\\/descoberta\\\/para-alem-da-capital-o-mundo-das-pizzas-de-domenico-sancamillo\\\/#primaryimage\",\"url\":\"https:\\\/\\\/pizzastories.le5stagioni.com\\\/wp-content\\\/uploads\\\/2025\\\/07\\\/immagine_ridimensionata.png\",\"contentUrl\":\"https:\\\/\\\/pizzastories.le5stagioni.com\\\/wp-content\\\/uploads\\\/2025\\\/07\\\/immagine_ridimensionata.png\",\"width\":1152,\"height\":768,\"caption\":\"Domenico Sancamillo pizzeria a Bellegra usa farina Le 5 Stagioni per realizzare pizza in pala pizza in teglia del Molino Agugiaro & Figna\"},{\"@type\":\"BreadcrumbList\",\"@id\":\"https:\\\/\\\/pizzastories.le5stagioni.com\\\/pt-br\\\/descoberta\\\/para-alem-da-capital-o-mundo-das-pizzas-de-domenico-sancamillo\\\/#breadcrumb\",\"itemListElement\":[{\"@type\":\"ListItem\",\"position\":1,\"name\":\"Home\",\"item\":\"https:\\\/\\\/pizzastories.le5stagioni.com\\\/pt-br\\\/\"},{\"@type\":\"ListItem\",\"position\":2,\"name\":\"Para al\u00e9m da capital: o mundo das pizzas de Domenico Sancamillo\"}]},{\"@type\":\"WebSite\",\"@id\":\"https:\\\/\\\/pizzastories.le5stagioni.com\\\/pt-br\\\/#website\",\"url\":\"https:\\\/\\\/pizzastories.le5stagioni.com\\\/pt-br\\\/\",\"name\":\"Pizza Stories\",\"description\":\"La community degli amanti della pizza\",\"publisher\":{\"@id\":\"https:\\\/\\\/pizzastories.le5stagioni.com\\\/pt-br\\\/#organization\"},\"potentialAction\":[{\"@type\":\"SearchAction\",\"target\":{\"@type\":\"EntryPoint\",\"urlTemplate\":\"https:\\\/\\\/pizzastories.le5stagioni.com\\\/pt-br\\\/?s={search_term_string}\"},\"query-input\":{\"@type\":\"PropertyValueSpecification\",\"valueRequired\":true,\"valueName\":\"search_term_string\"}}],\"inLanguage\":\"pt-BR\"},{\"@type\":\"Organization\",\"@id\":\"https:\\\/\\\/pizzastories.le5stagioni.com\\\/pt-br\\\/#organization\",\"name\":\"Pizza Stories\",\"url\":\"https:\\\/\\\/pizzastories.le5stagioni.com\\\/pt-br\\\/\",\"logo\":{\"@type\":\"ImageObject\",\"inLanguage\":\"pt-BR\",\"@id\":\"https:\\\/\\\/pizzastories.le5stagioni.com\\\/pt-br\\\/#\\\/schema\\\/logo\\\/image\\\/\",\"url\":\"https:\\\/\\\/pizzastories.le5stagioni.com\\\/wp-content\\\/uploads\\\/2025\\\/05\\\/cropped-pizza-stories-logo.png\",\"contentUrl\":\"https:\\\/\\\/pizzastories.le5stagioni.com\\\/wp-content\\\/uploads\\\/2025\\\/05\\\/cropped-pizza-stories-logo.png\",\"width\":512,\"height\":512,\"caption\":\"Pizza Stories\"},\"image\":{\"@id\":\"https:\\\/\\\/pizzastories.le5stagioni.com\\\/pt-br\\\/#\\\/schema\\\/logo\\\/image\\\/\"}},{\"@type\":\"Person\",\"@id\":\"https:\\\/\\\/pizzastories.le5stagioni.com\\\/pt-br\\\/#\\\/schema\\\/person\\\/0d424ca2391dc26a6473ca01cc351137\",\"name\":\"Giovanni\",\"image\":{\"@type\":\"ImageObject\",\"inLanguage\":\"pt-BR\",\"@id\":\"https:\\\/\\\/secure.gravatar.com\\\/avatar\\\/e790db86f03a781da86f49749663d3c225e90a6481699e19e0845b59a9a45b2f?s=96&d=mm&r=g\",\"url\":\"https:\\\/\\\/secure.gravatar.com\\\/avatar\\\/e790db86f03a781da86f49749663d3c225e90a6481699e19e0845b59a9a45b2f?s=96&d=mm&r=g\",\"contentUrl\":\"https:\\\/\\\/secure.gravatar.com\\\/avatar\\\/e790db86f03a781da86f49749663d3c225e90a6481699e19e0845b59a9a45b2f?s=96&d=mm&r=g\",\"caption\":\"Giovanni\"},\"url\":\"https:\\\/\\\/pizzastories.le5stagioni.com\\\/pt-br\\\/author\\\/giovanni\\\/\"}]}<\/script>\n<!-- \/ Yoast SEO plugin. -->","yoast_head_json":{"title":"Para al\u00e9m da capital: o mundo das pizzas de Domenico Sancamillo - Pizza Stories","description":"Desde 1999, Domenico Sancamillo, pizzaiolo romano e propriet\u00e1rio de \"Il Mondo della Pizza\" em Bellegra, n\u00e3o p\u00e1ra de crescer.","robots":{"index":"index","follow":"follow","max-snippet":"max-snippet:-1","max-image-preview":"max-image-preview:large","max-video-preview":"max-video-preview:-1"},"canonical":"https:\/\/pizzastories.le5stagioni.com\/pt-br\/descoberta\/para-alem-da-capital-o-mundo-das-pizzas-de-domenico-sancamillo\/","og_locale":"pt_BR","og_type":"article","og_title":"Para al\u00e9m da capital: o mundo das pizzas de Domenico Sancamillo - Pizza Stories","og_description":"Desde 1999, Domenico Sancamillo, pizzaiolo romano e propriet\u00e1rio de \"Il Mondo della Pizza\" em Bellegra, n\u00e3o p\u00e1ra de crescer.","og_url":"https:\/\/pizzastories.le5stagioni.com\/pt-br\/descoberta\/para-alem-da-capital-o-mundo-das-pizzas-de-domenico-sancamillo\/","og_site_name":"Pizza Stories","article_published_time":"2025-07-01T09:13:51+00:00","article_modified_time":"2025-07-02T10:28:00+00:00","og_image":[{"width":1152,"height":768,"url":"https:\/\/pizzastories.le5stagioni.com\/wp-content\/uploads\/2025\/07\/immagine_ridimensionata.png","type":"image\/png"}],"author":"Giovanni","twitter_card":"summary_large_image","twitter_misc":{"Escrito por":"Giovanni","Est. tempo de leitura":"3 minutos"},"schema":{"@context":"https:\/\/schema.org","@graph":[{"@type":"Article","@id":"https:\/\/pizzastories.le5stagioni.com\/pt-br\/descoberta\/para-alem-da-capital-o-mundo-das-pizzas-de-domenico-sancamillo\/#article","isPartOf":{"@id":"https:\/\/pizzastories.le5stagioni.com\/pt-br\/descoberta\/para-alem-da-capital-o-mundo-das-pizzas-de-domenico-sancamillo\/"},"author":{"name":"Giovanni","@id":"https:\/\/pizzastories.le5stagioni.com\/pt-br\/#\/schema\/person\/0d424ca2391dc26a6473ca01cc351137"},"headline":"Para al\u00e9m da capital: o mundo das pizzas de Domenico Sancamillo","datePublished":"2025-07-01T09:13:51+00:00","dateModified":"2025-07-02T10:28:00+00:00","mainEntityOfPage":{"@id":"https:\/\/pizzastories.le5stagioni.com\/pt-br\/descoberta\/para-alem-da-capital-o-mundo-das-pizzas-de-domenico-sancamillo\/"},"wordCount":646,"publisher":{"@id":"https:\/\/pizzastories.le5stagioni.com\/pt-br\/#organization"},"image":{"@id":"https:\/\/pizzastories.le5stagioni.com\/pt-br\/descoberta\/para-alem-da-capital-o-mundo-das-pizzas-de-domenico-sancamillo\/#primaryimage"},"thumbnailUrl":"https:\/\/pizzastories.le5stagioni.com\/wp-content\/uploads\/2025\/07\/immagine_ridimensionata.png","articleSection":["descoberta"],"inLanguage":"pt-BR"},{"@type":"WebPage","@id":"https:\/\/pizzastories.le5stagioni.com\/pt-br\/descoberta\/para-alem-da-capital-o-mundo-das-pizzas-de-domenico-sancamillo\/","url":"https:\/\/pizzastories.le5stagioni.com\/pt-br\/descoberta\/para-alem-da-capital-o-mundo-das-pizzas-de-domenico-sancamillo\/","name":"Para al\u00e9m da capital: o mundo das pizzas de Domenico Sancamillo - Pizza Stories","isPartOf":{"@id":"https:\/\/pizzastories.le5stagioni.com\/pt-br\/#website"},"primaryImageOfPage":{"@id":"https:\/\/pizzastories.le5stagioni.com\/pt-br\/descoberta\/para-alem-da-capital-o-mundo-das-pizzas-de-domenico-sancamillo\/#primaryimage"},"image":{"@id":"https:\/\/pizzastories.le5stagioni.com\/pt-br\/descoberta\/para-alem-da-capital-o-mundo-das-pizzas-de-domenico-sancamillo\/#primaryimage"},"thumbnailUrl":"https:\/\/pizzastories.le5stagioni.com\/wp-content\/uploads\/2025\/07\/immagine_ridimensionata.png","datePublished":"2025-07-01T09:13:51+00:00","dateModified":"2025-07-02T10:28:00+00:00","description":"Desde 1999, Domenico Sancamillo, pizzaiolo romano e propriet\u00e1rio de \"Il Mondo della Pizza\" em Bellegra, n\u00e3o p\u00e1ra de crescer.","breadcrumb":{"@id":"https:\/\/pizzastories.le5stagioni.com\/pt-br\/descoberta\/para-alem-da-capital-o-mundo-das-pizzas-de-domenico-sancamillo\/#breadcrumb"},"inLanguage":"pt-BR","potentialAction":[{"@type":"ReadAction","target":["https:\/\/pizzastories.le5stagioni.com\/pt-br\/descoberta\/para-alem-da-capital-o-mundo-das-pizzas-de-domenico-sancamillo\/"]}]},{"@type":"ImageObject","inLanguage":"pt-BR","@id":"https:\/\/pizzastories.le5stagioni.com\/pt-br\/descoberta\/para-alem-da-capital-o-mundo-das-pizzas-de-domenico-sancamillo\/#primaryimage","url":"https:\/\/pizzastories.le5stagioni.com\/wp-content\/uploads\/2025\/07\/immagine_ridimensionata.png","contentUrl":"https:\/\/pizzastories.le5stagioni.com\/wp-content\/uploads\/2025\/07\/immagine_ridimensionata.png","width":1152,"height":768,"caption":"Domenico Sancamillo pizzeria a Bellegra usa farina Le 5 Stagioni per realizzare pizza in pala pizza in teglia del Molino Agugiaro & Figna"},{"@type":"BreadcrumbList","@id":"https:\/\/pizzastories.le5stagioni.com\/pt-br\/descoberta\/para-alem-da-capital-o-mundo-das-pizzas-de-domenico-sancamillo\/#breadcrumb","itemListElement":[{"@type":"ListItem","position":1,"name":"Home","item":"https:\/\/pizzastories.le5stagioni.com\/pt-br\/"},{"@type":"ListItem","position":2,"name":"Para al\u00e9m da capital: o mundo das pizzas de Domenico Sancamillo"}]},{"@type":"WebSite","@id":"https:\/\/pizzastories.le5stagioni.com\/pt-br\/#website","url":"https:\/\/pizzastories.le5stagioni.com\/pt-br\/","name":"Pizza Stories","description":"La community degli amanti della pizza","publisher":{"@id":"https:\/\/pizzastories.le5stagioni.com\/pt-br\/#organization"},"potentialAction":[{"@type":"SearchAction","target":{"@type":"EntryPoint","urlTemplate":"https:\/\/pizzastories.le5stagioni.com\/pt-br\/?s={search_term_string}"},"query-input":{"@type":"PropertyValueSpecification","valueRequired":true,"valueName":"search_term_string"}}],"inLanguage":"pt-BR"},{"@type":"Organization","@id":"https:\/\/pizzastories.le5stagioni.com\/pt-br\/#organization","name":"Pizza Stories","url":"https:\/\/pizzastories.le5stagioni.com\/pt-br\/","logo":{"@type":"ImageObject","inLanguage":"pt-BR","@id":"https:\/\/pizzastories.le5stagioni.com\/pt-br\/#\/schema\/logo\/image\/","url":"https:\/\/pizzastories.le5stagioni.com\/wp-content\/uploads\/2025\/05\/cropped-pizza-stories-logo.png","contentUrl":"https:\/\/pizzastories.le5stagioni.com\/wp-content\/uploads\/2025\/05\/cropped-pizza-stories-logo.png","width":512,"height":512,"caption":"Pizza Stories"},"image":{"@id":"https:\/\/pizzastories.le5stagioni.com\/pt-br\/#\/schema\/logo\/image\/"}},{"@type":"Person","@id":"https:\/\/pizzastories.le5stagioni.com\/pt-br\/#\/schema\/person\/0d424ca2391dc26a6473ca01cc351137","name":"Giovanni","image":{"@type":"ImageObject","inLanguage":"pt-BR","@id":"https:\/\/secure.gravatar.com\/avatar\/e790db86f03a781da86f49749663d3c225e90a6481699e19e0845b59a9a45b2f?s=96&d=mm&r=g","url":"https:\/\/secure.gravatar.com\/avatar\/e790db86f03a781da86f49749663d3c225e90a6481699e19e0845b59a9a45b2f?s=96&d=mm&r=g","contentUrl":"https:\/\/secure.gravatar.com\/avatar\/e790db86f03a781da86f49749663d3c225e90a6481699e19e0845b59a9a45b2f?s=96&d=mm&r=g","caption":"Giovanni"},"url":"https:\/\/pizzastories.le5stagioni.com\/pt-br\/author\/giovanni\/"}]}},"_links":{"self":[{"href":"https:\/\/pizzastories.le5stagioni.com\/pt-br\/wp-json\/wp\/v2\/posts\/6103","targetHints":{"allow":["GET"]}}],"collection":[{"href":"https:\/\/pizzastories.le5stagioni.com\/pt-br\/wp-json\/wp\/v2\/posts"}],"about":[{"href":"https:\/\/pizzastories.le5stagioni.com\/pt-br\/wp-json\/wp\/v2\/types\/post"}],"author":[{"embeddable":true,"href":"https:\/\/pizzastories.le5stagioni.com\/pt-br\/wp-json\/wp\/v2\/users\/3"}],"replies":[{"embeddable":true,"href":"https:\/\/pizzastories.le5stagioni.com\/pt-br\/wp-json\/wp\/v2\/comments?post=6103"}],"version-history":[{"count":2,"href":"https:\/\/pizzastories.le5stagioni.com\/pt-br\/wp-json\/wp\/v2\/posts\/6103\/revisions"}],"predecessor-version":[{"id":6115,"href":"https:\/\/pizzastories.le5stagioni.com\/pt-br\/wp-json\/wp\/v2\/posts\/6103\/revisions\/6115"}],"wp:featuredmedia":[{"embeddable":true,"href":"https:\/\/pizzastories.le5stagioni.com\/pt-br\/wp-json\/wp\/v2\/media\/6083"}],"wp:attachment":[{"href":"https:\/\/pizzastories.le5stagioni.com\/pt-br\/wp-json\/wp\/v2\/media?parent=6103"}],"wp:term":[{"taxonomy":"category","embeddable":true,"href":"https:\/\/pizzastories.le5stagioni.com\/pt-br\/wp-json\/wp\/v2\/categories?post=6103"},{"taxonomy":"post_tag","embeddable":true,"href":"https:\/\/pizzastories.le5stagioni.com\/pt-br\/wp-json\/wp\/v2\/tags?post=6103"}],"curies":[{"name":"wp","href":"https:\/\/api.w.org\/{rel}","templated":true}]}}